{"id":257651,"date":"2025-11-26T23:46:09","date_gmt":"2025-11-26T23:46:09","guid":{"rendered":"https:\/\/www.europesays.com\/es\/257651\/"},"modified":"2025-11-26T23:46:09","modified_gmt":"2025-11-26T23:46:09","slug":"oficiales-del-ejercito-afirman-haber-tomado-el-poder-en-guinea-bissau","status":"publish","type":"post","link":"https:\/\/www.europesays.com\/es\/257651\/","title":{"rendered":"Oficiales del Ej\u00e9rcito afirman haber tomado el poder en Guinea-Bissau"},"content":{"rendered":"<p>      Reuters<br \/>\n        \u00a0\u2014\u00a0<\/p>\n<p class=\"paragraph inline-placeholder vossi-paragraph\" data-uri=\"es.cms.cnn.com\/_components\/paragraph\/instances\/cmig8x04j000r26qn3o0bhsum@published\" data-editable=\"text\" data-component-name=\"paragraph\" data-article-gutter=\"true\">\n            Un grupo de oficiales del Ej\u00e9rcito anunci\u00f3 este mi\u00e9rcoles que tom\u00f3 el poder en <a href=\"https:\/\/www.cnn.com\/2012\/04\/15\/world\/africa\/guinea-bissau-coup\" rel=\"nofollow noopener\" target=\"_blank\">Guinea-Bissau<\/a> \u2014un pa\u00eds propenso a los golpes de Estado\u2014, en v\u00edsperas del esperado anuncio de los resultados de unas re\u00f1idas elecciones presidenciales.\n    <\/p>\n<p class=\"paragraph inline-placeholder vossi-paragraph\" data-uri=\"es.cms.cnn.com\/_components\/paragraph\/instances\/cmig8z8ew0002356nlv78oc1f@published\" data-editable=\"text\" data-component-name=\"paragraph\" data-article-gutter=\"true\">\n            En un comunicado le\u00eddo en la televisi\u00f3n estatal, los oficiales del Ej\u00e9rcito afirmaron que hab\u00edan destituido al presidente Umaro Sissoco Embalo, suspendido el proceso electoral y cerrado las fronteras, y que impondr\u00edan un toque de queda.\n    <\/p>\n<p class=\"paragraph inline-placeholder vossi-paragraph\" data-uri=\"es.cms.cnn.com\/_components\/paragraph\/instances\/cmig8z8ex0003356nwyta35on@published\" data-editable=\"text\" data-component-name=\"paragraph\" data-article-gutter=\"true\">\n            Los oficiales afirmaron haber formado el \u201cAlto Mando Militar para el Restablecimiento del Orden\u201d y dijeron que estar\u00edan a cargo de la naci\u00f3n de \u00c1frica Occidental hasta nuevo aviso.\n    <\/p>\n<p class=\"paragraph inline-placeholder vossi-paragraph\" data-uri=\"es.cms.cnn.com\/_components\/paragraph\/instances\/cmig8z8ex0004356ngx72y7u5@published\" data-editable=\"text\" data-component-name=\"paragraph\" data-article-gutter=\"true\">\n            Poco antes del anuncio se oyeron disparos cerca de la sede de la comisi\u00f3n electoral, el palacio presidencial y el Ministerio del Interior, seg\u00fan testigos. Los disparos duraron aproximadamente una hora, pero parecieron cesar a las 02:00 pm (9:00 am hora de Miami), seg\u00fan un periodista de Reuters.\n    <\/p>\n<p class=\"paragraph inline-placeholder vossi-paragraph\" data-uri=\"es.cms.cnn.com\/_components\/paragraph\/instances\/cmig8z8ey0006356nj7j3k4e3@published\" data-editable=\"text\" data-component-name=\"paragraph\" data-article-gutter=\"true\">\n            Por el momento no hay informaci\u00f3n sobre posibles v\u00edctimas.\n    <\/p>\n<p class=\"paragraph inline-placeholder vossi-paragraph\" data-uri=\"es.cms.cnn.com\/_components\/paragraph\/instances\/cmig8z8ey0007356ne6x9lgdp@published\" data-editable=\"text\" data-component-name=\"paragraph\" data-article-gutter=\"true\">\n            La comisi\u00f3n electoral deb\u00eda anunciar el jueves los resultados provisionales de las elecciones del domingo, en las que Embalo se enfrent\u00f3 a su principal rival, Fernando Dias.\n    <\/p>\n<p class=\"paragraph inline-placeholder vossi-paragraph\" data-uri=\"es.cms.cnn.com\/_components\/paragraph\/instances\/cmig8z8ey0008356n7ymh8van@published\" data-editable=\"text\" data-component-name=\"paragraph\" data-article-gutter=\"true\">\n            Ambos bandos se adjudicaron la victoria en la primera vuelta.\n    <\/p>\n<p class=\"paragraph inline-placeholder vossi-paragraph\" data-uri=\"es.cms.cnn.com\/_components\/paragraph\/instances\/cmig8z8ey0009356nzjdd1az0@published\" data-editable=\"text\" data-component-name=\"paragraph\" data-article-gutter=\"true\">\n            Embalo buscaba convertirse en el primer presidente en tres d\u00e9cadas en obtener un segundo mandato consecutivo en Guinea-Bissau, una peque\u00f1a naci\u00f3n costera entre Senegal y Guinea.\n    <\/p>\n<p class=\"paragraph inline-placeholder vossi-paragraph\" data-uri=\"es.cms.cnn.com\/_components\/paragraph\/instances\/cmig8z8ey000a356no1rmvr02@published\" data-editable=\"text\" data-component-name=\"paragraph\" data-article-gutter=\"true\">\n            No ha sido posible contactarlo para pedirle comentarios.\n    <\/p>\n<p class=\"paragraph inline-placeholder vossi-paragraph\" data-uri=\"es.cms.cnn.com\/_components\/paragraph\/instances\/cmig8z8ey000b356ny72y6mxt@published\" data-editable=\"text\" data-component-name=\"paragraph\" data-article-gutter=\"true\">\n            Un portavoz de Embalo, Antonio Yaya Seidy, declar\u00f3 a Reuters que hombres armados no identificados atacaron la comisi\u00f3n electoral para impedir el anuncio de los resultados de la votaci\u00f3n.\n    <\/p>\n<p class=\"paragraph inline-placeholder vossi-paragraph\" data-uri=\"es.cms.cnn.com\/_components\/paragraph\/instances\/cmig8z8ey000c356nmtclqyim@published\" data-editable=\"text\" data-component-name=\"paragraph\" data-article-gutter=\"true\">\n            Afirm\u00f3 que los hombres eran seguidores de Dias, sin aportar pruebas. Un portavoz de Dias no respondi\u00f3 a una solicitud de comentarios.\n    <\/p>\n<p class=\"paragraph inline-placeholder vossi-paragraph\" data-uri=\"es.cms.cnn.com\/_components\/paragraph\/instances\/cmig8z8ey000e356nvuw7tl3w@published\" data-editable=\"text\" data-component-name=\"paragraph\" data-article-gutter=\"true\">\n            El ex primer ministro Domingos Simoes Pereira, quien perdi\u00f3 contra Embalo en una disputada segunda vuelta en 2019 y ha apoyado a Dias en estas elecciones, afirm\u00f3 que \u00e9ste no tuvo nada que ver con el incidente.\n    <\/p>\n<p class=\"paragraph inline-placeholder vossi-paragraph\" data-uri=\"es.cms.cnn.com\/_components\/paragraph\/instances\/cmig8z8ey000f356nwawrds8x@published\" data-editable=\"text\" data-component-name=\"paragraph\" data-article-gutter=\"true\">\n            Dias estaba reunido con los observadores electorales cuando \u201calgunas personas irrumpieron en la sala para anunciar que se hab\u00edan producido disparos en el centro de la ciudad\u201d, declar\u00f3 Pereira, quien afirm\u00f3 haber participado en la misma reuni\u00f3n.\n    <\/p>\n<p class=\"paragraph inline-placeholder vossi-paragraph\" data-uri=\"es.cms.cnn.com\/_components\/paragraph\/instances\/cmig8z8ey000g356n6zp3nxie@published\" data-editable=\"text\" data-component-name=\"paragraph\" data-article-gutter=\"true\">\n            Dias estaba a salvo y en Bissau, afirm\u00f3 Pereira.\n    <\/p>\n<p class=\"paragraph inline-placeholder vossi-paragraph\" data-uri=\"es.cms.cnn.com\/_components\/paragraph\/instances\/cmig8z8ey000h356n8p7dgvrg@published\" data-editable=\"text\" data-component-name=\"paragraph\" data-article-gutter=\"true\">\n            Guinea-Bissau se vio sacudida por al menos nueve golpes e intentos de golpe entre 1974, cuando se independiz\u00f3 de Portugal, y 2020, cuando Embalo asumi\u00f3 el cargo.\n    <\/p>\n<p class=\"paragraph inline-placeholder vossi-paragraph\" data-uri=\"es.cms.cnn.com\/_components\/paragraph\/instances\/cmig8z8ey000i356nok4342bp@published\" data-editable=\"text\" data-component-name=\"paragraph\" data-article-gutter=\"true\">\n            Embalo ha afirmado haber sobrevivido a tres intentos de golpe durante su mandato. Sus cr\u00edticos lo han acusado de inventar crisis como excusa para la represi\u00f3n.\n    <\/p>\n","protected":false},"excerpt":{"rendered":"Reuters \u00a0\u2014\u00a0 Un grupo de oficiales del Ej\u00e9rcito anunci\u00f3 este mi\u00e9rcoles que tom\u00f3 el poder en Guinea-Bissau \u2014un&hellip;\n","protected":false},"author":2,"featured_media":257652,"comment_status":"","ping_status":"","sticky":false,"template":"","format":"standard","meta":{"footnotes":""},"categories":[42],"tags":[5404,17,18,13,14,64665,11,61,62,63,64,19,20,9,10,15,16,12,21,22,65,66,67],"class_list":{"0":"post-257651","1":"post","2":"type-post","3":"status-publish","4":"format-standard","5":"has-post-thumbnail","7":"category-internacional","8":"tag-africa","9":"tag-breaking-news","10":"tag-breakingnews","11":"tag-featured-news","12":"tag-featurednews","13":"tag-guinea-bissau","14":"tag-headlines","15":"tag-internacional","16":"tag-international","17":"tag-international-news","18":"tag-internationalnews","19":"tag-latest-news","20":"tag-latestnews","21":"tag-news","22":"tag-noticias","23":"tag-noticias-destacadas","24":"tag-noticiasdestacadas","25":"tag-titulares","26":"tag-ultimas-noticias","27":"tag-ultimasnoticias","28":"tag-world","29":"tag-world-news","30":"tag-worldnews"},"share_on_mastodon":{"url":"https:\/\/pubeurope.com\/@es\/115618669297628414","error":""},"_links":{"self":[{"href":"https:\/\/www.europesays.com\/es\/wp-json\/wp\/v2\/posts\/257651","targetHints":{"allow":["GET"]}}],"collection":[{"href":"https:\/\/www.europesays.com\/es\/wp-json\/wp\/v2\/posts"}],"about":[{"href":"https:\/\/www.europesays.com\/es\/wp-json\/wp\/v2\/types\/post"}],"author":[{"embeddable":true,"href":"https:\/\/www.europesays.com\/es\/wp-json\/wp\/v2\/users\/2"}],"replies":[{"embeddable":true,"href":"https:\/\/www.europesays.com\/es\/wp-json\/wp\/v2\/comments?post=257651"}],"version-history":[{"count":0,"href":"https:\/\/www.europesays.com\/es\/wp-json\/wp\/v2\/posts\/257651\/revisions"}],"wp:featuredmedia":[{"embeddable":true,"href":"https:\/\/www.europesays.com\/es\/wp-json\/wp\/v2\/media\/257652"}],"wp:attachment":[{"href":"https:\/\/www.europesays.com\/es\/wp-json\/wp\/v2\/media?parent=257651"}],"wp:term":[{"taxonomy":"category","embeddable":true,"href":"https:\/\/www.europesays.com\/es\/wp-json\/wp\/v2\/categories?post=257651"},{"taxonomy":"post_tag","embeddable":true,"href":"https:\/\/www.europesays.com\/es\/wp-json\/wp\/v2\/tags?post=257651"}],"curies":[{"name":"wp","href":"https:\/\/api.w.org\/{rel}","templated":true}]}}