{"id":257659,"date":"2025-11-26T23:53:15","date_gmt":"2025-11-26T23:53:15","guid":{"rendered":"https:\/\/www.europesays.com\/es\/257659\/"},"modified":"2025-11-26T23:53:15","modified_gmt":"2025-11-26T23:53:15","slug":"espana-firma-otra-remontada-ante-chequia-y-se-mete-en-semifinales-de-la-copa-davis-rfet-es","status":"publish","type":"post","link":"https:\/\/www.europesays.com\/es\/257659\/","title":{"rendered":"Espa\u00f1a firma otra remontada ante Chequia y se mete en semifinales de la Copa Davis &#8211; rfet.es"},"content":{"rendered":"<ol>\n<li><a href=\"https:\/\/news.google.com\/rss\/articles\/CBMiswFBVV95cUxOZFBfcGo1M3lhVGJIMXE3N1pJZXFnME00cmFnM2MtbnlhZ3M0Um9ueEhUY3ExQTlieG5rTmp1aHZnR3g5VHpNVlkzYVBLUXJORkZvY0tvV3BTLWZ4RXhKTW52Z2RJNWRyY2hhMjJpUUNFQVlndXBrS2ZoNUpxNU1oRXduczc1WXo0cUJtWWYtTVNjYXI5QXU0eVREMGhUZV9yVHVTeFpEenpibW1nS0szUGdPcw?oc=5\" target=\"_blank\" rel=\"nofollow noopener\">Espa\u00f1a firma otra remontada ante Chequia y se mete en semifinales de la Copa Davis<\/a>&nbsp;&nbsp;rfet.es<\/li>\n<li><a href=\"https:\/\/news.google.com\/rss\/articles\/CBMinAFBVV95cUxOMTVkUldLVURZMExIZ0VvZUU0R2Y4WlJGRldqRnBBTWpJQXFIa0ZSMkVvWEdCSUtEbm1CaVFWVlVPSXFLcFJXcGtJUTRvOThDRE94M182YTBwakRnNVlESHpaajNDVzRQUVFSeWw5TEM0R3ZDNGJ0VnJKT3lCQjhILUt0VFVWTGdOY1FaSFozczJfYXM3OHdqTHA5dnPSAbABQVVfeXFMTVk1LUJKVDJ0NmRiNE1YSzZlelR2R2RQenFFbjRRZWFhSlZBN3pZNS1JNGd6SUVwSWtIT1k2bzY4WXlidlJNYlA2aU9taFBHTHJVY0VDWmNOSUlRbHpCdXdMdjFXcEYyTFB6TXZoY0dTVU9CaU9aTTk0UjVOT0E1eFJpVVJFZzdpVXV2MmJ0YzEtc1RDY2c0WnhwZTQydDAtRGg1SHlKZEZMUDg0NUR5eko?oc=5\" target=\"_blank\" rel=\"nofollow noopener\">La Davis de los milagros se queda sin el broche final<\/a>&nbsp;&nbsp;Diario AS<\/li>\n<li><a href=\"https:\/\/news.google.com\/rss\/articles\/CBMi4wFBVV95cUxPSm9UWlBlcU9OLTJsU19mUFlXaGVXVHlPVzNKRnVBeWluY0VCbmExZEdLalBXOG5xZUpya3RORldYTkE3SlFTcmlONnVLZ0ZqV0dqUmlqVWszUFd6RE1MOEY2ZDI5aVBZZGljVW9uLTJkd1NSdXhsemxLWm5mazVZUU5Sa0d0aEdMMXlUdExHdkhiOXRBQWhIdUJfdjFVRFpvb3E2LUIzeHVYOGhvMWs2d3FzWVAteEhKQUxzamluRWFZMnIyR1FKSjB5QzFQb1VlUHNCRHZ4cGZ2N08xdHU1QXB3NA?oc=5\" target=\"_blank\" rel=\"nofollow noopener\">Sufrir, creer, levantarse: Espa\u00f1a se rebela hacia las semifinales | Tenis | Deportes<\/a>&nbsp;&nbsp;EL PA\u00cdS<\/li>\n<li><a href=\"https:\/\/news.google.com\/rss\/articles\/CBMikwFBVV95cUxQZlJrbU9HSTNidE45SkZlMENXOUdDNWlXcVJSOG9tMW9yQmt4ZFVZczFiWlBqOE11bFV1dF9fNlhOTnJ4ZlZZQTM4cHdGUmk0MF9UWEgxQjZFRlZaNDlsLXdBRFNGQ3VISVFRRkVEU3dpQzBwSG0wVEVwMWROR2oxTzBtTTdIQlNJTzQ1SVU0N19EZknSAZMBQVVfeXFMUDdNdHpGNmVfWWVVZEkzUE5iN2QyZ2x2bzE3cElwTk96R1MyTUdsY3BvbXN0bUl0M0x1Q3FIUWNqYXpsREJ1ZkpCTkt0Ylg2RWtNUUtMWGdRM2Fna3lWNDZNUlZwUFNNZ3ZRUVFfRmhtSGxSczkyeVFrbGZWS0t0RURzNGxobEJGRzBaZ0VVcm9NRVNr?oc=5\" target=\"_blank\" rel=\"nofollow noopener\">La gesta de Espa\u00f1a en la Copa Davis, del recuerdo de Marbella al Whatsapp de madrugada de Alcaraz: \u00abCreer es decisivo\u00bb<\/a>&nbsp;&nbsp;El Mundo<\/li>\n<li><a href=\"https:\/\/news.google.com\/rss\/articles\/CBMiwwFBVV95cUxPMUlUbFotQXpQNUhpUzdoc0R1TDhFUXFBRjZKR1pGemU4eWxIYlZ5WWIzQ2ktOWVWdnh3bHdvWWxwanRzV1l0T0VTYXRPT01LOThSNEctQ2FrN19GblJZN0RkZ213bVdxZ29iRTVYd2dnSE5fZ3pJYldLeENnR3YxVG4xYldVSDQ0bXFKY0ZHX2NFYTRic0p3Q0UtRkw0T3NvRWhibmpaOC1tOU1EU2w2OEFTYjFhWldRX2dqcWxFdkNia3c?oc=5\" target=\"_blank\" rel=\"nofollow noopener\">La \u00e9pica, una camilla y Zverev: as\u00ed es la f\u00f3rmula de Espa\u00f1a para \u00abno descartar nada\u00bb en la Davis<\/a>&nbsp;&nbsp;El Confidencial<\/li>\n<\/ol>\n","protected":false},"excerpt":{"rendered":"Espa\u00f1a firma otra remontada ante Chequia y se mete en semifinales de la Copa Davis&nbsp;&nbsp;rfet.es La Davis de&hellip;\n","protected":false},"author":2,"featured_media":257660,"comment_status":"","ping_status":"","sticky":false,"template":"","format":"standard","meta":{"footnotes":""},"categories":[274],"tags":[168,25,24,23,167,327,326],"class_list":{"0":"post-257659","1":"post","2":"type-post","3":"status-publish","4":"format-standard","5":"has-post-thumbnail","7":"category-tenis","8":"tag-deportes","9":"tag-es","10":"tag-espana","11":"tag-spain","12":"tag-sports","13":"tag-tenis","14":"tag-tennis"},"share_on_mastodon":{"url":"https:\/\/pubeurope.com\/@es\/115618696679479477","error":""},"_links":{"self":[{"href":"https:\/\/www.europesays.com\/es\/wp-json\/wp\/v2\/posts\/257659","targetHints":{"allow":["GET"]}}],"collection":[{"href":"https:\/\/www.europesays.com\/es\/wp-json\/wp\/v2\/posts"}],"about":[{"href":"https:\/\/www.europesays.com\/es\/wp-json\/wp\/v2\/types\/post"}],"author":[{"embeddable":true,"href":"https:\/\/www.europesays.com\/es\/wp-json\/wp\/v2\/users\/2"}],"replies":[{"embeddable":true,"href":"https:\/\/www.europesays.com\/es\/wp-json\/wp\/v2\/comments?post=257659"}],"version-history":[{"count":0,"href":"https:\/\/www.europesays.com\/es\/wp-json\/wp\/v2\/posts\/257659\/revisions"}],"wp:featuredmedia":[{"embeddable":true,"href":"https:\/\/www.europesays.com\/es\/wp-json\/wp\/v2\/media\/257660"}],"wp:attachment":[{"href":"https:\/\/www.europesays.com\/es\/wp-json\/wp\/v2\/media?parent=257659"}],"wp:term":[{"taxonomy":"category","embeddable":true,"href":"https:\/\/www.europesays.com\/es\/wp-json\/wp\/v2\/categories?post=257659"},{"taxonomy":"post_tag","embeddable":true,"href":"https:\/\/www.europesays.com\/es\/wp-json\/wp\/v2\/tags?post=257659"}],"curies":[{"name":"wp","href":"https:\/\/api.w.org\/{rel}","templated":true}]}}