{"id":257661,"date":"2025-11-26T23:54:13","date_gmt":"2025-11-26T23:54:13","guid":{"rendered":"https:\/\/www.europesays.com\/es\/257661\/"},"modified":"2025-11-26T23:54:13","modified_gmt":"2025-11-26T23:54:13","slug":"cierra-un-circulo-muy-personal","status":"publish","type":"post","link":"https:\/\/www.europesays.com\/es\/257661\/","title":{"rendered":"\u00abCierra un c\u00edrculo muy personal\u201d"},"content":{"rendered":"<p data-mrf-recirculation=\"Links P\u00e1rrafos\" class=\"ue-c-article__paragraph paragraph ue-c-article--first-letter-highlighted\">El <strong>Museo de la Naturaleza y Arqueolog\u00eda<\/strong> amaneci\u00f3 distinto. Bajo la luz tamizada del patio de los Flamboyanes, Tenerife presentaba algo m\u00e1s que una bicicleta: celebraba un regreso emocional, un c\u00edrculo que se cerraba donde todo empez\u00f3. All\u00ed, <strong>AURUM Bikes y Turismo de Tenerife<\/strong> desvelaron al mundo la <strong>MAGMA Tenerife<\/strong>, una edici\u00f3n exclusiva que convierte la geograf\u00eda de la isla en est\u00e9tica, en narrativa y en identidad.<\/p>\n<p>As\u00ed fue la presentaci\u00f3n de la nueva Aurum de Contador y Basso.<\/p>\n<p data-mrf-recirculation=\"Links P\u00e1rrafos\" class=\"ue-c-article__paragraph paragraph\">Los responsables del Cabildo, con el vicepresidente y consejero de Turismo Lope Afonso al frente, fueron claros desde el primer instante: <strong>\u201ceste lanzamiento no es un acto m\u00e1s del calendario: es la confirmaci\u00f3n de un v\u00ednculo profundo entre nuestra isla y el ciclismo\u201d<\/strong>. Y la frase no parec\u00eda exagerada. Porque, antes que producto, la MAGMA Tenerife es s\u00edmbolo; antes que edici\u00f3n limitada, es carta de amor a un territorio que ha moldeado carreras, sue\u00f1os y amistades.<\/p>\n<p>Contador: \u00abNo tocar\u00eda las grandes: quitar la tercera semana ser\u00eda perder romanticismo\u201dIRAIA CALVO<\/p>\n<p data-mrf-recirculation=\"Links P\u00e1rrafos\" class=\"ue-c-article__paragraph paragraph\">El cuadro de la bicicleta \u2014una gradaci\u00f3n de azules que asciende del oc\u00e9ano al Teide\u2014 parece respirar con la isla. Cada transici\u00f3n de color narra un viaje: del rumor hondo del Atl\u00e1ntico a la aridez luminosa de las cumbres. Las l\u00edneas topogr\u00e1ficas del volc\u00e1n, grabadas sobre la superficie, funcionan como cicatrices de un gigante que ha marcado rutas, entrenamientos y vidas. Una representaci\u00f3n visual del camino hacia las nubes, donde el pedaleo se funde con el paisaje y la monta\u00f1a dictamina el ritmo.<\/p>\n<p data-mrf-recirculation=\"Links P\u00e1rrafos\" class=\"ue-c-article__paragraph paragraph\"><strong>MAGMA Tenerife <\/strong>es origen y destino. Es la s\u00edntesis del esp\u00edritu que llev\u00f3 a Alberto Contador e Iv\u00e1n Basso \u2014dos ciclistas que conocen la isla como se conoce un puerto que te hace mejor\u2014 a imaginar AURUM a\u00f1os atr\u00e1s, mientras buscaban en el Teide la forma perfecta. Aqu\u00ed nacieron sus entrenamientos m\u00e1s exigentes. Aqu\u00ed comprendieron que el ciclismo es tambi\u00e9n geograf\u00eda. Y aqu\u00ed termin\u00f3 de cuajar la idea de crear una bicicleta que condensara esa experiencia.<\/p>\n<p data-mrf-recirculation=\"Links P\u00e1rrafos\" class=\"ue-c-article__paragraph paragraph\">Por eso, Contador habl\u00f3 con la naturalidad de quien vuelve a una casa conocida:\u00a0\u201cTenerife siempre ha sido un lugar especial. Pas\u00e9 semanas enteras forjando mis mejores golpes de pedal en el Teide. Que AURUM surgiera de esas jornadas hace que esta bicicleta cierre un c\u00edrculo muy personal\u201d.<\/p>\n<p>Aurum y Tenerife, una mezcla perfecta para el Origen<\/p>\n<p data-mrf-recirculation=\"Links P\u00e1rrafos\" class=\"ue-c-article__paragraph paragraph\">Basso, a su lado, asent\u00eda:\u00a0\u201c<strong>La isla forma parte de nuestra historia. Volver con esta MAGMA Tenerife es rendir homenaje a un territorio que nos dio inspiraci\u00f3n y forma. Es m\u00e1s que una edici\u00f3n especial: es nuestro agradecimiento\u201d.<\/strong><\/p>\n<p data-mrf-recirculation=\"Links P\u00e1rrafos\" class=\"ue-c-article__paragraph paragraph\">Tambi\u00e9n lo vio as\u00ed la consejera delegada de Turismo de Tenerife, Dimple Melwani, que situ\u00f3 a la isla como un escenario perfecto para el ciclismo moderno: altitud, clima, carretera y ese punto de exigencia que obliga a mirar hacia dentro. \u201cTenerife no solo te entrena: despierta tu pasi\u00f3n\u201d, resumi\u00f3.<\/p>\n<p>Mirando al futuro<\/p>\n<p data-mrf-recirculation=\"Links P\u00e1rrafos\" class=\"ue-c-article__paragraph paragraph\">El evento reuni\u00f3 a una amplia representaci\u00f3n del ciclismo insular, responsables del <strong>Cabildo como Jos\u00e9 Carlos Acha y Yolanda Molin\u00e9, y miembros de Ideco,<\/strong> adem\u00e1s de periodistas nacionales e internacionales. Un acto sobrio, elegante y cargado de simbolismo: el mismo que sostiene la trayectoria de las dos figuras que firman la bicicleta.<\/p>\n<p data-mrf-recirculation=\"Links P\u00e1rrafos\" class=\"ue-c-article__paragraph paragraph\">Contador, \u00fanico espa\u00f1ol capaz de conquistar <strong>Tour, Giro y Vuelta, y Basso,<\/strong> doble ganador del Giro, cerraron juntos un nuevo cap\u00edtulo de su proyecto. Un proyecto que, como la isla que lo vio nacer, sigue elev\u00e1ndose desde su propia magma.<\/p>\n","protected":false},"excerpt":{"rendered":"El Museo de la Naturaleza y Arqueolog\u00eda amaneci\u00f3 distinto. Bajo la luz tamizada del patio de los Flamboyanes,&hellip;\n","protected":false},"author":2,"featured_media":257662,"comment_status":"","ping_status":"","sticky":false,"template":"","format":"standard","meta":{"footnotes":""},"categories":[273],"tags":[313,312,168,25,24,23,167],"class_list":{"0":"post-257661","1":"post","2":"type-post","3":"status-publish","4":"format-standard","5":"has-post-thumbnail","7":"category-ciclismo","8":"tag-ciclismo","9":"tag-cycling","10":"tag-deportes","11":"tag-es","12":"tag-espana","13":"tag-spain","14":"tag-sports"},"share_on_mastodon":{"url":"https:\/\/pubeurope.com\/@es\/115618700613082053","error":""},"_links":{"self":[{"href":"https:\/\/www.europesays.com\/es\/wp-json\/wp\/v2\/posts\/257661","targetHints":{"allow":["GET"]}}],"collection":[{"href":"https:\/\/www.europesays.com\/es\/wp-json\/wp\/v2\/posts"}],"about":[{"href":"https:\/\/www.europesays.com\/es\/wp-json\/wp\/v2\/types\/post"}],"author":[{"embeddable":true,"href":"https:\/\/www.europesays.com\/es\/wp-json\/wp\/v2\/users\/2"}],"replies":[{"embeddable":true,"href":"https:\/\/www.europesays.com\/es\/wp-json\/wp\/v2\/comments?post=257661"}],"version-history":[{"count":0,"href":"https:\/\/www.europesays.com\/es\/wp-json\/wp\/v2\/posts\/257661\/revisions"}],"wp:featuredmedia":[{"embeddable":true,"href":"https:\/\/www.europesays.com\/es\/wp-json\/wp\/v2\/media\/257662"}],"wp:attachment":[{"href":"https:\/\/www.europesays.com\/es\/wp-json\/wp\/v2\/media?parent=257661"}],"wp:term":[{"taxonomy":"category","embeddable":true,"href":"https:\/\/www.europesays.com\/es\/wp-json\/wp\/v2\/categories?post=257661"},{"taxonomy":"post_tag","embeddable":true,"href":"https:\/\/www.europesays.com\/es\/wp-json\/wp\/v2\/tags?post=257661"}],"curies":[{"name":"wp","href":"https:\/\/api.w.org\/{rel}","templated":true}]}}