{"id":257667,"date":"2025-11-26T23:58:09","date_gmt":"2025-11-26T23:58:09","guid":{"rendered":"https:\/\/www.europesays.com\/es\/257667\/"},"modified":"2025-11-26T23:58:09","modified_gmt":"2025-11-26T23:58:09","slug":"el-emocionante-reencuentro-de-las-hijas-de-pepa-flores-marisol","status":"publish","type":"post","link":"https:\/\/www.europesays.com\/es\/257667\/","title":{"rendered":"El emocionante reencuentro de las hijas de Pepa Flores, Marisol"},"content":{"rendered":"<p id=\"e9f3fXt9EO\" data-wc=\"107\">Mar\u00eda, Tamara y Celia Esteve son las tres hijas que tuvo la pareja formada por <a class=\"hm-link ho-link\" href=\"https:\/\/www.hola.com\/actualidad\/20241231738663\/pepa-flores-reaparece-cumple-hija-maria-esteve\/\" data-mrf-recirculation=\"article-body-link\" rel=\"nofollow noopener\" target=\"_blank\">Pepa Flores (Marisol)<\/a> y Antonio Gades, un matrimonio que dur\u00f3 desde 1982 hasta el a\u00f1o 1986. Las hermanas Esteve Flores se han reencontrado en el d\u00eda que el bailar\u00edn habr\u00eda cumplido 89 a\u00f1os. Las tres han vivido momentos de mucha emoci\u00f3n en el Teatro del Bosque, de M\u00f3stoles, en Madrid, donde la\u00a0Compa\u00f1\u00eda Antonio Gades ha interpretado &#8216;Carmen&#8217;. El core\u00f3grafo fallec\u00eda en el a\u00f1o 2004, dejando un amplio legado art\u00edstico, del que sus hijas no pueden sentirse m\u00e1s orgullosas. \u00bfQuieres ver las im\u00e1genes del encuentro entre hermanas? \u00a1No te pierdas el v\u00eddeo!<\/p>\n","protected":false},"excerpt":{"rendered":"Mar\u00eda, Tamara y Celia Esteve son las tres hijas que tuvo la pareja formada por Pepa Flores (Marisol)&hellip;\n","protected":false},"author":2,"featured_media":257668,"comment_status":"","ping_status":"","sticky":false,"template":"","format":"standard","meta":{"footnotes":""},"categories":[174],"tags":[517,255,146,147,25,24,256,932,64667,64666,23],"class_list":{"0":"post-257667","1":"post","2":"type-post","3":"status-publish","4":"format-standard","5":"has-post-thumbnail","7":"category-famosos","8":"tag-actualidad","9":"tag-celebrities","10":"tag-entertainment","11":"tag-entretenimiento","12":"tag-es","13":"tag-espana","14":"tag-famosos","15":"tag-hijos-de-famosos","16":"tag-maria-esteve","17":"tag-pepa-flores","18":"tag-spain"},"share_on_mastodon":{"url":"https:\/\/pubeurope.com\/@es\/115618716488180380","error":""},"_links":{"self":[{"href":"https:\/\/www.europesays.com\/es\/wp-json\/wp\/v2\/posts\/257667","targetHints":{"allow":["GET"]}}],"collection":[{"href":"https:\/\/www.europesays.com\/es\/wp-json\/wp\/v2\/posts"}],"about":[{"href":"https:\/\/www.europesays.com\/es\/wp-json\/wp\/v2\/types\/post"}],"author":[{"embeddable":true,"href":"https:\/\/www.europesays.com\/es\/wp-json\/wp\/v2\/users\/2"}],"replies":[{"embeddable":true,"href":"https:\/\/www.europesays.com\/es\/wp-json\/wp\/v2\/comments?post=257667"}],"version-history":[{"count":0,"href":"https:\/\/www.europesays.com\/es\/wp-json\/wp\/v2\/posts\/257667\/revisions"}],"wp:featuredmedia":[{"embeddable":true,"href":"https:\/\/www.europesays.com\/es\/wp-json\/wp\/v2\/media\/257668"}],"wp:attachment":[{"href":"https:\/\/www.europesays.com\/es\/wp-json\/wp\/v2\/media?parent=257667"}],"wp:term":[{"taxonomy":"category","embeddable":true,"href":"https:\/\/www.europesays.com\/es\/wp-json\/wp\/v2\/categories?post=257667"},{"taxonomy":"post_tag","embeddable":true,"href":"https:\/\/www.europesays.com\/es\/wp-json\/wp\/v2\/tags?post=257667"}],"curies":[{"name":"wp","href":"https:\/\/api.w.org\/{rel}","templated":true}]}}