{"id":257689,"date":"2025-11-27T00:16:11","date_gmt":"2025-11-27T00:16:11","guid":{"rendered":"https:\/\/www.europesays.com\/es\/257689\/"},"modified":"2025-11-27T00:16:11","modified_gmt":"2025-11-27T00:16:11","slug":"la-hazana-de-la-copa-davis-tiene-premio-para-espana","status":"publish","type":"post","link":"https:\/\/www.europesays.com\/es\/257689\/","title":{"rendered":"La haza\u00f1a de la Copa Davis tiene premio para Espa\u00f1a"},"content":{"rendered":"<p>Tras rozar el t\u00edtulo de la Copa Davis, la selecci\u00f3n espa\u00f1ola ha dado un paso de gigante, saltando desde el 10\u00ba puesto del ranking mundial al 3\u00ba, coloc\u00e1ndose como una de las referencias de la competici\u00f3n <\/p>\n<p class=\"parrafo\"><strong>El tenis espa\u00f1ol roz\u00f3 una haza\u00f1a de proporciones b\u00edblicas la pasada semana en la final a 8 de la Copa Davis de Bolonia<\/strong>. El equipo de David Ferrer estaba encuadrado en la parte m\u00e1s dura del cuadro, frente a la Rep\u00fablica Checa en cuartos de final y Alemania en semifinales, <strong>las dos grandes favoritas al triunfo<\/strong>, pero a\u00fan as\u00ed dieron la campanada y pisaron la gran final. Sin embargo, en el partido por el t\u00edtulo se encontraron a <strong>una Italia inconmensurable que les pas\u00f3 por encima<\/strong> y <a href=\"https:\/\/www.estadiodeportivo.com\/tenis\/heroe-italia-copa-davis-amenaza-atp-objetivo-entrar-top-20251125-521573.html\" target=\"_blank\" class=\"intext-link\" rel=\"nofollow noopener\">al final termin\u00f3 ganando por 2 a 0<\/a>. No obstante, el resultado fue <a href=\"https:\/\/www.estadiodeportivo.com\/tenis\/todas-las-reacciones-espana-tras-perder-final-copa-davis-20251124-521398.html\" target=\"_blank\" class=\"intext-link\" rel=\"nofollow noopener\">una gran satisfacci\u00f3n para el bloque patrio<\/a>, que <strong>sin Carlos Alcaraz ten\u00eda unas pretensiones mucho menores<\/strong>.<\/p>\n<p class=\"parrafo\">Una vez que el n\u00famero 1 del mundo se dio de baja por culpa de la lesi\u00f3n en el isquiotibial que sufri\u00f3 en la final de las ATP Finals ante Jannik Sinner, <strong>el bloque que formaban Jaume Munar, Pedro Mart\u00ednez, Marcel Granollers y Pablo Carre\u00f1o se lanz\u00f3 a la \u00e9pica<\/strong> y por muy poco no escribi\u00f3 su nombre en los libros de historia. Sin embargo, este resultado s\u00ed que ha servido para algo, pues de nuevo ha posicionado a Espa\u00f1a como <strong>una de las grandes potencias<\/strong> del tenis mundial.<\/p>\n<p><img decoding=\"async\" src=\"https:\/\/www.europesays.com\/es\/wp-content\/uploads\/2025\/11\/7de6c84b-64c4-48f9-9272-371c105a1e09_800x533.jpeg\" loading=\"lazy\"\/><\/p>\n<p class=\"parrafo\">En concreto como la tercera del ranking por pa\u00edses. As\u00ed el equipo nacional asciende <strong>en este 2025 un total de siete puestos, pasando del n\u00famero 10 al n\u00famero 3<\/strong>, la mejor clasificaci\u00f3n del equipo en dos a\u00f1os. Tras el varapalo de 2024 en el que, en M\u00e1laga, se perdi\u00f3 en cuartos de final, esto lo cambia todo, colocando de nuevo a la \u2018Armada\u2019 donde se merece, pese a que <strong>a\u00fan falta para volver al primer puesto<\/strong>, donde hace no mucho tiempo si que se pod\u00eda apreciar la bandera rojigualda.<\/p>\n<p><a class=\"elementos-rel-t2\" href=\"https:\/\/www.estadiodeportivo.com\/tenis\/tenis-gana-peso-organigrama-del-deporte-espanol-20251126-521699.html\" title=\"El tenis gana peso en el organigrama del deporte espa\u00f1ol\" rel=\"nofollow noopener\" target=\"_blank\">El tenis gana peso en el organigrama del deporte espa\u00f1ol<img decoding=\"async\" src=\"https:\/\/www.europesays.com\/es\/wp-content\/uploads\/2025\/11\/d9a77744-fa92-4489-8341-4ffe260bce33_320x180.jpeg\" alt=\"El tenis gana peso en el organigrama del deporte espa\u00f1ol\"\/><\/a><a class=\"elementos-rel-t2\" href=\"https:\/\/www.estadiodeportivo.com\/tenis\/heroe-italia-copa-davis-amenaza-atp-objetivo-entrar-top-20251125-521573.html\" title=\"El h\u00e9roe de Italia en la Copa Davis ya amenaza en la ATP: &quot;Mi objetivo es entrar en el top 10&quot;\" rel=\"nofollow noopener\" target=\"_blank\">El h\u00e9roe de Italia en la Copa Davis ya amenaza en la ATP: \u00abMi objetivo es entrar en el top 10\u00bb<img decoding=\"async\" src=\"https:\/\/www.europesays.com\/es\/wp-content\/uploads\/2025\/11\/d8d120ac-fb05-4979-9529-233bce4f45d3_320x180.jpeg\" alt=\"El h\u00e9roe de Italia en la Copa Davis ya amenaza en la ATP: &quot;Mi objetivo es entrar en el top 10&quot;\"\/><\/a><a class=\"elementos-rel-t2\" href=\"https:\/\/www.estadiodeportivo.com\/tenis\/copa-davis-pronuncia-tras-ocurrido-con-carlos-alcaraz-sinner-las-finales-bolonia-20251124-521414.html\" title=\"La Copa Davis se pronuncia tras lo ocurrido con Carlos Alcaraz y Sinner en las Finales de Bolonia\" rel=\"nofollow noopener\" target=\"_blank\">La Copa Davis se pronuncia tras lo ocurrido con Carlos Alcaraz y Sinner en las Finales de Bolonia<img decoding=\"async\" src=\"https:\/\/www.europesays.com\/es\/wp-content\/uploads\/2025\/11\/7a5507a0-3b22-4e10-9f52-28f609cf35d5_320x180.jpeg\" alt=\"La Copa Davis se pronuncia tras lo ocurrido con Carlos Alcaraz y Sinner en las Finales de Bolonia\"\/><\/a>Un nuevo intento <\/p>\n<p class=\"parrafo\">Al final de esta temporada <strong>Italia queda como primera, seguida de Espa\u00f1a, segunda, y Alemania, tercera<\/strong>. Del cuarto al d\u00e9cimo puesto aparecen Australia, B\u00e9lgica, Pa\u00edses Bajos, Estados Unidos, Francia, Canad\u00e1, con Argentina y Rep\u00fablica Checa igualados en el puesto 10. Por eso mismo los nuestros ser\u00e1n uno de los grandes candidatos a la edici\u00f3n de 2026. Por lo pronto<strong> al ser finalistas se han librado de la primera fase y entrar\u00e1n directamente en la segunda<\/strong>, la previa a la final a 8, en la que se jugar\u00e1n la plaza ante el ganador del duelo entre <strong>Chile y Serbia<\/strong>, donde los balc\u00e1nicos, en el puesto 15 del ranking, son los favoritos.<\/p>\n","protected":false},"excerpt":{"rendered":"Tras rozar el t\u00edtulo de la Copa Davis, la selecci\u00f3n espa\u00f1ola ha dado un paso de gigante, saltando&hellip;\n","protected":false},"author":2,"featured_media":257690,"comment_status":"","ping_status":"","sticky":false,"template":"","format":"standard","meta":{"footnotes":""},"categories":[274],"tags":[13877,168,25,24,284,23,167,327,326],"class_list":{"0":"post-257689","1":"post","2":"type-post","3":"status-publish","4":"format-standard","5":"has-post-thumbnail","7":"category-tenis","8":"tag-copa-davis","9":"tag-deportes","10":"tag-es","11":"tag-espana","12":"tag-estadio-deportivo","13":"tag-spain","14":"tag-sports","15":"tag-tenis","16":"tag-tennis"},"share_on_mastodon":{"url":"https:\/\/pubeurope.com\/@es\/115618787549093023","error":""},"_links":{"self":[{"href":"https:\/\/www.europesays.com\/es\/wp-json\/wp\/v2\/posts\/257689","targetHints":{"allow":["GET"]}}],"collection":[{"href":"https:\/\/www.europesays.com\/es\/wp-json\/wp\/v2\/posts"}],"about":[{"href":"https:\/\/www.europesays.com\/es\/wp-json\/wp\/v2\/types\/post"}],"author":[{"embeddable":true,"href":"https:\/\/www.europesays.com\/es\/wp-json\/wp\/v2\/users\/2"}],"replies":[{"embeddable":true,"href":"https:\/\/www.europesays.com\/es\/wp-json\/wp\/v2\/comments?post=257689"}],"version-history":[{"count":0,"href":"https:\/\/www.europesays.com\/es\/wp-json\/wp\/v2\/posts\/257689\/revisions"}],"wp:featuredmedia":[{"embeddable":true,"href":"https:\/\/www.europesays.com\/es\/wp-json\/wp\/v2\/media\/257690"}],"wp:attachment":[{"href":"https:\/\/www.europesays.com\/es\/wp-json\/wp\/v2\/media?parent=257689"}],"wp:term":[{"taxonomy":"category","embeddable":true,"href":"https:\/\/www.europesays.com\/es\/wp-json\/wp\/v2\/categories?post=257689"},{"taxonomy":"post_tag","embeddable":true,"href":"https:\/\/www.europesays.com\/es\/wp-json\/wp\/v2\/tags?post=257689"}],"curies":[{"name":"wp","href":"https:\/\/api.w.org\/{rel}","templated":true}]}}