{"id":257695,"date":"2025-11-27T00:20:11","date_gmt":"2025-11-27T00:20:11","guid":{"rendered":"https:\/\/www.europesays.com\/es\/257695\/"},"modified":"2025-11-27T00:20:11","modified_gmt":"2025-11-27T00:20:11","slug":"me-quedo-con-la-respuesta-a-lo-que-planteamos","status":"publish","type":"post","link":"https:\/\/www.europesays.com\/es\/257695\/","title":{"rendered":"Me quedo con la respuesta a lo que planteamos"},"content":{"rendered":"<p data-mrf-recirculation=\"Links P\u00e1rrafos\" class=\"ue-c-article__paragraph paragraph ue-c-article--first-letter-highlighted\">Diego Pablo <strong>Simeone <\/strong>compareci\u00f3 en sala de prensa tras el triunfo del <strong>Atl\u00e9tico <\/strong>ante el Inter. Los rojiblancos se llevaron el partido en el minuto 93 con un gran cabezazo de Gim\u00e9nez y el t\u00e9cnico argentino se mostr\u00f3 feliz con la victoria de los suyos.<\/p>\n<p data-mrf-recirculation=\"Links P\u00e1rrafos\" class=\"ue-c-article__paragraph paragraph\"><strong>El plan de partido:<\/strong> \u00abMe quedo con el trabajo colectivo, con el plan, con la respuesta a lo que planteamos. Apareci\u00f3 el gol haci\u00e9ndoles da\u00f1o por los costados, ellos juegan muy bien, son de los mejores de la Champions, pero necesit\u00e1bamos piernas para salir. En el segundo tiempo, con el 1-1 sent\u00ed el momento de cambiar lo que estaba pasando con las alternativas que estaban esperando para entrar y su entrada nos permiti\u00f3 jugar en campo rival aunque cuidando sus transiciones r\u00e1pidas, recuerdo la que saca Nico. Pero estuvimos en campo rival, aparecieron m\u00e1s corners y por suerte lleg\u00f3 el golazo de Gim\u00e9nez. Muy contento por c\u00f3mo siguieron el plan\u00bb.<\/p>\n<p data-mrf-recirculation=\"Links P\u00e1rrafos\" class=\"ue-c-article__paragraph paragraph\"><strong>Gim\u00e9nez: <\/strong>\u00abEs important\u00edsimo para nosotros, uno de nuestros capitanes, lo necesitamos de esta manera. Nos transmite lo que otros en otras posiciones y tenerlo lo mejor posible para que nos siga dando lo que nos da\u00bb.<\/p>\n<p data-mrf-recirculation=\"Links P\u00e1rrafos\" class=\"ue-c-article__paragraph paragraph\"><strong>Victoria coral: <\/strong>\u00abPor eso me quedo con el grupo, con el equipo y con el entendimiento de a qu\u00e9 jugamos. En la primera parte jugamos a una cosa, y en la segunda a otra, para jugar a otra. Por suerte atravesamos las dos partes de la mejor manera y lleg\u00f3 ese gol de Gim\u00e9nez\u00bb.<\/p>\n<p data-mrf-recirculation=\"Links P\u00e1rrafos\" class=\"ue-c-article__paragraph paragraph\"><strong>Top 8:<\/strong> \u00abEstamos pensando en el Oviedo\u00bb.<\/p>\n<p data-mrf-recirculation=\"Links P\u00e1rrafos\" class=\"ue-c-article__paragraph paragraph\"><strong>Pubill y Cardoso:<\/strong> \u00abMe quiero detener en Johnny, que hace tiempo que no juega por su lesi\u00f3n. Est\u00e1 entrenando mejor y como lo est\u00e1 haciendo, por eso jug\u00f3. Est\u00e1 m\u00e1s cerca de lo que el equipo necesita. El otro d\u00eda fue Raspadori, hoy Musso, Connor siempre entra dispuesto a ayudar&#8230; No nos podemos permitir perder a nadie, nosotros como cuerpo t\u00e9cnico y ellos como futbolistas\u00bb.<\/p>\n<p data-mrf-recirculation=\"Links P\u00e1rrafos\" class=\"ue-c-article__paragraph paragraph\"><strong>Gol a bal\u00f3n parado:<\/strong> \u00abEst\u00e1 claro, lo hemos trabajado, tenemos buenos golpeadores y buenos cabeceadores y es importante para cualquiera que quiera ganar cosas. Estamos trabajando en ello\u00bb.<\/p>\n<p data-mrf-recirculation=\"Links P\u00e1rrafos\" class=\"ue-c-article__paragraph paragraph\"><strong>Atl\u00e9tico, candidato:<\/strong> \u00abNo nos olvidamos del partido a partido, queremos evolucionar porque tenemos mucho margen de mejora y no hay otro pensamiento\u00bb.<\/p>\n<p data-mrf-recirculation=\"Links P\u00e1rrafos\" class=\"ue-c-article__paragraph paragraph\"><strong>Qu\u00e9 le dijo a Gim\u00e9nez:<\/strong> \u00ab\u00a1Qu\u00e9 golazo! Es trabajador, es un luchador y lo necesitamos\u00bb<\/p>\n<p>Simeone, en Movistar: \u00abGim\u00e9nez hizo un golazo\u00bb<\/p>\n<p data-mrf-recirculation=\"Links P\u00e1rrafos\" class=\"ue-c-article__paragraph paragraph\"><strong>An\u00e1lisis del partido:<\/strong> \u00abTen\u00edamos un plan y era jugar un partido largo, de mucho trabajo en el inicio, como se vio, con mucha gente para recuperar y aprovechar un contragolpe. En el segundo tiempo, apostar por la gente que ten\u00edamos esperando para que nos diera el empuje final como apareci\u00f3. Cerramos un partido dur\u00edsimo, supimos sostener el momento de m\u00e1s dificultad, donde ellos dominaron la posesi\u00f3n, pero pasaron los minutos y se soltaron los jugadores y el encuentro fue diferente al que hab\u00eda empezado\u00bb.<\/p>\n<p data-mrf-recirculation=\"Links P\u00e1rrafos\" class=\"ue-c-article__paragraph paragraph\"><strong>Cambios ofensivos:<\/strong> \u00abEl plan en mi cabeza era esperar en la primera parte del juego donde ellos son muy buenos y tratar de robar para poder salir a la contra y para eso necesitamos jugadores con esas caracter\u00edsticas en el primer tiempo. En el segundo, a apostar a lo que ten\u00eda en mente para resolver. Tuvimos suerte, Gim\u00e9nez hizo un golazo y nos llevamos una victoria muy necesaria\u00bb.<\/p>\n<p data-mrf-recirculation=\"Links P\u00e1rrafos\" class=\"ue-c-article__paragraph paragraph\"><strong>El gol: <\/strong>\u00abTiene un timing muy bueno. Necesit\u00e1bamos un gol de este estilo porque siempre que hace un gol un central se ve lindo. Este gol nos da fe para seguir trabajando y confiando, para creer en lo que tenemos, que es muy bueno\u00bb.<\/p>\n<p data-mrf-recirculation=\"Links P\u00e1rrafos\" class=\"ue-c-article__paragraph paragraph\"><strong>Entrar en el Top 8:<\/strong> \u00abAhora pensamos en el Oviedo\u00bb.<\/p>\n","protected":false},"excerpt":{"rendered":"Diego Pablo Simeone compareci\u00f3 en sala de prensa tras el triunfo del Atl\u00e9tico ante el Inter. Los rojiblancos&hellip;\n","protected":false},"author":2,"featured_media":257696,"comment_status":"","ping_status":"","sticky":false,"template":"","format":"standard","meta":{"footnotes":""},"categories":[268],"tags":[168,25,24,280,282,281,23,167],"class_list":{"0":"post-257695","1":"post","2":"type-post","3":"status-publish","4":"format-standard","5":"has-post-thumbnail","7":"category-futbol","8":"tag-deportes","9":"tag-es","10":"tag-espana","11":"tag-football","12":"tag-futbol","13":"tag-soccer","14":"tag-spain","15":"tag-sports"},"share_on_mastodon":{"url":"https:\/\/pubeurope.com\/@es\/115618802971832076","error":""},"_links":{"self":[{"href":"https:\/\/www.europesays.com\/es\/wp-json\/wp\/v2\/posts\/257695","targetHints":{"allow":["GET"]}}],"collection":[{"href":"https:\/\/www.europesays.com\/es\/wp-json\/wp\/v2\/posts"}],"about":[{"href":"https:\/\/www.europesays.com\/es\/wp-json\/wp\/v2\/types\/post"}],"author":[{"embeddable":true,"href":"https:\/\/www.europesays.com\/es\/wp-json\/wp\/v2\/users\/2"}],"replies":[{"embeddable":true,"href":"https:\/\/www.europesays.com\/es\/wp-json\/wp\/v2\/comments?post=257695"}],"version-history":[{"count":0,"href":"https:\/\/www.europesays.com\/es\/wp-json\/wp\/v2\/posts\/257695\/revisions"}],"wp:featuredmedia":[{"embeddable":true,"href":"https:\/\/www.europesays.com\/es\/wp-json\/wp\/v2\/media\/257696"}],"wp:attachment":[{"href":"https:\/\/www.europesays.com\/es\/wp-json\/wp\/v2\/media?parent=257695"}],"wp:term":[{"taxonomy":"category","embeddable":true,"href":"https:\/\/www.europesays.com\/es\/wp-json\/wp\/v2\/categories?post=257695"},{"taxonomy":"post_tag","embeddable":true,"href":"https:\/\/www.europesays.com\/es\/wp-json\/wp\/v2\/tags?post=257695"}],"curies":[{"name":"wp","href":"https:\/\/api.w.org\/{rel}","templated":true}]}}