{"id":257713,"date":"2025-11-27T00:33:26","date_gmt":"2025-11-27T00:33:26","guid":{"rendered":"https:\/\/www.europesays.com\/es\/257713\/"},"modified":"2025-11-27T00:33:26","modified_gmt":"2025-11-27T00:33:26","slug":"cabezuelo-reune-a-casi-600-hermanos-de-la-macarena-en-el-acto-de-fin-de-campana","status":"publish","type":"post","link":"https:\/\/www.europesays.com\/es\/257713\/","title":{"rendered":"Cabezuelo re\u00fane a casi 600 hermanos de la Macarena en el acto de fin de campa\u00f1a"},"content":{"rendered":"<p style=\"\"><strong>La candidatura de Fernando Fern\u00e1ndez Cabezuelo<\/strong>, que optar\u00e1 este pr\u00f3ximo domingo a convertirse en el nuevo hermano mayor de la hermandad de la Macarena, <strong>ha celebrado este martes el acto final de campa\u00f1a en los salones del Real C\u00edrculo de Labradores<\/strong> del barrio  &#8230; de los Remedios, con una asistencia de alrededor 600 hermanos.<\/p>\n<p class=\"voc-p\" style=\"\"><strong>El candidato ha tenido la oportunidad de incidir en su proyecto<\/strong> -marcado por la recuperaci\u00f3n de la excelencia y por poner a sus hermanos macarenos en el centro de la vida de hermandad-, <strong>adem\u00e1s de recordarles a los presentes que el pr\u00f3ximo domingo es un d\u00eda verdaderamente importante para comenzar esa nueva etapa<\/strong> que tantos macarenos demandan. \u00abQue nadie dude que nuestra candidatura es la \u00fanica de las tres que puede asegurar el cambio de rumbo hacia la hermandad que tantos verdaderamente queremos\u00bb, afirm\u00f3 Fern\u00e1ndez Cabezuelo.<\/p>\n<p class=\"voc-p\" style=\"\"><strong>Tambi\u00e9n se present\u00f3 a cada uno de los miembros de esta candidatura<\/strong>, que expusieron sus deseos e intenciones, y subieron al atril para mostrar su total apoyo a Cabezuelo dos reconocidos macarenos como son la pintora Nuria Barrera o el abogado Luismi Mart\u00edn Rubio.<\/p>\n<p class=\"voc-p\" style=\"\">Por otro lado, <strong>era presentado el v\u00eddeo promocional de la candidatura de Fernando Fern\u00e1ndez Cabezuelo<\/strong> y que lleva por t\u00edtulo \u00ab<strong>La hermandad que Lola quiere\u00bb.<\/strong> Es la historia de Lola -una reconocida macarena, muy ligada a la hermandad tanto personal, como familiarmente- El v\u00eddeo, guionizado y dirigido por el comunicador Mois\u00e9s Ruz, con la producci\u00f3n t\u00e9cnica de Directo Producciones -con Sergio Maya al frente- <strong>nos narra el deseo de Lola de \u00abvolver a ser lo que fuimos\u00bb,<\/strong> recuperando aquel <strong>\u00absabor a barrio cada ma\u00f1ana de Viernes Santo\u00bb<\/strong> y con una vida intensa de hermandad formada y protagonizada por todos los hermanos macarenos. Ofrece una visi\u00f3n distinta a lo acostumbrado en este tipo de campa\u00f1as, <strong>con un trabajo audiovisual  a cargo de David Berdugo y Jes\u00fas Ruiz,<\/strong> que nos ofrece esa calidez hogare\u00f1a de la que es la propia casa de Lola, que termina encontr\u00e1ndose con Fernando Fern\u00e1ndez Cabezuelo bajo el Arco de la Macarena. Adem\u00e1s,<strong> cabe destacar como principal novedad la introducci\u00f3n de la IA<\/strong> para \u00abdar vida\u00bb audiovisualmente hablando a una serie de fotograf\u00edas antiguas de la hermandad de la Macarena. La m\u00fasica, tambi\u00e9n in\u00e9dita, es una adaptaci\u00f3n musical realizada por el compositor David Hurtado sobre su marcha procesional &#8216;Como T\u00fa Ninguna&#8217;.<\/p>\n","protected":false},"excerpt":{"rendered":"La candidatura de Fernando Fern\u00e1ndez Cabezuelo, que optar\u00e1 este pr\u00f3ximo domingo a convertirse en el nuevo hermano mayor&hellip;\n","protected":false},"author":2,"featured_media":257714,"comment_status":"","ping_status":"","sticky":false,"template":"","format":"standard","meta":{"footnotes":""},"categories":[8],"tags":[38579,10357,17,18,64674,658,25,24,13,14,772,11,9215,19,20,60,9,10,15,16,4984,23,12,21,22],"class_list":{"0":"post-257713","1":"post","2":"type-post","3":"status-publish","4":"format-standard","5":"has-post-thumbnail","7":"category-espana","8":"tag-38579","9":"tag-acto","10":"tag-breaking-news","11":"tag-breakingnews","12":"tag-cabezuelo","13":"tag-campana","14":"tag-es","15":"tag-espana","16":"tag-featured-news","17":"tag-featurednews","18":"tag-fin","19":"tag-headlines","20":"tag-hermanos","21":"tag-latest-news","22":"tag-latestnews","23":"tag-macarena","24":"tag-news","25":"tag-noticias","26":"tag-noticias-destacadas","27":"tag-noticiasdestacadas","28":"tag-reune","29":"tag-spain","30":"tag-titulares","31":"tag-ultimas-noticias","32":"tag-ultimasnoticias"},"share_on_mastodon":{"url":"https:\/\/pubeurope.com\/@es\/115618854133599324","error":""},"_links":{"self":[{"href":"https:\/\/www.europesays.com\/es\/wp-json\/wp\/v2\/posts\/257713","targetHints":{"allow":["GET"]}}],"collection":[{"href":"https:\/\/www.europesays.com\/es\/wp-json\/wp\/v2\/posts"}],"about":[{"href":"https:\/\/www.europesays.com\/es\/wp-json\/wp\/v2\/types\/post"}],"author":[{"embeddable":true,"href":"https:\/\/www.europesays.com\/es\/wp-json\/wp\/v2\/users\/2"}],"replies":[{"embeddable":true,"href":"https:\/\/www.europesays.com\/es\/wp-json\/wp\/v2\/comments?post=257713"}],"version-history":[{"count":0,"href":"https:\/\/www.europesays.com\/es\/wp-json\/wp\/v2\/posts\/257713\/revisions"}],"wp:featuredmedia":[{"embeddable":true,"href":"https:\/\/www.europesays.com\/es\/wp-json\/wp\/v2\/media\/257714"}],"wp:attachment":[{"href":"https:\/\/www.europesays.com\/es\/wp-json\/wp\/v2\/media?parent=257713"}],"wp:term":[{"taxonomy":"category","embeddable":true,"href":"https:\/\/www.europesays.com\/es\/wp-json\/wp\/v2\/categories?post=257713"},{"taxonomy":"post_tag","embeddable":true,"href":"https:\/\/www.europesays.com\/es\/wp-json\/wp\/v2\/tags?post=257713"}],"curies":[{"name":"wp","href":"https:\/\/api.w.org\/{rel}","templated":true}]}}