{"id":257715,"date":"2025-11-27T00:34:22","date_gmt":"2025-11-27T00:34:22","guid":{"rendered":"https:\/\/www.europesays.com\/es\/257715\/"},"modified":"2025-11-27T00:34:22","modified_gmt":"2025-11-27T00:34:22","slug":"el-juez-peinado-expulsa-a-manos-limpias-de-la-causa-de-begona-gomez-2","status":"publish","type":"post","link":"https:\/\/www.europesays.com\/es\/257715\/","title":{"rendered":"El juez Peinado expulsa a Manos Limpias de la causa de Bego\u00f1a G\u00f3mez"},"content":{"rendered":"<p>Madrid (EFE).- El juez Juan Carlos Peinado ha expulsado de la causa que investiga a Bego\u00f1a G\u00f3mez, esposa del presidente del Gobierno, Pedro S\u00e1nchez, al autodenominado sindicato Manos Limpias, que fue la parte que dio origen al procedimiento al presentar una denuncia basada en recortes de prensa.<\/p>\n<p>Fuentes jur\u00eddicas han confirmado a EFE este mi\u00e9rcoles la noticia, adelantada por la SER, de que Peinado, titular del Juzgado de Instrucci\u00f3n n\u00famero 41 de Madrid, ha decidido sacar del procedimiento a Manos Limpias por no haber entregado el justificante del pago de la fianza que el instructor impuso para ser acusaci\u00f3n popular a las partes que as\u00ed figuran.<\/p>\n<p>\u00abLas decisiones responden a fines de naturaleza pol\u00edtica\u00bb<\/p>\n<p>De hecho, <a href=\"https:\/\/efe.com\/espana\/2025-11-24\/abogado-manos-limpias-caso-begona-gomez-fines-politicos\/\" rel=\"nofollow noopener\" target=\"_blank\">el juez tom\u00f3 esta decisi\u00f3n el pasado d\u00eda 24, el mismo d\u00eda en que el abogado Carlos Perales<\/a> comunic\u00f3 v\u00eda burofax su renuncia a seguir representando a Manos Limpias al apreciar que las decisiones de esa asociaci\u00f3n responden a \u00abfines de naturaleza pol\u00edtica\u00bb.<\/p>\n<p>El letrado asegur\u00f3 en un escrito que el planteamiento de Manos Limpias es \u00abincompatible\u00bb con los principios de su despacho, dado que \u00abha ido transform\u00e1ndose de manera paulatina en un asunto cuya exposici\u00f3n y tratamiento exceden del marco jur\u00eddico para situarse en el terreno de la controversia pol\u00edtica y medi\u00e1tica\u00bb.<\/p>\n<p>A su juicio, las decisiones estrat\u00e9gicas del procedimiento \u00abya no se inspiran prioritariamente en la l\u00f3gica procesal ni en la solidez de los argumentos jur\u00eddicos, sino que responden, en buena medida, a consideraciones de oportunidad pol\u00edtica, impacto en la opini\u00f3n p\u00fablica o posicionamiento ideol\u00f3gico\u00bb.<\/p>\n<p>Esa deriva \u00abresulta incompatible con la praxis que rige el ejercicio de la abogac\u00eda, fundada en la independencia, el rigor t\u00e9cnico y la estricta sujeci\u00f3n a criterios jur\u00eddicos objetivos\u00bb, a\u00f1adi\u00f3 el letrado, quien record\u00f3 que el C\u00f3digo Deontol\u00f3gico de la Abogac\u00eda Espa\u00f1ola impone al letrado el deber de actuar con plena independencia, preservando la funci\u00f3n social de la Abogac\u00eda frente a presiones o intereses ajenos al proceso.<\/p>\n","protected":false},"excerpt":{"rendered":"Madrid (EFE).- El juez Juan Carlos Peinado ha expulsado de la causa que investiga a Bego\u00f1a G\u00f3mez, esposa&hellip;\n","protected":false},"author":2,"featured_media":257716,"comment_status":"","ping_status":"","sticky":false,"template":"","format":"standard","meta":{"footnotes":""},"categories":[5],"tags":[17,18,25,24,13,14,11,2128,19,20,9,10,15,16,23,12,21,22],"class_list":{"0":"post-257715","1":"post","2":"type-post","3":"status-publish","4":"format-standard","5":"has-post-thumbnail","7":"category-titulares","8":"tag-breaking-news","9":"tag-breakingnews","10":"tag-es","11":"tag-espana","12":"tag-featured-news","13":"tag-featurednews","14":"tag-headlines","15":"tag-juicios","16":"tag-latest-news","17":"tag-latestnews","18":"tag-news","19":"tag-noticias","20":"tag-noticias-destacadas","21":"tag-noticiasdestacadas","22":"tag-spain","23":"tag-titulares","24":"tag-ultimas-noticias","25":"tag-ultimasnoticias"},"share_on_mastodon":{"url":"https:\/\/pubeurope.com\/@es\/115618857814934922","error":""},"_links":{"self":[{"href":"https:\/\/www.europesays.com\/es\/wp-json\/wp\/v2\/posts\/257715","targetHints":{"allow":["GET"]}}],"collection":[{"href":"https:\/\/www.europesays.com\/es\/wp-json\/wp\/v2\/posts"}],"about":[{"href":"https:\/\/www.europesays.com\/es\/wp-json\/wp\/v2\/types\/post"}],"author":[{"embeddable":true,"href":"https:\/\/www.europesays.com\/es\/wp-json\/wp\/v2\/users\/2"}],"replies":[{"embeddable":true,"href":"https:\/\/www.europesays.com\/es\/wp-json\/wp\/v2\/comments?post=257715"}],"version-history":[{"count":0,"href":"https:\/\/www.europesays.com\/es\/wp-json\/wp\/v2\/posts\/257715\/revisions"}],"wp:featuredmedia":[{"embeddable":true,"href":"https:\/\/www.europesays.com\/es\/wp-json\/wp\/v2\/media\/257716"}],"wp:attachment":[{"href":"https:\/\/www.europesays.com\/es\/wp-json\/wp\/v2\/media?parent=257715"}],"wp:term":[{"taxonomy":"category","embeddable":true,"href":"https:\/\/www.europesays.com\/es\/wp-json\/wp\/v2\/categories?post=257715"},{"taxonomy":"post_tag","embeddable":true,"href":"https:\/\/www.europesays.com\/es\/wp-json\/wp\/v2\/tags?post=257715"}],"curies":[{"name":"wp","href":"https:\/\/api.w.org\/{rel}","templated":true}]}}