{"id":257718,"date":"2025-11-27T00:40:18","date_gmt":"2025-11-27T00:40:18","guid":{"rendered":"https:\/\/www.europesays.com\/es\/257718\/"},"modified":"2025-11-27T00:40:18","modified_gmt":"2025-11-27T00:40:18","slug":"la-uci-permite-las-ruedas-de-32-en-la-temporada-2026-de-xco-de-momento","status":"publish","type":"post","link":"https:\/\/www.europesays.com\/es\/257718\/","title":{"rendered":"La UCI permite las ruedas de 32\u00bb en la temporada 2026 de XCO&#8230; de momento"},"content":{"rendered":"<p>Recientemente hemos visto varios art\u00edculos en prensa que <strong>dan por hecho la llegada de las ruedas de 32\u201d a la Copa del Mundo de XCO<\/strong> en base a pruebas de prototipos de varias marcas (como BMC, KTM, Stoll, Faction Bike Studio o Bike Ahead)&#8230; am\u00e9n de las Maxxis Aspen que <a href=\"https:\/\/youtu.be\/GbWk5qNHbi4?si=w_ehJJPugHDU3ykl\" rel=\"nofollow noopener\" target=\"_blank\"><strong>ya vimos en Eurobike<\/strong><\/a> y una informaci\u00f3n publicada por los compa\u00f1eros de <a href=\"https:\/\/mbaction.com\/uci-reveals-whether-32-inch-bikes-will-be-allowed-in-xc-races\/\" rel=\"nofollow noopener\" target=\"_blank\"><strong>MB Action<\/strong><\/a> en la que un miembro de la UCI, Fabrice Tiano, afirmaba que se permitir\u00edan en competici\u00f3n.<\/p>\n<p>Desde MTBpro.es hemos hecho tambi\u00e9n nuestros deberes por una doble v\u00eda: lo primero que hemos hecho es repasar el reglamento t\u00e9cnico de la UCI y hay ciertos art\u00edculos que dejan esta decisi\u00f3n en el aire as\u00ed como los prototipos en los que trabajan algunas marcas. Y es que el posible salto a las ruedas de 32 pulgadas en XCO no se basa, todav\u00eda, en una aprobaci\u00f3n formal de la UCI, sino en la <strong>decisi\u00f3n de la federaci\u00f3n de acogerse al concepto de \u00ablaboratorio del ciclismo\u00bb<\/strong>.<\/p>\n<p>Adem\u00e1s, antes de publicar este art\u00edculo, desde la redacci\u00f3n <strong>hemos contactado con la propia UCI<\/strong> y le hemos lanzado varias consultas al respecto, aunque la \u00fanica respuesta que hemos obtenido ha sido un escueto: \u00abThe use of 32\u201d wheels is permitted, however the UCI and the UCI Mountain Bike Commission are closely following the developments of the technology\u00bb. Es decir: \u00abEl uso de ruedas de 32\u201d est\u00e1 permitido, sin embargo, la UCI y la Comisi\u00f3n de Ciclismo de Monta\u00f1a de la UCI siguen de cerca los desarrollos de la tecnolog\u00eda\u00bb.<\/p>\n<p>Por ello en este art\u00edculo lo que hacemos es <strong>analizar la legalidad de este di\u00e1metro seg\u00fan su propio reglamento y los retos de la geometr\u00eda<\/strong> que supone el aumento del di\u00e1metro de las ruedas.<\/p>\n<p>          El Art\u00edculo 1.3.018 del reglamento t\u00e9cnico; el \u201claboratorio del ciclismo\u201d y la legalidad de las 32&#8243;<\/p>\n<p>La introducci\u00f3n de las ruedas de 32 pulgadas en el circuito de la Copa del Mundo de XCO (como vimos con el prototipo de la BMC Fourstroke en los entrenamientos de la prueba de Andorra) ha sido, hasta ahora, <strong>un experimento tolerado en lugar de una innovaci\u00f3n regulada<\/strong>. El debate sobre su legalidad surge de un conflicto entre el reglamento t\u00e9cnico general de la Uni\u00f3n Ciclista Internacional (UCI) y la filosof\u00eda aplicada a la disciplina de MTB.<\/p>\n<p>Sin embargo hay que hablar del <strong>art\u00edculo 1.3.018<\/strong> y su inaplicaci\u00f3n. Para el ciclismo de carretera, pista o ciclocr\u00f3s, la normativa es clara: el art\u00edculo 1.3.018 limita el di\u00e1metro exterior de las ruedas (incluyendo el neum\u00e1tico) a un <strong>m\u00e1ximo de 70 cent\u00edmetros (700 mm) y a un m\u00ednimo de 550 mm<\/strong>. Una rueda de 32 pulgadas, con sus aproximadamente 81,3 cent\u00edmetros de di\u00e1metro, supera ampliamente este l\u00edmite.<\/p>\n<p>La legalidad de este nuevo tama\u00f1o se sustenta en la decisi\u00f3n de la comisi\u00f3n de Mountain Bike de la UCI de no aplicar este art\u00edculo en el XCO. Y es sobre esta exenci\u00f3n sobre la que Fabrice Tiano, director senior de comunicaciones de la UCI a MB Action, declar\u00f3 que <strong>el MTB siempre ha sido considerado el \u00ablaboratorio del ciclismo\u00bb<\/strong> y, por lo tanto, las ruedas de 32 pulgadas no ser\u00e1n prohibidas.<\/p>\n<p>Aqu\u00ed hay que hacer hincapi\u00e9 en el concepto \u201cno ser\u00e1n prohibidas\u201d que no es exactamente lo mismo que decir que \u201cson legales\u201d ya que en cualquier momento se puede limitar esta exenci\u00f3n a la norma general y aplicar el art\u00edculo 1.3.018, lo que tambi\u00e9n dejar\u00eda en el aire a las ruedas de 29\u201d ya que con los neum\u00e1ticos de entre 2,20&#8243; y 2,40&#8243; de bal\u00f3n, el di\u00e1metro total de la rueda (622 mm de aro m\u00e1s dos veces la altura del neum\u00e1tico) supera ampliamente el l\u00edmite. Por ejemplo, una cubierta de 29&#215;2,35&#8243; alcanza f\u00e1cilmente los 74,1 cent\u00edmetros de di\u00e1metro, quedando tambi\u00e9n fuera de la regulaci\u00f3n de los 70 cm.<\/p>\n<p>Este concepto de \u00ablaboratorio\u00bb no es un art\u00edculo del reglamento, sino una <strong>filosof\u00eda interpretativa que hist\u00f3ricamente ha permitido a los fabricantes innovar sin las restricciones de peso o di\u00e1metro impuestas en otras disciplinas<\/strong>. Por lo tanto, las ruedas de 32&#8243; son legales por la ausencia de prohibici\u00f3n, no por una aprobaci\u00f3n formal que contradiga la norma general.<\/p>\n<p>En resumen, siguiendo una filosof\u00eda de innovaci\u00f3n, la comisi\u00f3n de Mountain Bike de la UCI se ha estado acogiendo al concepto \u00abmountain bike as the laboratory of cycling\u00bb para ignorar el estricto l\u00edmite de 70 cm impuesto en el reglamento general. Las 32&#8243; son legales por la <strong>ausencia de prohibici\u00f3n expresa<\/strong>.<\/p>\n<p><img decoding=\"async\" alt=\"La UCI no aprueba las ruedas de 32&quot;, sino que no las proh\u00edbe\" src=\"https:\/\/www.europesays.com\/es\/wp-content\/uploads\/2025\/11\/mtbpro_ruedas_32_uci_3.jpg\" style=\"width: 100%;\"\/><\/p>\n<p>La opci\u00f3n Mullet<\/p>\n<p>Uno de los rumores que ha cobrado m\u00e1s fuerza \u00faltimamente es la de permitir una <strong>opci\u00f3n Mullet<\/strong> (que solucionar\u00eda algunos problemas de tallas y geometr\u00edas que luego veremos) con la rueda delantera de 32\u201d y la trasera de 29\u201d, sin embargo tambi\u00e9n contravendr\u00eda el reglamento UCI, especialmente lo recogido en los <strong>Art\u00edculos 1.3.006 y 4.1.044<\/strong>.<\/p>\n<p>Y es que otro de los obst\u00e1culos que se podr\u00edan encontrar las ruedas de 32\u201d no es s\u00f3lo el tama\u00f1o en s\u00ed, sino la configuraci\u00f3n de las mismas, especialmente en las tallas m\u00e1s peque\u00f1as. Y es que seg\u00fan la <strong>definici\u00f3n de la UCI en el Art\u00edculo 1.3.006<\/strong> la bicicleta es un veh\u00edculo con \u00abdos ruedas de igual di\u00e1metro\u00bb&#8230; \u00abLa bicicleta es un veh\u00edculo con dos ruedas de igual di\u00e1metro. La rueda delantera ser\u00e1 directriz; la rueda trasera ser\u00e1 motriz&#8230;\u00bb.<\/p>\n<p>La UCI ha introducido <strong>enmiendas espec\u00edficas en la Parte IV (Mountain Bike) para flexibilizar esta norma<\/strong> en disciplinas donde la gravedad y la maniobrabilidad en pendientes extremas son prioritarias; es decir, en el enduro y el descenso. De hecho, el Art\u00edculo 4.1.044 establece la excepci\u00f3n cr\u00edtica: \u00abPara eventos de Mountain Bike Downhill (Descenso) y Enduro, en oposici\u00f3n a la regla general definida en el art\u00edculo 1.3.007 [sic, refiri\u00e9ndose al principio de igualdad], las dos ruedas pueden ser de diferente di\u00e1metro\u00bb.<\/p>\n<p>En este caso, la redacci\u00f3n del Art\u00edculo 4.1.044 es <strong>taxativa y exclusiva<\/strong>. Al listar \u00fanicamente el Descenso (DHI) y el Enduro (EDR), la norma excluye impl\u00edcitamente al Cross-Country Ol\u00edmpico (XCO), al Cross-Country Short Track (XCC) y al Marat\u00f3n (XCM) de esta exenci\u00f3n de ruedas \u201cmullet\u201d para una posible configuraci\u00f3n 32\/29\u201d para XCO.<\/p>\n<p>Esta restricci\u00f3n obliga a los ingenieros a <strong>resolver la ecuaci\u00f3n completa de la geometr\u00eda de la bicicleta para dos ruedas de mayor di\u00e1metro<\/strong>, tanto si hablamos de las tallas m\u00e1s peque\u00f1as (en las que ya introducir las 29\u201d fue todo un reto) como si buscamos una geometr\u00eda con vainas m\u00e1s cortas y mayor recorrido en la suspensi\u00f3n trasera. Adem\u00e1s, hasta la fecha, la UCI no ha mostrado indicios de querer modificar esta restricci\u00f3n para el XCO, manteniendo la pureza de la disciplina basada en la eficiencia de pedaleo y la simetr\u00eda del veh\u00edculo.<\/p>\n<p><img decoding=\"async\" alt=\"La UCI no aprueba las ruedas de 32&quot;, sino que no las proh\u00edbe\" src=\"https:\/\/www.europesays.com\/es\/wp-content\/uploads\/2025\/11\/mtbpro_ruedas_32_uci_4.jpg\" style=\"width: 100%;\"\/><\/p>\n<p>Geometr\u00eda para las 32\u201d: el desaf\u00edo<\/p>\n<p>Reglamentaci\u00f3n aparte, la adaptaci\u00f3n de los cuadros de XCO a un di\u00e1metro de rueda tan grande es el otro gran obst\u00e1culo t\u00e9cnico a el que se enfrentan las ruedas de 32\u201d y lo que puede definir si esta innovaci\u00f3n tendr\u00e1 un impacto masivo o quedar\u00e1 relegada a ciclistas de \u00e9lite con estaturas espec\u00edficas. Para ello hay varios puntos que analizar.<\/p>\n<p>El primero es preguntarnos si necesitaremos un cuadro completamente nuevo. Y es que cuando se dio el salto de las 26 a las 29 pulgadas muchos fabricantes comenzaron simplemente alargando las vainas y modificando ligeramente los \u00e1ngulos (y ya lo hemos dicho en otras ocasiones, algunas de las primeras bicis de 29\u201d daban muchos m\u00e1s problemas que las antiguas de 26\u201d); ahora el paso a 32&#8243; exige un redise\u00f1o radical de la geometr\u00eda en el que los ingenieros se enfrentan a tres problemas principales:<\/p>\n<ul>\n<li><strong>Longitud del cuadro y vainas<\/strong>: para que una rueda de 32&#8243; quepa y no roce con el tubo del sill\u00edn en compresi\u00f3n total, las vainas deben ser significativamente m\u00e1s largas. Por ejemplo,de las bicis que hemos visto hasta ahora, el prototipo de Stoll es hasta once cent\u00edmetros m\u00e1s largo en su conjunto que una 29\u201d de caracter\u00edsticas similares, lo que penaliza directamente la agilidad y la capacidad de reacci\u00f3n de la bicicleta, caracter\u00edsticas vitales en los circuitos t\u00e9cnicos y ratoneros de XCO modernos.<\/li>\n<li><strong>Altura del eje de pedalier (bb drop)<\/strong>: una rueda m\u00e1s grande eleva el centro de los ejes y, por lo tanto, el centro de gravedad del ciclista si el pedalier no se baja proporcionalmente. Elevar el centro de gravedad perjudica la estabilidad en curva y la sensaci\u00f3n de ir \u00abdentro\u00bb de la bicicleta. Compensar esta altura en un cuadro de doble suspensi\u00f3n sin sacrificar el recorrido de la misma es extremadamente complejo.<\/li>\n<li><strong>El problema del toe-overlap<\/strong>: este es un riesgo de seguridad cr\u00edtico para ciclistas con estaturas medias o bajas. El mayor di\u00e1metro reduce el espacio libre entre la punta del pie (al pedalear) y la rueda delantera. En giros cerrados, el pie puede contactar con el neum\u00e1tico, lo que provoca ca\u00eddas. Los cuadros deben ser m\u00e1s largos en su reach y front-center para evitar esto, lo que complica a\u00fan m\u00e1s el ajuste para los riders de menor talla.<\/li>\n<\/ul>\n<p>Por ejemplo, el prototipo Big Ben de Faction Bike Studio (una marca canadiense) que vimos en Eurobike, adem\u00e1s de un aspecto m\u00e1s pesado, ten\u00eda dimensiones propias de una bici de enduro (o m\u00e1s grandes) para una bici con un recorrido de suspensiones de 120 mm.<\/p>\n<p><img decoding=\"async\" alt=\"La UCI no aprueba las ruedas de 32&quot;, sino que no las proh\u00edbe\" src=\"https:\/\/www.europesays.com\/es\/wp-content\/uploads\/2025\/11\/mtbpro_ruedas_32_uci_5.jpg\" style=\"width: 100%;\"\/><\/p>\n<p>Inercia, aceleraci\u00f3n, rigidez y peso: ventajas y desventajas<\/p>\n<p>Las 32&#8243; ofrecen <strong>claras ventajas aerodin\u00e1micas y de rodadura<\/strong>. Su mayor di\u00e1metro reduce el \u00e1ngulo de ataque frente a obst\u00e1culos (ra\u00edces o piedras), permitiendo que la bicicleta mantenga la inercia con mayor eficacia; es decir, la bicicleta \u00abpasa por encima\u00bb de los obst\u00e1culos con menor p\u00e9rdida de velocidad.<\/p>\n<p>Sin embargo, <strong>esta misma inercia es su mayor inconveniente<\/strong>. Aunque una vez lanzada la rueda es m\u00e1s estable, el incremento de material en el per\u00edmetro (llanta y neum\u00e1tico) se traduce en una mayor inercia rotacional. Aunque es m\u00e1s estable a alta velocidad, la rueda es notablemente m\u00e1s dif\u00edcil de acelerar, un factor cr\u00edtico en las salidas y sprints explosivos del XCO. Algunos an\u00e1lisis hablan de un aumento de la inercia del 27% respecto a una 29&#8243; de competici\u00f3n, un handicap dif\u00edcil de compensar en las salidas.<\/p>\n<p>Tambi\u00e9n sucede que el <strong>incremento de material en el per\u00edmetro<\/strong> (llanta y neum\u00e1tico) para alcanzar las 32 pulgadas se traduce inevitablemente en una mayor masa est\u00e1tica y, crucialmente, en una mayor inercia rotacional. <a href=\"https:\/\/www.mtbpro.es\/actualidad\/charla-tecnica-la-importancia-de-las-ruedas-en-el-ciclismo\" rel=\"nofollow noopener\" target=\"_blank\"><strong>En este podcast ya hablamos de la importancia del peso y su distribuci\u00f3n en las ruedas<\/strong><\/a>. Y es que un mayor di\u00e1metro implica un mayor peso suspendido (alejado del centro del eje), lo que din\u00e1micamente perjudica la aceleraci\u00f3n y maniobrabilidad. Adem\u00e1s de que obviamente implica un mayor peso del conjunto.<\/p>\n<p>De hecho, seg\u00fan Bike Ahead con su prototipo Projekt 32 en talla L, declara <strong>9,4 kg<\/strong>, pero en un cuadro r\u00edgido (s\u00f3lo suspensi\u00f3n delantera), con una horquilla prototipo invertida, ruedas de fibra de carbono de palos (Bike Ahead Biturbo)&#8230;<\/p>\n<p>A esta desventaja se suma la posible p\u00e9rdida de rigidez lateral. Al aumentar el di\u00e1metro del aro, la longitud de los radios debe ser mayor. <strong>Un radio m\u00e1s largo es inherentemente menos resistente a la flexi\u00f3n lateral y a la torsi\u00f3n<\/strong>, lo que resulta en una rueda menos r\u00edgida al tomar curvas con fuerza o al absorber impactos laterales. Esto es un riesgo en los circuitos t\u00e9cnicos de XCO, donde la precisi\u00f3n, la trazada y la respuesta inmediata son esenciales.<\/p>\n<p><img decoding=\"async\" alt=\"La UCI no aprueba las ruedas de 32&quot;, sino que no las proh\u00edbe\" src=\"https:\/\/www.europesays.com\/es\/wp-content\/uploads\/2025\/11\/mtbpro_ruedas_32_uci_6.jpg\" style=\"width: 100%;\"\/><\/p>\n<p>Conclusi\u00f3n<\/p>\n<p>La legalidad de las 32 pulgadas en las competiciones de la UCI es, a d\u00eda de hoy, <strong>un hecho basado en la excepci\u00f3n del \u00ablaboratorio\u00bb<\/strong>. Sin embargo, la viabilidad de este di\u00e1metro a nivel comercial y de competici\u00f3n depender\u00e1 de la capacidad de los fabricantes para resolver los desaf\u00edos geom\u00e9tricos, especialmente en las tallas peque\u00f1as y en el conflicto que se plantea al <strong>perder agilidad y maniobrabilidad<\/strong> por meter unas ruedas de mayor tama\u00f1o; incluso en el XCO. Si no se encuentran soluciones innovadoras para la geometr\u00eda, las 32&#8243; podr\u00edan quedar como una herramienta de nicho, limitada a circuitos muy espec\u00edficos y a ciclistas de gran estatura que pueden manejar mejor las bicicletas m\u00e1s largas.<\/p>\n<p>Sabemos que la mayor parte de la industria, m\u00e1s all\u00e1 de los ejemplos que por ahora hemos visto, ya est\u00e1 <strong>trabajando en prototipos<\/strong>. Es dif\u00edcil saber si se apostar\u00e1 masivamente por intentar introducir las 32&#8243; como sucedi\u00f3 con las 29&#8243;, pero es un hecho que <strong>las marcas est\u00e1n \u00abexperimentando\u00bb<\/strong> y es posible que haya algunas que apuesten por ello. Incluso en la temporada 2026 de competici\u00f3n que, en definitiva, comenzar\u00e1 en poco m\u00e1s de 2 meses.<\/p>\n<p><strong>\u00bfQuieres estar al tanto de todas las novedades de MTBpro?<\/strong><br \/><a href=\"https:\/\/www.mtbpro.es\/suscribete\/\" rel=\"nofollow noopener\" target=\"_blank\">Suscribete a nuestro newsletter<\/a> para no perderte el mejor contenido relevante, novedades, opini\u00f3n, podcast, etc.<\/p>\n","protected":false},"excerpt":{"rendered":"Recientemente hemos visto varios art\u00edculos en prensa que dan por hecho la llegada de las ruedas de 32\u201d&hellip;\n","protected":false},"author":2,"featured_media":257719,"comment_status":"","ping_status":"","sticky":false,"template":"","format":"standard","meta":{"footnotes":""},"categories":[273],"tags":[26371,313,312,168,26372,26370,25,24,12970,23,167,18042,26368,26369],"class_list":{"0":"post-257718","1":"post","2":"type-post","3":"status-publish","4":"format-standard","5":"has-post-thumbnail","7":"category-ciclismo","8":"tag-all-mountain","9":"tag-ciclismo","10":"tag-cycling","11":"tag-deportes","12":"tag-e-bikes","13":"tag-enduro","14":"tag-es","15":"tag-espana","16":"tag-mtb","17":"tag-spain","18":"tag-sports","19":"tag-trail","20":"tag-xc","21":"tag-xcm"},"share_on_mastodon":{"url":"https:\/\/pubeurope.com\/@es\/115618881889456790","error":""},"_links":{"self":[{"href":"https:\/\/www.europesays.com\/es\/wp-json\/wp\/v2\/posts\/257718","targetHints":{"allow":["GET"]}}],"collection":[{"href":"https:\/\/www.europesays.com\/es\/wp-json\/wp\/v2\/posts"}],"about":[{"href":"https:\/\/www.europesays.com\/es\/wp-json\/wp\/v2\/types\/post"}],"author":[{"embeddable":true,"href":"https:\/\/www.europesays.com\/es\/wp-json\/wp\/v2\/users\/2"}],"replies":[{"embeddable":true,"href":"https:\/\/www.europesays.com\/es\/wp-json\/wp\/v2\/comments?post=257718"}],"version-history":[{"count":0,"href":"https:\/\/www.europesays.com\/es\/wp-json\/wp\/v2\/posts\/257718\/revisions"}],"wp:featuredmedia":[{"embeddable":true,"href":"https:\/\/www.europesays.com\/es\/wp-json\/wp\/v2\/media\/257719"}],"wp:attachment":[{"href":"https:\/\/www.europesays.com\/es\/wp-json\/wp\/v2\/media?parent=257718"}],"wp:term":[{"taxonomy":"category","embeddable":true,"href":"https:\/\/www.europesays.com\/es\/wp-json\/wp\/v2\/categories?post=257718"},{"taxonomy":"post_tag","embeddable":true,"href":"https:\/\/www.europesays.com\/es\/wp-json\/wp\/v2\/tags?post=257718"}],"curies":[{"name":"wp","href":"https:\/\/api.w.org\/{rel}","templated":true}]}}