{"id":257720,"date":"2025-11-27T00:42:11","date_gmt":"2025-11-27T00:42:11","guid":{"rendered":"https:\/\/www.europesays.com\/es\/257720\/"},"modified":"2025-11-27T00:42:11","modified_gmt":"2025-11-27T00:42:11","slug":"zeljko-obradovic-dimite-como-entrenador-del-partizan","status":"publish","type":"post","link":"https:\/\/www.europesays.com\/es\/257720\/","title":{"rendered":"Zeljko Obradovic dimite como entrenador del Partizan"},"content":{"rendered":"<p><a class=\"v-mdl-ath__fig-a\" href=\"https:\/\/www.elcorreo.com\/autor\/ivan-benito-4702.html\" title=\"Iv\u00e1n Benito\" rel=\"nofollow noopener\" target=\"_blank\"><br \/>\n<img decoding=\"async\" class=\"v-mdl-ath__img\" src=\"https:\/\/www.europesays.com\/es\/wp-content\/uploads\/2025\/10\/autor-4702-foto-1.jpeg\" alt=\"Iv\u00e1n Benito\"\/><br \/>\n<\/a><\/p>\n<p class=\"v-mdl-ath__p v-mdl-ath__p--6\">\nMi\u00e9rcoles, 26 de noviembre 2025, 16:30<\/p>\n<p>| Actualizado 18:50h.<\/p>\n<p class=\"v-p\">El nivel de exigencia de la Euroliga actual es tal que Zeljko Obradovic, ganador de nueve copas de Europa con cinco equipos diferentes, ha arrojado la toalla en su segunda etapa en el Partizan. Seg\u00fan adelant\u00f3 el medio serbio Mozzart Sports, el entrenador m\u00e1s laureado de la historia del baloncesto continental ha presentado su \u00abdimisi\u00f3n irrevocable\u00bb como t\u00e9cnico del conjunto de Belgrado. \u00abLleg\u00f3 el momento de asumir la responsabilidad de todo lo malo de esta temporada\u00bb, anunci\u00f3 en una carta en el que reitera los agradecimientos a la afici\u00f3n. <\/p>\n<p class=\"v-p\">La crisis de resultados y los toques de atenci\u00f3n p\u00fablicos que ha dado a su plantilla, sin efecto hasta la fecha, parecen el detonante de que el serbio de 65 a\u00f1os opte por dar un paso a un lado. Seg\u00fan el mismo medio, Andrea Trinchieri est\u00e1 posicionado como el principal candidato sustituirle. <\/p>\n<p class=\"v-p\">El Partizan es decimoctavo en la clasificaci\u00f3n de la Euroliga, donde acumula una racha de siete derrotas en los \u00faltimos ocho partidos. Ayer cay\u00f3 derrotado con mucha contundencia por el Panathinaikos (91-69) en un OAKA que le volvi\u00f3 a recibir con el cari\u00f1o habitual tras su \u00e9poca gloriosa. Preguntado en rueda de prensa sobre c\u00f3mo dar un giro a la temporada, su respuesta fue escueta. \u00abNo lo s\u00e9\u00bb, reconoci\u00f3 con resignaci\u00f3n.<\/p>\n<p class=\"v-p\">Su frustraci\u00f3n e impotencia viene desde hace varias semanas. Tras la derrota del Partizan ante el Asvel, carg\u00f3 contra sus jugadores. \u00abEmpezamos el partido de una manera inaceptable. Creo que es vergonzoso c\u00f3mo nos vimos. Algunos deber\u00edan preguntarse por qu\u00e9 sucedi\u00f3 eso\u00bb, arranc\u00f3. El t\u00e9cnico dio sus razones. \u00abLos jugadores no est\u00e1n concentrados en el partido. Antes del partido, todos estaban con el m\u00f3vil. Dije todo lo que ten\u00eda que decir en el descanso, pero despu\u00e9s del partido, al entrar en el vestuario, la situaci\u00f3n era exactamente la misma. Es incre\u00edble\u00bb, censur\u00f3. <\/p>\n<p class=\"v-p\">El serbio, que termina contrato a final de temporada, no da con la tecla para revertir el mal inicio de curso. Al principio, acus\u00f3 sobremanera la falta de un p\u00edvot. Los serbios reclutaron a Bruno Fernando, y a Calathes para cubrir la baja de Carlik Jones, pero los fichajes no han servido para enderezar el rumbo. \u00abNo s\u00e9 ni c\u00f3mo reaccionar; no solo estoy decepcionado, no encuentro las palabras para explicar lo mal que me siento. Siempre asumo la responsabilidad en ciertas situaciones pero, en este caso, simplemente no lo entiendo\u00bb, confes\u00f3 en Villeurbanne. La junta directiva del club, presidida por Ostoja Mijailovic, opt\u00f3 por aceptar su dimisi\u00f3n. <\/p>\n<p class=\"v-p\">Obradovic es uno de los principales reclamos del Partizan. Regres\u00f3 en 2021, con el equipo a\u00fan en la Eurocup y ha conquistado dos t\u00edtulos de la Liga Adri\u00e1tica (2023 y 2025) y se qued\u00f3 a solo una victoria de la Final Four de 2023 en un play off memorable y pol\u00e9mico por la pelea ante el Real Madrid. Aclamado en cada partido por el Belgrado Arena, dejarle ir podr\u00eda suponer la ruptura con una afici\u00f3n caliente en caso de que su sustituto, sea Trinchieri u otro, no logre revertir una p\u00e9sima din\u00e1mica. Esta temporada, la entidad present\u00f3 un presupuesto r\u00e9cord, 27 millones de euros, con el objetivo de acabar entre los seis mejores en la Euroliga, donde cuenta con una licencia hasta 2028. A falta de 25 partidos, la remontada a\u00fan es posible siempre que su equipo, con efectivos de calidad, recupere el alma que le ha avocado a un inicio decepcionante.<\/p>\n<p class=\"v-p\">A lo largo de su reputada trayectoria, esta significa la segunda dimisi\u00f3n de Obradovic. La primera lleg\u00f3 en 2005 como seleccionador serbio despu\u00e9s del batacazo de la selecci\u00f3n en en el Eurobasket de Suecia y en los anteriores Juegos Ol\u00edmpicos de Atenas. Su trayectoria de clubes es pr\u00e1cticamente intachable. Ha ganado t\u00edtulos con Partizan (1991-1993 y 2021-2025), Joventut (1993-1994), Real Madrid (1994-1997), Pallacanestro Treviso (1997-1999), Panathinaikos (1999-2012) y Fenerbah\u00e7e (2013-2020). <\/p>\n<p class=\"v-p\">En sus dos \u00faltimos cambios de equipo, decidi\u00f3 tomarse un a\u00f1o sab\u00e1tico. En un reciente documental producido por Movistar, el t\u00e9cnico de \u010ca\u010dak expuso que no pensaba en la retirada y que se segu\u00eda viendo con fuerzas y pasi\u00f3n para continuar en los banquillos. \u00abHasta que tenga ganas voy a seguir\u00bb. Para cuando la llama se le apague, tiene un plan: abrir un bar con un amigo en Grecia llamado &#8216;Teenegers&#8217; (gente joven). Su marchallega despu\u00e9s de la dimisi\u00f3n de Ettore Messina, dos de los t\u00e9cnicos m\u00e1s longevos y exitosos de la competici\u00f3n. Por su parte, Dusko Ivanovic sigue en plena forma con la Virtus. <\/p>\n<p>Reporta un error<\/p>\n","protected":false},"excerpt":{"rendered":"Mi\u00e9rcoles, 26 de noviembre 2025, 16:30 | Actualizado 18:50h. El nivel de exigencia de la Euroliga actual es&hellip;\n","protected":false},"author":2,"featured_media":257721,"comment_status":"","ping_status":"","sticky":false,"template":"","format":"standard","meta":{"footnotes":""},"categories":[269],"tags":[299,298,168,28764,2226,25,24,53489,45749,45785,23,167,64544],"class_list":{"0":"post-257720","1":"post","2":"type-post","3":"status-publish","4":"format-standard","5":"has-post-thumbnail","7":"category-baloncesto","8":"tag-baloncesto","9":"tag-basketball","10":"tag-deportes","11":"tag-dimitir","12":"tag-entrenador","13":"tag-es","14":"tag-espana","15":"tag-obradovic","16":"tag-partizan","17":"tag-sopesa","18":"tag-spain","19":"tag-sports","20":"tag-zeljko"},"share_on_mastodon":{"url":"https:\/\/pubeurope.com\/@es\/115618889651318472","error":""},"_links":{"self":[{"href":"https:\/\/www.europesays.com\/es\/wp-json\/wp\/v2\/posts\/257720","targetHints":{"allow":["GET"]}}],"collection":[{"href":"https:\/\/www.europesays.com\/es\/wp-json\/wp\/v2\/posts"}],"about":[{"href":"https:\/\/www.europesays.com\/es\/wp-json\/wp\/v2\/types\/post"}],"author":[{"embeddable":true,"href":"https:\/\/www.europesays.com\/es\/wp-json\/wp\/v2\/users\/2"}],"replies":[{"embeddable":true,"href":"https:\/\/www.europesays.com\/es\/wp-json\/wp\/v2\/comments?post=257720"}],"version-history":[{"count":0,"href":"https:\/\/www.europesays.com\/es\/wp-json\/wp\/v2\/posts\/257720\/revisions"}],"wp:featuredmedia":[{"embeddable":true,"href":"https:\/\/www.europesays.com\/es\/wp-json\/wp\/v2\/media\/257721"}],"wp:attachment":[{"href":"https:\/\/www.europesays.com\/es\/wp-json\/wp\/v2\/media?parent=257720"}],"wp:term":[{"taxonomy":"category","embeddable":true,"href":"https:\/\/www.europesays.com\/es\/wp-json\/wp\/v2\/categories?post=257720"},{"taxonomy":"post_tag","embeddable":true,"href":"https:\/\/www.europesays.com\/es\/wp-json\/wp\/v2\/tags?post=257720"}],"curies":[{"name":"wp","href":"https:\/\/api.w.org\/{rel}","templated":true}]}}