{"id":257731,"date":"2025-11-27T00:55:08","date_gmt":"2025-11-27T00:55:08","guid":{"rendered":"https:\/\/www.europesays.com\/es\/257731\/"},"modified":"2025-11-27T00:55:08","modified_gmt":"2025-11-27T00:55:08","slug":"trump-pide-sumar-500-militares-en-washington-tras-tiroteo-dw-27-11-2025","status":"publish","type":"post","link":"https:\/\/www.europesays.com\/es\/257731\/","title":{"rendered":"Trump pide sumar 500 militares en Washington tras tiroteo \u2013 DW \u2013 27\/11\/2025"},"content":{"rendered":"<p>El presidente de <a class=\"internal-link\" href=\"https:\/\/www.dw.com\/es\/estados-unidos\/t-17411942\" rel=\"nofollow noopener\" target=\"_blank\">Estados Unidos<\/a>, <a class=\"internal-link\" href=\"https:\/\/www.dw.com\/es\/donald-trump\/t-19445010\" rel=\"nofollow noopener\" target=\"_blank\">Donald Trump<\/a>, solicit\u00f3 al secretario de Guerra, Pete Hegseth, la incorporaci\u00f3n de 500 miembros de la Guardia Nacional para reforzar la seguridad en Washington, tras el ataque el mi\u00e9rcoles (26.11.2025) contra dos miembros de este cuerpo que se encuentran en estado cr\u00edtico.<\/p>\n<p>\u00abEl presidente Trump me ha pedido, y yo pedir\u00e9 al secretario del Ej\u00e9rcito de la Guardia Nacional, que agreguemos 500 tropas adicionales, guardias nacionales, a Washington D.C. Esto solo reforzar\u00e1 nuestra determinaci\u00f3n de garantizar que Washington D.C. sea un lugar seguro y hermoso\u00bb, dijo Hegseth a la prensa en Santo Domingo, tras un encuentro con el presidente dominicano, Luis Abinader.<\/p>\n<p>El alto cargo afirm\u00f3 que \u00abel aumento de la seguridad\u00bb en la capital estadounidense es \u00abhist\u00f3rico\u00bb, pero que si los criminales quieren cometer \u00abactos violentos como este, contra lo mejor de Estados Unidos, jam\u00e1s cederemos\u00bb.<\/p>\n<p>\u00ab(El ataque) solo reforzar\u00e1 nuestra determinaci\u00f3n; nunca cederemos. Protegeremos nuestra capital, protegeremos nuestras ciudades. De hecho, esto ocurri\u00f3 a pocos pasos de la Casa Blanca. No se tolerar\u00e1\u00bb, remach\u00f3 Hegseth.<\/p>\n<blockquote class=\"tweet embed\" data-id=\"1993814702363722053\"\/>\n<p>Los <a class=\"internal-link\" href=\"https:\/\/www.dw.com\/es\/dos-agentes-de-la-guardia-nacional-heridos-en-tiroteo-en-washington\/a-74913815\" rel=\"nofollow noopener\" target=\"_blank\">dos agentes de la Guardia Nacional que fueron tiroteados<\/a> este mi\u00e9rcoles cerca de la Casa Blanca siguen en estado cr\u00edtico y no han fallecido, rectificaron las autoridades tras haberlos dado por muertos.<\/p>\n<p>Los dos militares\u00a0fueron hospitalizados. Tambi\u00e9n el atacante\u00a0fue herido, arrestado y hospitalizado.<\/p>\n<p>\u00abEl presidente Trump jam\u00e1s ceder\u00e1. Por eso el pueblo estadounidense lo eligi\u00f3. Estados Unidos y nuestros guerreros, nuestra Guardia Nacional, son fuertes. As\u00ed que estamos siguiendo esto muy de cerca (&#8230;) Pido oraciones por nuestra Guardia Nacional\u00bb, expres\u00f3 Hegseth.<\/p>\n<p>El secretario de Guerra anunci\u00f3 hoy, junto al presidente dominicano, Luis Abinader, que su pa\u00eds utilizar\u00e1 \u00e1reas de dos aeropuertos cercanos a Santo Domingo para transporte de equipo y personal t\u00e9cnico para su plan de combate al narcotr\u00e1fico en el Caribe.<\/p>\n<p>Estados Unidos ha <a class=\"internal-link\" href=\"https:\/\/www.dw.com\/es\/eeuu-anuncia-operativo-antinarco-lanza-del-sur-en-el-caribe\/a-74738084\" rel=\"nofollow noopener\" target=\"_blank\">desplegado un operativo militar de gran alcance<\/a> en la regi\u00f3n con la destrucci\u00f3n de varias lanchas que, asegura, proced\u00edan de Sudam\u00e9rica con la intenci\u00f3n de introducir drogas al pa\u00eds norteamericano.<\/p>\n<p>gs (efe, ap)<\/p>\n<p>\u00bfSe est\u00e1 dividiendo el movimiento MAGA?<video id=\"video-74790484\" controls=\"\" playsinline=\"\" preload=\"none\" poster=\"data:image\/png;base64,iVBORw0KGgoAAAANSUhEUgAAAAEAAAABCAQAAAC1HAwCAAAAC0lEQVR42mNkYAAAAAYAAjCB0C8AAAAASUVORK5CYII=\" data-id=\"74790484\" data-posterurl=\"https:\/\/static.dw.com\/image\/64331966_605.webp\" data-duration=\"12:31\"><\/p>\n<p class=\"vjs-no-js\">To view this video please enable JavaScript, and consider upgrading to a web browser that <a href=\"https:\/\/videojs.com\/html5-video-support\/\" target=\"_blank\" rel=\"nofollow noopener\">supports HTML5 video<\/a><\/p>\n<p><\/video><\/p>\n","protected":false},"excerpt":{"rendered":"El presidente de Estados Unidos, Donald Trump, solicit\u00f3 al secretario de Guerra, Pete Hegseth, la incorporaci\u00f3n de 500&hellip;\n","protected":false},"author":2,"featured_media":257732,"comment_status":"","ping_status":"","sticky":false,"template":"","format":"standard","meta":{"footnotes":""},"categories":[42],"tags":[17,18,13,14,11,61,62,63,64,19,20,9,10,15,16,12,21,22,65,66,67],"class_list":{"0":"post-257731","1":"post","2":"type-post","3":"status-publish","4":"format-standard","5":"has-post-thumbnail","7":"category-internacional","8":"tag-breaking-news","9":"tag-breakingnews","10":"tag-featured-news","11":"tag-featurednews","12":"tag-headlines","13":"tag-internacional","14":"tag-international","15":"tag-international-news","16":"tag-internationalnews","17":"tag-latest-news","18":"tag-latestnews","19":"tag-news","20":"tag-noticias","21":"tag-noticias-destacadas","22":"tag-noticiasdestacadas","23":"tag-titulares","24":"tag-ultimas-noticias","25":"tag-ultimasnoticias","26":"tag-world","27":"tag-world-news","28":"tag-worldnews"},"share_on_mastodon":{"url":"https:\/\/pubeurope.com\/@es\/115618940408542567","error":""},"_links":{"self":[{"href":"https:\/\/www.europesays.com\/es\/wp-json\/wp\/v2\/posts\/257731","targetHints":{"allow":["GET"]}}],"collection":[{"href":"https:\/\/www.europesays.com\/es\/wp-json\/wp\/v2\/posts"}],"about":[{"href":"https:\/\/www.europesays.com\/es\/wp-json\/wp\/v2\/types\/post"}],"author":[{"embeddable":true,"href":"https:\/\/www.europesays.com\/es\/wp-json\/wp\/v2\/users\/2"}],"replies":[{"embeddable":true,"href":"https:\/\/www.europesays.com\/es\/wp-json\/wp\/v2\/comments?post=257731"}],"version-history":[{"count":0,"href":"https:\/\/www.europesays.com\/es\/wp-json\/wp\/v2\/posts\/257731\/revisions"}],"wp:featuredmedia":[{"embeddable":true,"href":"https:\/\/www.europesays.com\/es\/wp-json\/wp\/v2\/media\/257732"}],"wp:attachment":[{"href":"https:\/\/www.europesays.com\/es\/wp-json\/wp\/v2\/media?parent=257731"}],"wp:term":[{"taxonomy":"category","embeddable":true,"href":"https:\/\/www.europesays.com\/es\/wp-json\/wp\/v2\/categories?post=257731"},{"taxonomy":"post_tag","embeddable":true,"href":"https:\/\/www.europesays.com\/es\/wp-json\/wp\/v2\/tags?post=257731"}],"curies":[{"name":"wp","href":"https:\/\/api.w.org\/{rel}","templated":true}]}}