{"id":257733,"date":"2025-11-27T00:57:23","date_gmt":"2025-11-27T00:57:23","guid":{"rendered":"https:\/\/www.europesays.com\/es\/257733\/"},"modified":"2025-11-27T00:57:23","modified_gmt":"2025-11-27T00:57:23","slug":"abalos-cambia-de-estrategia-y-carga-contra-el-gobierno-horas-antes-de-que-el-juez-decida-si-lo-mete-en-prision-politica","status":"publish","type":"post","link":"https:\/\/www.europesays.com\/es\/257733\/","title":{"rendered":"\u00c1balos cambia de estrategia y carga contra el Gobierno horas antes de que el juez decida si lo mete en prisi\u00f3n | Pol\u00edtica"},"content":{"rendered":"<p>El exministro de Transportes, Jos\u00e9 Luis \u00c1balos, ha cambiado su estrategia y por primera vez ha cargado de manera p\u00fablica contra el Gobierno de Pedro S\u00e1nchez, del que form\u00f3 parte hasta 2021. \u00c1balos fue diputado socialista hasta febrero del 2024, tras la detenci\u00f3n de su exasesor Koldo Garc\u00eda acusado de presunto cobro de comisiones ilegales. <\/p>\n<p>El exministro lo hace a unas horas de que el Supremo decida si lo manda o no a prisi\u00f3n. Primero, \u00c1balos ha asegurado en X que el presidente, Cerd\u00e1n y Arnaldo Otegi se reunieron en 2018 en un caser\u00edo para negociar la moci\u00f3n de censura contra Rajoy. Asegura que a \u00e9l fuentes presenciales le contaron que s\u00ed que existi\u00f3 esa reuni\u00f3n. <\/p>\n<blockquote class=\"twitter-tweet\">\n<p lang=\"es\" dir=\"ltr\">Sobre la reuni\u00f3n del presidente Pedro S\u00e1nchez, Santos Cerd\u00e1n y Arnaldo Otegui en 2018 en un caserio para negociar la moci\u00f3n de censura contra Rajoy, s\u00f3lo puedo decir lo que me contaron fuentes presenciales, y es que esa entrevista existi\u00f3.<\/p>\n<p>\u2014 Jos\u00e9 Luis \u00c1balos (@abalosmeco) <a href=\"https:\/\/twitter.com\/abalosmeco\/status\/1993625656157237468?ref_src=twsrc%5Etfw\" rel=\"nofollow noopener\" target=\"_blank\">November 26, 2025<\/a><\/p><\/blockquote>\n<p>Sin embargo, el lunes, preguntado por esta misma informaci\u00f3n de El Espa\u00f1ol, el propio \u00c1balos dijo a la SER que no sab\u00eda nada. Por la tarde, \u00c1balos ha puesto en la diana a Yolanda D\u00edaz insinuando que la vicepresidenta y ministra de Trabajo usa la vivienda p\u00fablica para alojar a terceras personas que no tienen derecho a ello. <\/p>\n<p>El PSOE asegura que no teme que \u00c1balos pueda encender el ventilador, niega la reuni\u00f3n con Otegi y aseguran que el exministro est\u00e1 instalado en la mentira. <\/p>\n<p>\u00c1balos insin\u00faa que Yolanda D\u00edaz usa su vivienda oficial para otras personas sin derecho a ello<\/p>\n<p>El ministro de Transportes, a 24 horas de que el juez decida si lo mete en prisi\u00f3n o no, ha cargado en redes sociales contra la vicepresidenta Yolanda D\u00edaz insinuando que la vivienda oficial usada por la ministra de Trabajo fue utilizada por otras personas sin derecho a ello. <\/p>\n<p>\u00abAntes de llamarme \u201cgolfo\u201d, se\u00f1ora vicepresidenta y ministra de Trabajo, mejor ser\u00eda que recordara qu\u00e9 papel jug\u00f3 cada uno durante la pandemia de COVID-19. No s\u00e9 cu\u00e1l fue el suyo, pero si s\u00e9 cu\u00e1l fue el m\u00edo\u00bb, ha empezado su mensaje en X \u00c1balos. <\/p>\n<p>\u00abYa que valora tanto el Estado de derecho desde el punto de vista institucional, pol\u00edtico y profesional, a ver si tambi\u00e9n lo hace poniendo en valor un principio fundamental como el de la \u00abpresunci\u00f3n de inocencia\u00bb<b>. <\/b>Y ya que nos ponemos tan estupendos, quiz\u00e1s usted nos deber\u00eda aclarar si la vivienda asignada para los ministros y ministras, y sus familias, pod\u00eda ser usada por otras personas sin derecho a ello\u00bb, ha sentenciado en su mensaje \u00c1balos. <\/p>\n<blockquote class=\"twitter-tweet\">\n<p lang=\"es\" dir=\"ltr\">Antes de llamarme \u201cgolfo\u201d, se\u00f1ora vicepresidenta y ministra de Trabajo, mejor ser\u00eda que recordara qu\u00e9 papel jug\u00f3 cada uno durante la pandemia de COVID-19. No s\u00e9 cu\u00e1l fue el suyo, pero si s\u00e9 cu\u00e1l fue el m\u00edo:<\/p>\n<p>Adem\u00e1s de dar la cara todos los d\u00edas para informar y tranquilizar a la\u2026<\/p>\n<p>\u2014 Jos\u00e9 Luis \u00c1balos (@abalosmeco) <a href=\"https:\/\/twitter.com\/abalosmeco\/status\/1993688788636254590?ref_src=twsrc%5Etfw\" rel=\"nofollow noopener\" target=\"_blank\">November 26, 2025<\/a><\/p><\/blockquote>\n<p><script async src=\"https:\/\/platform.twitter.com\/widgets.js\" charset=\"utf-8\"><\/script><\/p>\n","protected":false},"excerpt":{"rendered":"El exministro de Transportes, Jos\u00e9 Luis \u00c1balos, ha cambiado su estrategia y por primera vez ha cargado de&hellip;\n","protected":false},"author":2,"featured_media":257734,"comment_status":"","ping_status":"","sticky":false,"template":"","format":"standard","meta":{"footnotes":""},"categories":[5],"tags":[17,18,25,24,13,14,11,19,20,9,10,15,16,23,12,21,22],"class_list":{"0":"post-257733","1":"post","2":"type-post","3":"status-publish","4":"format-standard","5":"has-post-thumbnail","7":"category-titulares","8":"tag-breaking-news","9":"tag-breakingnews","10":"tag-es","11":"tag-espana","12":"tag-featured-news","13":"tag-featurednews","14":"tag-headlines","15":"tag-latest-news","16":"tag-latestnews","17":"tag-news","18":"tag-noticias","19":"tag-noticias-destacadas","20":"tag-noticiasdestacadas","21":"tag-spain","22":"tag-titulares","23":"tag-ultimas-noticias","24":"tag-ultimasnoticias"},"share_on_mastodon":{"url":"https:\/\/pubeurope.com\/@es\/115618948230786106","error":""},"_links":{"self":[{"href":"https:\/\/www.europesays.com\/es\/wp-json\/wp\/v2\/posts\/257733","targetHints":{"allow":["GET"]}}],"collection":[{"href":"https:\/\/www.europesays.com\/es\/wp-json\/wp\/v2\/posts"}],"about":[{"href":"https:\/\/www.europesays.com\/es\/wp-json\/wp\/v2\/types\/post"}],"author":[{"embeddable":true,"href":"https:\/\/www.europesays.com\/es\/wp-json\/wp\/v2\/users\/2"}],"replies":[{"embeddable":true,"href":"https:\/\/www.europesays.com\/es\/wp-json\/wp\/v2\/comments?post=257733"}],"version-history":[{"count":0,"href":"https:\/\/www.europesays.com\/es\/wp-json\/wp\/v2\/posts\/257733\/revisions"}],"wp:featuredmedia":[{"embeddable":true,"href":"https:\/\/www.europesays.com\/es\/wp-json\/wp\/v2\/media\/257734"}],"wp:attachment":[{"href":"https:\/\/www.europesays.com\/es\/wp-json\/wp\/v2\/media?parent=257733"}],"wp:term":[{"taxonomy":"category","embeddable":true,"href":"https:\/\/www.europesays.com\/es\/wp-json\/wp\/v2\/categories?post=257733"},{"taxonomy":"post_tag","embeddable":true,"href":"https:\/\/www.europesays.com\/es\/wp-json\/wp\/v2\/tags?post=257733"}],"curies":[{"name":"wp","href":"https:\/\/api.w.org\/{rel}","templated":true}]}}