{"id":257735,"date":"2025-11-27T01:02:12","date_gmt":"2025-11-27T01:02:12","guid":{"rendered":"https:\/\/www.europesays.com\/es\/257735\/"},"modified":"2025-11-27T01:02:12","modified_gmt":"2025-11-27T01:02:12","slug":"learner-tien-se-clasifica-para-las-next-gen-atp-finals-presented-by-pif-atp-tour","status":"publish","type":"post","link":"https:\/\/www.europesays.com\/es\/257735\/","title":{"rendered":"Learner Tien se clasifica para las Next Gen ATP Finals presented by PIF | ATP Tour"},"content":{"rendered":"<p>        ATP Tour<br \/>\n     El exfinalista Tien se clasifica para las Next Gen ATP Finals presented by PIF<\/p>\n<p>El estadounidense est\u00e1 listo para su segunda aparici\u00f3n en Jeddah<\/p>\n<p>November 26, 2025<\/p>\n<p>            <img decoding=\"async\" src=\"https:\/\/www.europesays.com\/es\/wp-content\/uploads\/2025\/11\/tien-ng-qualification-2025.jpg\" alt=\"\"\/><\/p>\n<p>ATP Tour<\/p>\n<p>        By Redacci\u00f3n ATP <\/p>\n<p>Learner Tien volver\u00e1 a las Next Gen ATP Finals presented by PIF. El estadounidense de 19 a\u00f1os se asegur\u00f3 su plaza tras una destacada primera temporada completa en el circuito.<\/p>\n<p>El zurdo termin\u00f3 el a\u00f1o pasado llegando a la final enJeddah y aprovech\u00f3 ese \u00e9xito en el Abierto de Australia, donde derrot\u00f3 al Top 10 Daniil Medvedev. Tien alcanz\u00f3 la cuarta ronda en Melbourne y se convirti\u00f3 en el jugador m\u00e1s joven en llegar a esa fase en un Grand Slam sobre pista dura desde Rafael Nadal en 2005.<\/p>\n<p>\u00a0<\/p>\n<p>\u00a0<\/p>\n<p>Tambi\u00e9n Podr\u00eda Interesarle: <a href=\"https:\/\/www.atptour.com\/es\/news\/tien-first-time-winner-spotlight-metz-2025\" rel=\"nofollow noopener\" target=\"_blank\">Ganador por primera vez: Learner Tien<\/a><\/p>\n<p>A continuaci\u00f3n, Tien sorprendi\u00f3 a Alexander Zverev en el torneo ATP 500 de Acapulco, donde lleg\u00f3 a cuartos de final. Tambi\u00e9n alcanz\u00f3 la cuarta ronda en los torneos ATP Masters 1000 de Toronto y Shangh\u00e1i.<\/p>\n<p>El mejor resultado de Tien lleg\u00f3 este mes en el torneo ATP 250 de Metz, donde gan\u00f3 su primer t\u00edtulo ATP Tour al derrotar a Cameron Norrie en la final. El estadounidense tambi\u00e9n sabore\u00f3 el \u00e9xito en el torneo ATP 500 de Pek\u00edn, donde alcanz\u00f3 la final. Tien elimin\u00f3 a Lorenzo Musetti y Medvedev en China. Termin\u00f3 la temporada con un balance de 5-4 contra jugadores del Top 10, seg\u00fan el \u00cdndice de Victorias\/Derrotas de la ATP Infosys, y se encuentra en el puesto No. 28 del PIF ATP Ranking, el m\u00e1s alto de su carrera, tras haber comenzado el a\u00f1o fuera del Top 120.<\/p>\n<p>Las Next Gen ATP Finals presented by PIF 2025 se celebrar\u00e1n del 17 al 21 de diciembre. Entre los antiguos campeones se encuentran Jannik Sinner y Carlos Alcaraz.<\/p>\n","protected":false},"excerpt":{"rendered":"ATP Tour El exfinalista Tien se clasifica para las Next Gen ATP Finals presented by PIF El estadounidense&hellip;\n","protected":false},"author":2,"featured_media":257736,"comment_status":"","ping_status":"","sticky":false,"template":"","format":"standard","meta":{"footnotes":""},"categories":[274],"tags":[168,25,24,23,167,327,326],"class_list":{"0":"post-257735","1":"post","2":"type-post","3":"status-publish","4":"format-standard","5":"has-post-thumbnail","7":"category-tenis","8":"tag-deportes","9":"tag-es","10":"tag-espana","11":"tag-spain","12":"tag-sports","13":"tag-tenis","14":"tag-tennis"},"share_on_mastodon":{"url":"https:\/\/pubeurope.com\/@es\/115618968337755878","error":""},"_links":{"self":[{"href":"https:\/\/www.europesays.com\/es\/wp-json\/wp\/v2\/posts\/257735","targetHints":{"allow":["GET"]}}],"collection":[{"href":"https:\/\/www.europesays.com\/es\/wp-json\/wp\/v2\/posts"}],"about":[{"href":"https:\/\/www.europesays.com\/es\/wp-json\/wp\/v2\/types\/post"}],"author":[{"embeddable":true,"href":"https:\/\/www.europesays.com\/es\/wp-json\/wp\/v2\/users\/2"}],"replies":[{"embeddable":true,"href":"https:\/\/www.europesays.com\/es\/wp-json\/wp\/v2\/comments?post=257735"}],"version-history":[{"count":0,"href":"https:\/\/www.europesays.com\/es\/wp-json\/wp\/v2\/posts\/257735\/revisions"}],"wp:featuredmedia":[{"embeddable":true,"href":"https:\/\/www.europesays.com\/es\/wp-json\/wp\/v2\/media\/257736"}],"wp:attachment":[{"href":"https:\/\/www.europesays.com\/es\/wp-json\/wp\/v2\/media?parent=257735"}],"wp:term":[{"taxonomy":"category","embeddable":true,"href":"https:\/\/www.europesays.com\/es\/wp-json\/wp\/v2\/categories?post=257735"},{"taxonomy":"post_tag","embeddable":true,"href":"https:\/\/www.europesays.com\/es\/wp-json\/wp\/v2\/tags?post=257735"}],"curies":[{"name":"wp","href":"https:\/\/api.w.org\/{rel}","templated":true}]}}