{"id":257737,"date":"2025-11-27T01:03:15","date_gmt":"2025-11-27T01:03:15","guid":{"rendered":"https:\/\/www.europesays.com\/es\/257737\/"},"modified":"2025-11-27T01:03:15","modified_gmt":"2025-11-27T01:03:15","slug":"la-uci-redobla-su-apuesta-por-el-gravel-aumentando-el-calendario-hasta-las-45-pruebas-2-en-espana","status":"publish","type":"post","link":"https:\/\/www.europesays.com\/es\/257737\/","title":{"rendered":"La UCI redobla su apuesta por el Gravel aumentando el calendario hasta las 45 pruebas, 2 en Espa\u00f1a"},"content":{"rendered":"<p>El crecimiento del gravel es imparable y en la UCI han decidido sacar todo el partido posible a esta gallina de los huevos de oro expandiendo su circuito de carreras Gravel World Series por un lado. Por otro, estos eventos recibir\u00e1n el apoyo econ\u00f3mico de un nuevo patrocinador, la firma de neum\u00e1ticos Panaracer que patrocinar\u00e1 las UCI Gravel World Series a trav\u00e9s de la marca GravelKing que identifica a su gama de gomas para esta modalidad.<\/p>\n<p><img class=\" lazyload\" border=\"0\" alt=\"La UCI redobla su apuesta por el Gravel aumentando el calendario hasta las 45 pruebas, 2 en Espa\u00f1a\" width=\"1800\" height=\"1200\"  data-\/><\/p>\n<p>45 eventos distribuidos a trav\u00e9s de 32 pa\u00edses ser\u00e1 el alcance de la edici\u00f3n 2026 de las UCI Gravel World Series en lo que supone un nuevo impulso del m\u00e1ximo organismo del ciclismo a esta modalidad que, de la moda pasajera que muchos auguraban cuando surgi\u00f3 ha pasado a ser una modalidad plenamente asentada y que atrae a miles de aficionados.<\/p>\n<p>Amantes del gravel que tienen la ocasi\u00f3n de participar en pruebas oficiales alrededor de todo el mundo y aspirar a conseguir una de las cotizadas plazas para poder competir en el Mundial de la modalidad.<\/p>\n<p><img class=\" lazyload\" border=\"0\" alt=\"La UCI redobla su apuesta por el Gravel aumentando el calendario hasta las 45 pruebas, 2 en Espa\u00f1a\" width=\"1772\" height=\"1181\"  data-\/><\/p>\n<p>Unas UCI Gravel World Series que han contado con la baja de un par de eventos de los que formaron parte del calendario en la recientemente concluida temporada. Lista a la que se incorporan nada menos que 14 pruebas con algunas tan atractivas como la Vuelta Altas Cumbres, prueba de MTB que se disputa en Argentina y que ahora contar\u00e1 con su opci\u00f3n de gravel; la OG Classique en Canad\u00e1 o pruebas en lugares tan at\u00edpicos como puede ser la rep\u00fablica b\u00e1ltica de Letonia.<\/p>\n<p>Un calendario 2026 que ya ha arrancado pese a estar en la parte final de 2025, habi\u00e9ndose disputado 4 prueba que ya han repartido las primeras plazas para el pr\u00f3ximo Mundial que tendr\u00e1 lugar en Nannup, en el oeste de Australia y que, a mediados de mayo, acoger\u00e1 una de las pruebas de las UCI Gravel World Series que servir\u00e1 de simulacro a la prueba mundialista que tendr\u00e1 lugar el fin de semana del 10 y 11 de octubre de 2026.<\/p>\n<p><img class=\" lazyload\" border=\"0\" alt=\"La UCI redobla su apuesta por el Gravel aumentando el calendario hasta las 45 pruebas, 2 en Espa\u00f1a\" width=\"1800\" height=\"1007\"  data-\/><\/p>\n<p>Protagonismo una vez mas para Espa\u00f1a en las UCI Gravel World Series donde se disputar\u00e1n 2 de las pruebas de este certamen. La primera de ellas, el d\u00eda 22 de febrero es la Castell\u00f3n Gravel Race con la localidad de Llucena como centro neur\u00e1lgico. La otra, una cl\u00e1sica ya del circuito mundial de gravel no pod\u00eda ser otra que la Sea Otter Europe Girona que tiene como escenario la conocida feria ciclista y el territorio gerund\u00e9s, uno de los para\u00edsos del gravel en Espa\u00f1a. Una carrera que se disputar\u00e1 el 19 de septiembre de 2026, pr\u00e1cticamente como antesala al Mundial. Aparte hay una tercera prueba, la 114 Gravel Race, que se disputa a caballo entre Espa\u00f1a y Portugal al tener su inicio en Elvas y la conclusi\u00f3n en Badajoz. Esta \u00faltima tendr\u00e1 lugar el pr\u00f3ximo 28 de marzo.<\/p>\n<ul>&#13;<\/p>\n<li>19 de octubre de 2025 \u2013 Flanders Legacy Gravel (B\u00e9lgica)<\/li>\n<p>&#13;<\/p>\n<li>26 de octubre de 2025 \u2013 Gravelista (Australia)<\/li>\n<p>&#13;<\/p>\n<li>01 de noviembre de 2025 \u2013 Dustman (Tailandia)<\/li>\n<p>&#13;<\/p>\n<li>09 de noviembre de 2025 \u2013 Alentejo Gravel (Portugal)<\/li>\n<p>&#13;<\/p>\n<li>14 de febrero de 2026 \u2013 The Ceder (Sudafrica)<\/li>\n<p>&#13;<\/p>\n<li>22 de febrero de 2026 \u2013 Castell\u00f3n Gravel Race (Espa\u00f1a)<\/li>\n<p>&#13;<\/p>\n<li>8 de marzo de 2026 \u2013 Gravel Brazil (Brasil)<\/li>\n<p>&#13;<\/p>\n<li>22 de marzo de 2026 \u2013 Turnhout Gravel (B\u00e9lgica)<\/li>\n<p>&#13;<\/p>\n<li>28 de marzo de 2026 \u2013 114 Gravel Race (Portugal\/Espa\u00f1a)<\/li>\n<p>&#13;<\/p>\n<li>29 de marzo de 2026 \u2013 Vuelta Altas Cumbres Gravel (Argentina)<\/li>\n<p>&#13;<\/p>\n<li>12 de abril de 2026 \u2013 W\u00f6thersee Gravel Race (Austria)<\/li>\n<p>&#13;<\/p>\n<li>19 de abril de 2026 \u2013 M\u00f3naco Gravel Race (M\u00f3naco)<\/li>\n<p>&#13;<\/p>\n<li>25 de abril de 2026 \u2013 Gravel One Fifty (Pa\u00edses Bajos)<\/li>\n<p>&#13;<\/p>\n<li>25 de abril de 2026 \u2013 Highlands Gravel Classic (Estado Unidos)<\/li>\n<p>&#13;<\/p>\n<li>1 de mayo de 2026 \u2013 Giro Sardegna Gravel (Italia)<\/li>\n<p>&#13;<\/p>\n<li>10 de mayo de 2026 \u2013 Marly Grav Race (Pa\u00edses Bajos)<\/li>\n<p>&#13;<\/p>\n<li>16 de mayo de 2026 \u2013 Seven (Australia)<\/li>\n<p>&#13;<\/p>\n<li>16 de mayo de 2026 \u2013 The Gralloch (Gran Breta\u00f1a)<\/li>\n<p>&#13;<\/p>\n<li>24 de mayo de 2026 \u2013 Gravel Bogot\u00e1 (Colombia)<\/li>\n<p>&#13;<\/p>\n<li>6 de junio de 2026 \u2013 Gravel Adventure (Polonia)<\/li>\n<p>&#13;<\/p>\n<li>13 de junio de 2026 \u2013 Safari Gravel Race (Kenia)<\/li>\n<p>&#13;<\/p>\n<li>14 de junio de 2026 \u2013 Wish One Millau Grands Causses (Francia)<\/li>\n<p>&#13;<\/p>\n<li>20 de junio de 2026 \u2013 The Devils Cardigan (Australia)<\/li>\n<p>&#13;<\/p>\n<li>20 de junio de 2026 \u2013 Grand Tour 3 Cime de Lavaredo (Italia)<\/li>\n<p>&#13;<\/p>\n<li>21 de junio de 2026 \u2013 Eislek Gravel Luxembourg (Luxemburgo)<\/li>\n<p>&#13;<\/p>\n<li>21 de junio de 2026 \u2013 OG Classique (Canad\u00e1)<\/li>\n<p>&#13;<\/p>\n<li>5 de julio de 2026 \u2013 Hegau Gravel Festival (Alemania)<\/li>\n<p>&#13;<\/p>\n<li>12 de julio de 2026 \u2013 The Majestics (Suiza)<\/li>\n<p>&#13;<\/p>\n<li>25 de julio de 2026 \u2013 Around the Pot (Sudafrica)<\/li>\n<p>&#13;<\/p>\n<li>1 de agosto de 2026 \u2013 Gravel Tour Hlinsko (Rep\u00fablica Checa)<\/li>\n<p>&#13;<\/p>\n<li>8 de agosto de 2026 \u2013 Gravel Weekend (Letonia)<\/li>\n<p>&#13;<\/p>\n<li>9 de agosto de 2026 \u2013 Gravel Medell\u00edn (Colombia)<\/li>\n<p>&#13;<\/p>\n<li>15 de agosto de 2026 \u2013 Gravel Grit\u2019n Grind (Suecia)<\/li>\n<p>&#13;<\/p>\n<li>22 de agosto de 2026 \u2013 Khomas 100 (Namibia)<\/li>\n<p>&#13;<\/p>\n<li>30 de agosto de 2026 \u2013 Campeonato de Europa de Gravel 2026 (B\u00e9lgica)<\/li>\n<p>&#13;<\/p>\n<li>30 de agosto de 2026 \u2013 Gravel Arteaga Mexico (Mexico)<\/li>\n<p>&#13;<\/p>\n<li>5 de septiembre de 2026 \u2013 The Wolf (Dinamarca)<\/li>\n<p>&#13;<\/p>\n<li>5-6 de septiembre de 2026 \u2013 Graean Cymru (Gran Breta\u00f1a)<\/li>\n<p>&#13;<\/p>\n<li>6 de septiembre de 2026 \u2013 Gravel Chile (Chile)<\/li>\n<p>&#13;<\/p>\n<li>12 de septiembre de 2026 \u2013 Falling Leaves (Finlandia)<\/li>\n<p>&#13;<\/p>\n<li>19 de septiembre de 2026 \u2013 Sea Otter Europe Girona (Espa\u00f1a)<\/li>\n<p>&#13;<\/p>\n<li>19 de septiembre de 2026 \u2013 Tartu Rattamaraton (Estonia)<\/li>\n<p>&#13;<\/p>\n<li>19 de septiembre de 2026 \u2013 Mammoth TUFF (Estados Unidos)<\/li>\n<p>&#13;<\/p>\n<li>26 de septiembre de 2026 \u2013 Pyr\u00e9n\u00e9es Catalanes Gravel Tour (Francia)<\/li>\n<p>&#13;<\/p>\n<li>10-11 de octubre de 2026 \u2013 Campeonato del Mundo de Gravel 2026 (Australia)<\/li>\n<p>&#13;\n<\/ul>\n","protected":false},"excerpt":{"rendered":"El crecimiento del gravel es imparable y en la UCI han decidido sacar todo el partido posible a&hellip;\n","protected":false},"author":2,"featured_media":257738,"comment_status":"","ping_status":"","sticky":false,"template":"","format":"standard","meta":{"footnotes":""},"categories":[273],"tags":[313,312,168,25,24,23,167],"class_list":{"0":"post-257737","1":"post","2":"type-post","3":"status-publish","4":"format-standard","5":"has-post-thumbnail","7":"category-ciclismo","8":"tag-ciclismo","9":"tag-cycling","10":"tag-deportes","11":"tag-es","12":"tag-espana","13":"tag-spain","14":"tag-sports"},"share_on_mastodon":{"url":"https:\/\/pubeurope.com\/@es\/115618971894816544","error":""},"_links":{"self":[{"href":"https:\/\/www.europesays.com\/es\/wp-json\/wp\/v2\/posts\/257737","targetHints":{"allow":["GET"]}}],"collection":[{"href":"https:\/\/www.europesays.com\/es\/wp-json\/wp\/v2\/posts"}],"about":[{"href":"https:\/\/www.europesays.com\/es\/wp-json\/wp\/v2\/types\/post"}],"author":[{"embeddable":true,"href":"https:\/\/www.europesays.com\/es\/wp-json\/wp\/v2\/users\/2"}],"replies":[{"embeddable":true,"href":"https:\/\/www.europesays.com\/es\/wp-json\/wp\/v2\/comments?post=257737"}],"version-history":[{"count":0,"href":"https:\/\/www.europesays.com\/es\/wp-json\/wp\/v2\/posts\/257737\/revisions"}],"wp:featuredmedia":[{"embeddable":true,"href":"https:\/\/www.europesays.com\/es\/wp-json\/wp\/v2\/media\/257738"}],"wp:attachment":[{"href":"https:\/\/www.europesays.com\/es\/wp-json\/wp\/v2\/media?parent=257737"}],"wp:term":[{"taxonomy":"category","embeddable":true,"href":"https:\/\/www.europesays.com\/es\/wp-json\/wp\/v2\/categories?post=257737"},{"taxonomy":"post_tag","embeddable":true,"href":"https:\/\/www.europesays.com\/es\/wp-json\/wp\/v2\/tags?post=257737"}],"curies":[{"name":"wp","href":"https:\/\/api.w.org\/{rel}","templated":true}]}}