{"id":257739,"date":"2025-11-27T01:05:14","date_gmt":"2025-11-27T01:05:14","guid":{"rendered":"https:\/\/www.europesays.com\/es\/257739\/"},"modified":"2025-11-27T01:05:14","modified_gmt":"2025-11-27T01:05:14","slug":"tres-jugadores-taronja-competiran-con-sus-selecciones-nacionales-en-las-ventanas-de-noviembre","status":"publish","type":"post","link":"https:\/\/www.europesays.com\/es\/257739\/","title":{"rendered":"Tres jugadores taronja competir\u00e1n con sus selecciones nacionales en las ventanas de noviembre"},"content":{"rendered":"<p>Tras cerrar ayer con un pleno su segunda serie de cuatro partidos consecutivos en el Roig Arena, la plantilla del primer equipo masculino del Valencia Basket afronta este par\u00f3n para los partidos de selecciones con tres jugadores que se concentrar\u00e1n con sus respectivos equipos nacionales para afrontar compromisos internacionales. Omari Moore est\u00e1 convocado para jugar sus primeros minutos con Macedonia del Norte mientras que Nate Reuvers (Hungr\u00eda) y Jean Montero (Rep\u00fablica Dominicana) tambi\u00e9n han acudido a la llamada de su selecci\u00f3n. Adem\u00e1s, el jugador de Valencia Basket cedido en el Peristeri BC, \u00c1lvaro C\u00e1rdenas, ha sido llamado por la selecci\u00f3n espa\u00f1ola para disputar los dos primeros partidos de la clasificaci\u00f3n europea para la Copa del Mundo 2027 en Dinamarca (jueves 27, 18:30h) y ante Georgia (domingo 30, 19:45h).<\/p>\n<p>Omari Moore se puede estrenar con Macedonia del Norte<\/p>\n<p>Omari Moore ser\u00e1 el primero en abrir la acci\u00f3n. El exterior de Valencia Basket se ha incorporado en el d\u00eda de hoy a la concentraci\u00f3n del equipo nacional de Macedonia del Norte para los primeros partidos de la ronda pre-clasificatoria para el Eurobasket 2029. Moore ser\u00e1 el segundo de los jugadores nacionalizados que tendr\u00e1 a su disposici\u00f3n el entrenador Ilievski, ya que tambi\u00e9n cuenta con el interior Jacob Wiley, aunque solo uno de ellos podr\u00e1 participar en cada uno de los choques. El conjunto normacedonio se medir\u00e1 como local a Azerbaijan el jueves 27 de noviembre a las 19:00 horas en la SRC Kale de Skopje y posteriormente visitar\u00e1 Dubl\u00edn para medirse a Irlanda en el National Basketball Arena el domingo 30 de noviembre a las 18:00 horas.<\/p>\n<p>Nate Reuvers vuelve con Hungr\u00eda<\/p>\n<p>Despu\u00e9s de ser uno de los jugadores m\u00e1s destacados para sacar el billete para esta fase, con un promedio de 15,3 puntos y 6,3 rebotes en la fase de pre-clasificaci\u00f3n, Nate Reuvers regresa con Hungr\u00eda para afrontar la primera ventana europea de clasificaci\u00f3n para la Copa del Mundo 2027. El equipo h\u00fangaro abre sus aspiraciones de estar en la gran cita del baloncesto mundial ante Finlandia el viernes 28 de noviembre a las 18:00 horas en el Schaeffler Arena Savaria de Szombathely. Y viajar\u00e1 a B\u00e9lgica para visitar la casa de los Leones en un partido que se disputar\u00e1 el lunes 1 de diciembre a las 20:30 horas en el Mons Arena.<\/p>\n<p>Jean Montero con Rep\u00fablica Dominicana<\/p>\n<p>El \u00faltimo jugador taronja en entrar en acci\u00f3n en estas ventanas es el dominicano Jean Montero, que afrontar\u00e1 un doble enfrentamiento ante M\u00e9xico para comenzar la ronda clasificatoria americana para la Copa del Mundo 2027. La Rep\u00fablica Dominicana jugar\u00e1 el primero de los partidos como visitante el s\u00e1bado 29 de noviembre a las 03:40h en el Gimnasio Marcelino Gonz\u00e1lez de Zacatecas City. Y despu\u00e9s ir\u00e1 a casa para repetir enfrentamiento ante los mejicanos el martes 2 de diciembre a las 01:10h en el Pabell\u00f3n Ricardo Gioriber Arias de Santo Domingo.<\/p>\n<p>Relaci\u00f3n partidos equipo masculino ventanas noviembre 2025<\/p>\n<tr>\n<td valign=\"top\" width=\"69\">FECHA<\/td>\n<td valign=\"top\" width=\"61\">HORA<\/td>\n<td valign=\"top\" width=\"262\">PARTIDO<\/td>\n<td valign=\"top\" width=\"93\">JUGADOR<\/td>\n<td valign=\"top\" width=\"128\">LUGAR<\/td>\n<\/tr>\n<tr>\n<td valign=\"top\" width=\"69\">27\/11<\/td>\n<td valign=\"top\" width=\"61\">19:00<\/td>\n<td valign=\"top\" width=\"262\"><strong>Macedonia del Norte<\/strong>&#8211; Azerbaijan<\/td>\n<td valign=\"top\" width=\"93\">Moore<\/td>\n<td valign=\"top\" width=\"128\">Skopje<\/td>\n<\/tr>\n<tr>\n<td valign=\"top\" width=\"69\">28\/11<\/td>\n<td valign=\"top\" width=\"61\">18:00<\/td>\n<td valign=\"top\" width=\"262\"><strong>Hungr\u00eda<\/strong>&#8211; Finlandia<\/td>\n<td valign=\"top\" width=\"93\">Reuvers<\/td>\n<td valign=\"top\" width=\"128\">Szombathely<\/td>\n<\/tr>\n<tr>\n<td valign=\"top\" width=\"69\">29\/11<\/td>\n<td valign=\"top\" width=\"61\">03:40<\/td>\n<td valign=\"top\" width=\"262\">M\u00e9xico- <strong>Rep\u00fablica Dominicana<\/strong><\/td>\n<td valign=\"top\" width=\"93\">Montero<\/td>\n<td valign=\"top\" width=\"128\">Zacatecas City<\/td>\n<\/tr>\n<tr>\n<td valign=\"top\" width=\"69\">30\/11<\/td>\n<td valign=\"top\" width=\"61\">18:00<\/td>\n<td valign=\"top\" width=\"262\">Irlanda- <strong>Macedonia del Norte<\/strong><\/td>\n<td valign=\"top\" width=\"93\">Moore<\/td>\n<td valign=\"top\" width=\"128\">Dubl\u00edn<\/td>\n<\/tr>\n<tr>\n<td valign=\"top\" width=\"69\">01\/12<\/td>\n<td valign=\"top\" width=\"61\">20:30<\/td>\n<td valign=\"top\" width=\"262\">B\u00e9lgica- <strong>Hungr\u00eda<\/strong><\/td>\n<td valign=\"top\" width=\"93\">Reuvers<\/td>\n<td valign=\"top\" width=\"128\">Mons<\/td>\n<\/tr>\n<tr>\n<td valign=\"top\" width=\"69\">02\/12<\/td>\n<td valign=\"top\" width=\"61\">01:10<\/td>\n<td valign=\"top\" width=\"262\"><strong>Rep\u00fablica Dominicana<\/strong>&#8211; M\u00e9xico<\/td>\n<td valign=\"top\" width=\"93\">Montero<\/td>\n<td valign=\"top\" width=\"128\">Santo Domingo<\/td>\n<\/tr>\n","protected":false},"excerpt":{"rendered":"Tras cerrar ayer con un pleno su segunda serie de cuatro partidos consecutivos en el Roig Arena, la&hellip;\n","protected":false},"author":2,"featured_media":257740,"comment_status":"","ping_status":"","sticky":false,"template":"","format":"standard","meta":{"footnotes":""},"categories":[269],"tags":[299,298,168,25,24,23,167],"class_list":{"0":"post-257739","1":"post","2":"type-post","3":"status-publish","4":"format-standard","5":"has-post-thumbnail","7":"category-baloncesto","8":"tag-baloncesto","9":"tag-basketball","10":"tag-deportes","11":"tag-es","12":"tag-espana","13":"tag-spain","14":"tag-sports"},"share_on_mastodon":{"url":"https:\/\/pubeurope.com\/@es\/115618979831763512","error":""},"_links":{"self":[{"href":"https:\/\/www.europesays.com\/es\/wp-json\/wp\/v2\/posts\/257739","targetHints":{"allow":["GET"]}}],"collection":[{"href":"https:\/\/www.europesays.com\/es\/wp-json\/wp\/v2\/posts"}],"about":[{"href":"https:\/\/www.europesays.com\/es\/wp-json\/wp\/v2\/types\/post"}],"author":[{"embeddable":true,"href":"https:\/\/www.europesays.com\/es\/wp-json\/wp\/v2\/users\/2"}],"replies":[{"embeddable":true,"href":"https:\/\/www.europesays.com\/es\/wp-json\/wp\/v2\/comments?post=257739"}],"version-history":[{"count":0,"href":"https:\/\/www.europesays.com\/es\/wp-json\/wp\/v2\/posts\/257739\/revisions"}],"wp:featuredmedia":[{"embeddable":true,"href":"https:\/\/www.europesays.com\/es\/wp-json\/wp\/v2\/media\/257740"}],"wp:attachment":[{"href":"https:\/\/www.europesays.com\/es\/wp-json\/wp\/v2\/media?parent=257739"}],"wp:term":[{"taxonomy":"category","embeddable":true,"href":"https:\/\/www.europesays.com\/es\/wp-json\/wp\/v2\/categories?post=257739"},{"taxonomy":"post_tag","embeddable":true,"href":"https:\/\/www.europesays.com\/es\/wp-json\/wp\/v2\/tags?post=257739"}],"curies":[{"name":"wp","href":"https:\/\/api.w.org\/{rel}","templated":true}]}}