{"id":257742,"date":"2025-11-27T01:07:17","date_gmt":"2025-11-27T01:07:17","guid":{"rendered":"https:\/\/www.europesays.com\/es\/257742\/"},"modified":"2025-11-27T01:07:17","modified_gmt":"2025-11-27T01:07:17","slug":"las-conmovedoras-palabras-de-jose-fernando-ortega-a-michu-cuatro-meses-despues-de-su-muerte-uno-para-el-otro","status":"publish","type":"post","link":"https:\/\/www.europesays.com\/es\/257742\/","title":{"rendered":"Las conmovedoras palabras de Jos\u00e9 Fernando Ortega a Michu cuatro meses despu\u00e9s de su muerte: \u201cUno para el otro\u201d"},"content":{"rendered":"<p id=\"e-A0R_Jrv2\" data-wc=\"91\">Han transcurrido ya cinco meses desde que la vida de Jos\u00e9 Fernando Ortega dio un giro descomunal. El pasado 7 de julio,\u00a0<a class=\"hm-link ho-link\" href=\"https:\/\/www.hola.com\/actualidad\/20250708842752\/muere-michu-ex-pareja-jose-fernando\/\" data-mrf-recirculation=\"article-body-link\" rel=\"nofollow noopener\" target=\"_blank\">fallec\u00eda de forma repentina Michu, su expareja y madre de su \u00fanica hija<\/a>. Desde entonces, el hijo de Roc\u00edo Jurado ha compartido en m\u00faltiples ocasiones mensajes de amor y cari\u00f1o recordando a la gaditana y lo mucho que pesa su ausencia. Esta vez ha optado por publicar un carrusel de im\u00e1genes in\u00e9ditas acompa\u00f1adas de unas conmovedoras palabras.\u00a0<\/p>\n<p> <img src=\"https:\/\/www.europesays.com\/es\/wp-content\/uploads\/2025\/11\/d947768d04c7-michu.jpg\"   width=\"1024\" height=\"682\" loading=\"lazy\" decoding=\"async\" alt=\"Jos\u00e9 Fernando Ortega y Michu\" fetchpriority=\"auto\" class=\"image ho-image\"\/>Jos\u00e9 Fernando Ortega y Michu durante el evento Artistas VS Famosos en Madrid<\/p>\n<p id=\"eITvrfir9Nw\" data-wc=\"74\">Breve pero concisa, la dedicatoria demuestra el cari\u00f1o y el amor que hubo entre ellos, y as\u00ed lo describe al hijo de Jos\u00e9 Ortega Cano, con dos simples palabras: <strong>\u201cAmor incondicional\u201d<\/strong>, dice, y a\u00f1ade <strong>\u201ceterno\u201d<\/strong>. En las fotograf\u00edas que ilustran el motivo mensaje se aprecian im\u00e1genes in\u00e9ditas de la pareja, momentos compartidos del d\u00eda a d\u00eda y algunas instant\u00e1neas con Roc\u00edo, su hija en com\u00fan que comparten se ven momentos in\u00e9ditos de la pareja.<\/p>\n<p> <img src=\"https:\/\/www.europesays.com\/es\/wp-content\/uploads\/2025\/11\/6be3e1e53fa6-uno-para-el-otro-1.jpg\"   width=\"768\" height=\"1024\" loading=\"lazy\" decoding=\"async\" alt=\"@jfernando_ortegamohedano\" fetchpriority=\"auto\" class=\"image ho-image\"\/>\u00a9 @jfernando_ortegamohedanoJos\u00e9 Fernando Ortega comparte fotograf\u00edas junto a Michu, expareja y madre de su hija Roc\u00edo<\/p>\n<p id=\"ez5fLSADzxE\" data-wc=\"68\">La relaci\u00f3n entre Jos\u00e9 Fernando y Michu tras su separaci\u00f3n fue un misterio para los medios, y aunque cuando se produjo la repentina muerte ya no estaban juntos, para Jos\u00e9 Fernando la p\u00e9rdida de su expareja fue un golpe muy duro para \u00e9l y su familia.<strong>\u00a0\u201cUno para el otro\u201d<\/strong>, escribe Jos\u00e9 Fernando, que aprovecha siempre que puede para honrar la memoria de la madre de su hija.<\/p>\n<p>La vida tras la muerte de Michu<\/p>\n<p id=\"eFEfvqipAbh\" data-wc=\"63\">Durante el tanatorio, la familia Ortega Cano estuvo apoyando fervientemente a Jos\u00e9 Fernando en este momento tan complicado tanto para \u00e9l como para su hija. All\u00ed coincidieron con la familia de Michu, con la que mantuvieron algunas\u00a0conversaciones sobre el futuro de la menor, tal y como revelar\u00edan Gloria Camila (hermana de Jos\u00e9 Fernando) y Tamara (hermana de Michu) en futuras intervenciones televisivas.\u00a0<\/p>\n<p> <img src=\"https:\/\/www.europesays.com\/es\/wp-content\/uploads\/2025\/08\/30bb48d5b449-europapress6849548gloriacamilaortegajosefernandoortegarociofloresllega.jpg\"   width=\"1024\" height=\"682\" loading=\"lazy\" decoding=\"async\" alt=\"Gloria Camila y Roc\u00edo Flores arropan a Jos\u00e9 Fernando en la despedida a Michu \" fetchpriority=\"auto\" class=\"image ho-image\"\/>\u00a9 Europa PressGloria Camila y Roc\u00edo Flores arropan a Jos\u00e9 Fernando en la despedida a Michu <\/p>\n<p id=\"e2QMbS9-0tT\" data-wc=\"105\">La situaci\u00f3n familiar que dejaba Michu tras su muerte ha sido motivo de debate en diversas tertulias y programas de televisi\u00f3n de nuestro pa\u00eds, algo que ha generado ciertas disputas familiares, especialmente entre\u00a0<strong>Gloria Camila y Tamara, que han protagonizado varios altercados en directo<\/strong>\u00a0debido a opiniones discordantes en torno a la\u00a0<a class=\"hm-link ho-link\" href=\"https:\/\/www.hola.com\/actualidad\/20250711843634\/jose-fernando-sobre-el-futuro-de-su-hija\/\" data-mrf-recirculation=\"article-body-link\" rel=\"nofollow noopener\" target=\"_blank\">custodia de Roc\u00edo, la hija de la expareja.<\/a><strong>\u00a0<\/strong>\u00a0No obstante, con el paso de los meses parece que ha mermado la guerra medi\u00e1tica entre las dos familias y actualmente la peque\u00f1a vive con el torero, aunque recibe de vez en cuando visitas de su familia materna.<\/p>\n<p> <img src=\"https:\/\/www.europesays.com\/es\/wp-content\/uploads\/2025\/11\/e1e246db6ab6-uno-para-el-otro-2.jpg\"   width=\"768\" height=\"1024\" loading=\"lazy\" decoding=\"async\" alt=\"Mar\u00eda Rodr\u00edguez Gamaza falleci\u00f3 en julio de 2025 a los 33 a\u00f1os\" fetchpriority=\"auto\" class=\"image ho-image\"\/>\u00a9 @jfernando_ortegamohedanoMar\u00eda Rodr\u00edguez Gamaza falleci\u00f3 en julio de 2025 a los 33 a\u00f1os<\/p>\n<p id=\"ewsw4vsG5hs\" data-wc=\"238\">Jos\u00e9 Fernando no oculta su dolor tras la p\u00e9rdida de Michu y aprovecha siempre que puede para expresar en redes sociales lo mucho que la echa en falta. Pocos d\u00edas despu\u00e9s del fat\u00eddico fallecimiento ya le dedic\u00f3 unas palabras de despedida completamente desgarradoras:\u00a0<a class=\"hm-link ho-link\" href=\"https:\/\/www.hola.com\/actualidad\/20250715844375\/jose-fernando-rompe-el-silencio-con-una-dedicatoria-eterna-a-michu\/\" data-mrf-recirculation=\"article-body-link\" rel=\"nofollow noopener\" target=\"_blank\">\u00abQu\u00e9 decir al amor: solo que siempre ser\u00e1 nuestro, y que nunca olvidar\u00e9 el gran amor hacia tu hija y hacia m\u00ed. Nosotros jam\u00e1s olvidaremos tus cari\u00f1os, tus recuerdos y tus sue\u00f1os, junto a tus metas con tu gran vivir hacia la vida. Siempre ser\u00e1s una persona recordada con tu sonrisa en el alma y tu canto hacia el viento. Ahora, descansa en paz y, con tu alma celestial, brilla como nunca jam\u00e1s&#8230; \u00a1Te amamos, mami!\u00bb<\/a>, escribi\u00f3 aflijido. Y, de nuevo, el pasado mes de septiembre volvi\u00f3 a recordar a Michu en una publicaci\u00f3n junto a un emoticono de estrella que simbolizaba a la difunta madre de su hija: \u201cTe echamos mucho de menos y seguimos contigo cada d\u00eda\u201d, dec\u00eda.\u00a0<\/p>\n","protected":false},"excerpt":{"rendered":"Han transcurrido ya cinco meses desde que la vida de Jos\u00e9 Fernando Ortega dio un giro descomunal. El&hellip;\n","protected":false},"author":2,"featured_media":257743,"comment_status":"","ping_status":"","sticky":false,"template":"","format":"standard","meta":{"footnotes":""},"categories":[174],"tags":[517,255,146,147,25,24,256,30723,23],"class_list":{"0":"post-257742","1":"post","2":"type-post","3":"status-publish","4":"format-standard","5":"has-post-thumbnail","7":"category-famosos","8":"tag-actualidad","9":"tag-celebrities","10":"tag-entertainment","11":"tag-entretenimiento","12":"tag-es","13":"tag-espana","14":"tag-famosos","15":"tag-jose-fernando","16":"tag-spain"},"share_on_mastodon":{"url":"https:\/\/pubeurope.com\/@es\/115618987910264055","error":""},"_links":{"self":[{"href":"https:\/\/www.europesays.com\/es\/wp-json\/wp\/v2\/posts\/257742","targetHints":{"allow":["GET"]}}],"collection":[{"href":"https:\/\/www.europesays.com\/es\/wp-json\/wp\/v2\/posts"}],"about":[{"href":"https:\/\/www.europesays.com\/es\/wp-json\/wp\/v2\/types\/post"}],"author":[{"embeddable":true,"href":"https:\/\/www.europesays.com\/es\/wp-json\/wp\/v2\/users\/2"}],"replies":[{"embeddable":true,"href":"https:\/\/www.europesays.com\/es\/wp-json\/wp\/v2\/comments?post=257742"}],"version-history":[{"count":0,"href":"https:\/\/www.europesays.com\/es\/wp-json\/wp\/v2\/posts\/257742\/revisions"}],"wp:featuredmedia":[{"embeddable":true,"href":"https:\/\/www.europesays.com\/es\/wp-json\/wp\/v2\/media\/257743"}],"wp:attachment":[{"href":"https:\/\/www.europesays.com\/es\/wp-json\/wp\/v2\/media?parent=257742"}],"wp:term":[{"taxonomy":"category","embeddable":true,"href":"https:\/\/www.europesays.com\/es\/wp-json\/wp\/v2\/categories?post=257742"},{"taxonomy":"post_tag","embeddable":true,"href":"https:\/\/www.europesays.com\/es\/wp-json\/wp\/v2\/tags?post=257742"}],"curies":[{"name":"wp","href":"https:\/\/api.w.org\/{rel}","templated":true}]}}