{"id":257746,"date":"2025-11-27T01:15:13","date_gmt":"2025-11-27T01:15:13","guid":{"rendered":"https:\/\/www.europesays.com\/es\/257746\/"},"modified":"2025-11-27T01:15:13","modified_gmt":"2025-11-27T01:15:13","slug":"la-reina-brilla-con-la-historica-tiara-cartier-y-los-pendientes-de-chatones-en-la-cena-de-gala-con-alemania","status":"publish","type":"post","link":"https:\/\/www.europesays.com\/es\/257746\/","title":{"rendered":"La Reina brilla con la hist\u00f3rica tiara Cartier y los pendientes de chatones en la cena de gala con Alemania"},"content":{"rendered":"<p>26\/11\/2025<br \/>\n<br \/><strong><br \/>\nActualizado a las 23:04h.<br \/>\n<\/strong><\/p>\n<p class=\"voc-p\" style=\"\">En la <a href=\"https:\/\/www.abc.es\/espana\/casa-real\/felipe-steinmeier-refuerzan-relacion-hispanoalemana-visita-estado-20251125143631-nt.html\" title=\"www.abc.es\" data-voc-vtm-id=\"in-text-traffic\" data-mrf-link=\"www.abc.es\" rel=\"nofollow noopener\" target=\"_blank\">cena de gala celebrada en el Palacio Real <\/a>con motivo de la visita del presidente de la Rep\u00fablica Federal de Alemania, la Reina Letizia volvi\u00f3 a sorprender con dos joyas muy especiales: la tiara Cartier y los pendientes de chatones.<\/p>\n<p class=\"voc-p\" style=\"\">La tiara Cartier  &#8230; es <strong>una de las piezas m\u00e1s importantes de la Familia Real. <\/strong>Est\u00e1 hecha con diamantes y perlas y fue creada para la reina Victoria Eugenia. Con el tiempo ha pasado de generaci\u00f3n en generaci\u00f3n, y es conocida tambi\u00e9n porque la infanta Cristina la llev\u00f3 en la boda de Victoria de Suecia. Por eso, cada vez que aparece en un acto oficial, se convierte en una de las grandes protagonistas.<\/p>\n<p class=\"voc-p\" style=\"\">Para acompa\u00f1arla, la Do\u00f1a Letizia eligi\u00f3 <strong>los pendientes de chatones, <\/strong>unos pendientes muy elegantes, formados por diamantes redondos colocados uno a uno.<\/p>\n<p class=\"voc-p\" style=\"\">La Reina ha llevado un estilismo discreto, con un vestido negro y una banda roja, junto con el pelo recogido para dejar las joyas a la vista. Con esta elecci\u00f3n Do\u00f1a Letizia ha destacado en una noche muy importante para las relaciones entre Espa\u00f1a y Alemania.<\/p>\n<p>\nArt\u00edculo solo para suscriptores\n<\/p>\n<p>Reportar un error<\/p>\n","protected":false},"excerpt":{"rendered":"26\/11\/2025 Actualizado a las 23:04h. En la cena de gala celebrada en el Palacio Real con motivo de&hellip;\n","protected":false},"author":2,"featured_media":257747,"comment_status":"","ping_status":"","sticky":false,"template":"","format":"standard","meta":{"footnotes":""},"categories":[91],"tags":[1660,8236,64675,26674,64676,146,147,25,24,1649,5229,13901,10717,23,56811],"class_list":{"0":"post-257746","1":"post","2":"type-post","3":"status-publish","4":"format-standard","5":"has-post-thumbnail","7":"category-entretenimiento","8":"tag-alemania","9":"tag-brilla","10":"tag-cartier","11":"tag-cena","12":"tag-chatones","13":"tag-entertainment","14":"tag-entretenimiento","15":"tag-es","16":"tag-espana","17":"tag-gala","18":"tag-historica","19":"tag-pendientes","20":"tag-reina","21":"tag-spain","22":"tag-tiara"},"share_on_mastodon":{"url":"https:\/\/pubeurope.com\/@es\/115619019168457982","error":""},"_links":{"self":[{"href":"https:\/\/www.europesays.com\/es\/wp-json\/wp\/v2\/posts\/257746","targetHints":{"allow":["GET"]}}],"collection":[{"href":"https:\/\/www.europesays.com\/es\/wp-json\/wp\/v2\/posts"}],"about":[{"href":"https:\/\/www.europesays.com\/es\/wp-json\/wp\/v2\/types\/post"}],"author":[{"embeddable":true,"href":"https:\/\/www.europesays.com\/es\/wp-json\/wp\/v2\/users\/2"}],"replies":[{"embeddable":true,"href":"https:\/\/www.europesays.com\/es\/wp-json\/wp\/v2\/comments?post=257746"}],"version-history":[{"count":0,"href":"https:\/\/www.europesays.com\/es\/wp-json\/wp\/v2\/posts\/257746\/revisions"}],"wp:featuredmedia":[{"embeddable":true,"href":"https:\/\/www.europesays.com\/es\/wp-json\/wp\/v2\/media\/257747"}],"wp:attachment":[{"href":"https:\/\/www.europesays.com\/es\/wp-json\/wp\/v2\/media?parent=257746"}],"wp:term":[{"taxonomy":"category","embeddable":true,"href":"https:\/\/www.europesays.com\/es\/wp-json\/wp\/v2\/categories?post=257746"},{"taxonomy":"post_tag","embeddable":true,"href":"https:\/\/www.europesays.com\/es\/wp-json\/wp\/v2\/tags?post=257746"}],"curies":[{"name":"wp","href":"https:\/\/api.w.org\/{rel}","templated":true}]}}