{"id":257756,"date":"2025-11-27T01:20:34","date_gmt":"2025-11-27T01:20:34","guid":{"rendered":"https:\/\/www.europesays.com\/es\/257756\/"},"modified":"2025-11-27T01:20:34","modified_gmt":"2025-11-27T01:20:34","slug":"la-guardia-civil-detiene-a-un-hombre-por-el-asesinato-de-su-expareja-en-campillos-en-malaga-sociedad","status":"publish","type":"post","link":"https:\/\/www.europesays.com\/es\/257756\/","title":{"rendered":"La Guardia Civil detiene a un hombre por el asesinato de su expareja en Campillos, en M\u00e1laga | Sociedad"},"content":{"rendered":"<p class=\"\">La Guardia Civil ha detenido este mi\u00e9rcoles a <a href=\"https:\/\/elpais.com\/noticias\/violencia-machista\/\" target=\"_blank\" rel=\"noreferrer nofollow noopener\" title=\"https:\/\/elpais.com\/noticias\/violencia-machista\/\">un hombre de 28 a\u00f1os acusado de asesinar a su expareja, Concepci\u00f3n G., de 25 a\u00f1os<\/a>, en el domicilio en el que ella viv\u00eda con su padre, en Campillos, una localidad malague\u00f1a de 8.499 habitantes, han informado fuentes pr\u00f3ximas a la investigaci\u00f3n. El hombre, seg\u00fan las primeras investigaciones, fue a la casa una vez que el padre sali\u00f3 para ir al trabajo y cometi\u00f3 el crimen. Horas despu\u00e9s, sobre la una del mediod\u00eda, ha acudido a las dependencias de la Guardia Civil en Martos (Ja\u00e9n) para confesar. Ambos, espa\u00f1oles, hab\u00edan estado el sistema VioG\u00e9n, el de seguimiento de las v\u00edctimas de violencia machista y sus agresores, con anteriores parejas, pero ahora sus expedientes estaban inactivos. Entre ellos no constan antecedentes por violencia machista. <\/p>\n<p class=\"\">Las mismas fuentes han explicado que tras la confesi\u00f3n varios agentes de la Guardia Civil se han trasladado a la direcci\u00f3n de la vivienda de Campillos que hab\u00eda aportado el joven. All\u00ed han encontrado a la mujer con signos estrangulamiento, por lo que han procedido a su detenci\u00f3n. <\/p>\n<p class=\"\">El Ayuntamiento de Campillos ha decretado tres d\u00edas de luto. \u201cEstamos conmocionados\u201d, ha se\u00f1alado el alcalde de Campillos, Daniel G\u00f3mez. \u201cEsto es un pueblo peque\u00f1o y nos conocemos todos. Est\u00e1 siendo un momento muy duro para la localidad\u201d, ha subrayado el regidor, quien ha explicado que despu\u00e9s de recibir la noticia por parte de la jefatura de la Polic\u00eda Local del municipio han decidido cancelar todas la actividades que hab\u00eda esta misma tarde y todas las que hay hasta el pr\u00f3ximo s\u00e1bado, incluido el pleno municipal que estaba previsto para la ma\u00f1ana del jueves. <\/p>\n<p class=\"\">Tambi\u00e9n se ha convocado una concentraci\u00f3n este jueves 27 de noviembre a las 12:00 horas en la puerta del consistorio, donde se realizar\u00e1 un minuto de silencio y ha pedido un equipo de psic\u00f3logos para que atienda a la familia a trav\u00e9s del convenio que el Colegio Oficial de Psicolog\u00eda tiene con el 112.<\/p>\n<p class=\"\">Y se ha enviado un comunicado a primera hora de la tarde para manifestar \u201csu m\u00e1s firme condena y absoluta repulsa ante el asesinato machista\u201d ocurrido en el municipio. \u201cNos encontramos ante un crimen terrible que nos sacude como pueblo y que vuelve a recordarnos la realidad m\u00e1s dolorosa de la violencia de g\u00e9nero: una violencia que mata, que destruye familias y que rompe la convivencia en nuestras comunidades. Nada puede justificar un acto tan cruel e inhumano\u201d, relata el texto, que subraya que Campillos \u201cllora la p\u00e9rdida de una vecina y acompa\u00f1a en su dolor a su familia, amistades y seres queridos\u201d.<\/p>\n<p class=\"\">\u201cLa violencia machista es una violaci\u00f3n de los Derechos Humanos, un problema estructural que nos interpela como sociedad y que exige la unidad de todas las instituciones, partidos pol\u00edticos y ciudadan\u00eda. No puede haber equidistancias, dudas ni silencios: Campillos se posiciona siempre al lado de las v\u00edctimas y contra los agresores\u201d, ha subrayado el comunicado municipal.<\/p>\n<p class=\"\">El Ministerio de Igualdad est\u00e1 ya recabando datos del asesinato y el subdelegado del Gobierno en M\u00e1laga, Javier Salas, ha condenado con \u201cfirmeza\u201d el asesinato: \u201cDebemos redoblar todos los esfuerzos para que la conciencia contra la violencia machista est\u00e9 arraigada en nuestra sociedad de manera permanente y definitiva\u201d. Para ello, ha dicho, \u201cla principal arma es la educaci\u00f3n y el destierro de los mensajes negacionistas de la violencia de g\u00e9nero\u201d.<\/p>\n<p class=\"\">Este es el segundo asesinato machista en menos de una semana en la provincia de M\u00e1laga, despu\u00e9s de que un <a href=\"https:\/\/elpais.com\/sociedad\/2025-11-22\/la-guardia-civil-detiene-a-un-hombre-por-el-asesinato-de-su-expareja-en-rincon-de-la-victoria.html\" target=\"_blank\" rel=\"noreferrer nofollow noopener\" title=\"https:\/\/elpais.com\/sociedad\/2025-11-22\/la-guardia-civil-detiene-a-un-hombre-por-el-asesinato-de-su-expareja-en-rincon-de-la-victoria.html\">var\u00f3n de 61 a\u00f1os matase a su exmujer, de 60 a\u00f1os<\/a>, de varias pu\u00f1aladas el pasado s\u00e1bado en Rinc\u00f3n de la Victoria. Un vecino alert\u00f3 al servicio de Emergencias 112 Andaluc\u00eda de que se estaba produciendo una pelea en una vivienda cercana y cuando las patrullas de Polic\u00eda Local y Guardia Civil llegaron hasta la zona encontraron a la v\u00edctima tendida en el suelo y ya sin vida. <\/p>\n<p class=\"\">El autor de los hechos fue arrestado y, tras pasar a disposici\u00f3n judicial, ha sido enviado a prisi\u00f3n por el Juzgado de Violencia sobre la Mujer n\u00famero 2 de M\u00e1laga, seg\u00fan informaron fuentes del Tribunal Superior de Justicia de Andaluc\u00eda (TSJA). No exist\u00edan denuncias previas entre ellos y la mujer no se encontraba en el sistema VioG\u00e9n.<\/p>\n<p class=\"\">En lo que va de a\u00f1o, 38<b> <\/b>mujeres han sido asesinadas por sus parejas o exparejas. Desde que arranc\u00f3 la <a href=\"http:\/\/estadisticasviolenciagenero.igualdad.mpr.gob.es\" target=\"_blank\" title=\"\" rel=\"nofollow noopener\">estad\u00edstica oficial<\/a>, en 2003, son 1.333<b> <\/b>mujeres. Queda por confirmar, adem\u00e1s de este crimen, ese asesinato del pasado s\u00e1bado en Rinc\u00f3n de la Victoria.<\/p>\n<p class=\"\">El tel\u00e9fono 016 atiende a las v\u00edctimas de violencia machista, a sus familias y a su entorno las 24 horas del d\u00eda, todos los d\u00edas del a\u00f1o, en 53 idiomas diferentes. El n\u00famero no queda registrado en la factura telef\u00f3nica, pero hay que borrar la llamada del dispositivo. Tambi\u00e9n se puede contactar a trav\u00e9s del correo electr\u00f3nico <a href=\"https:\/\/elpais.com\/sociedad\/2025-11-26\/mailto:016-online@igualdad.gob.es\" rel=\"nofollow noopener\" target=\"_blank\">016-online@igualdad.gob.es<\/a> y por WhatsApp en el n\u00famero 600 000 016. Los menores pueden dirigirse al tel\u00e9fono de la Fundaci\u00f3n ANAR 900 20 20 10. Si es una situaci\u00f3n de emergencia, se puede llamar al 112 o a los tel\u00e9fonos de la Polic\u00eda Nacional (091) y de la Guardia Civil (062). Y en caso de no poder llamar, se puede recurrir a la aplicaci\u00f3n ALERTCOPS, desde la que se env\u00eda una se\u00f1al de alerta a la Polic\u00eda con geolocalizaci\u00f3n.<\/p>\n","protected":false},"excerpt":{"rendered":"La Guardia Civil ha detenido este mi\u00e9rcoles a un hombre de 28 a\u00f1os acusado de asesinar a su&hellip;\n","protected":false},"author":2,"featured_media":257757,"comment_status":"","ping_status":"","sticky":false,"template":"","format":"standard","meta":{"footnotes":""},"categories":[5],"tags":[259,8619,17,18,25,24,13,14,11,19,20,4043,8616,9,10,15,16,8618,492,23,12,21,22,8617,8615,6580],"class_list":{"0":"post-257756","1":"post","2":"type-post","3":"status-publish","4":"format-standard","5":"has-post-thumbnail","7":"category-titulares","8":"tag-andalucia","9":"tag-asesinato-pareja","10":"tag-breaking-news","11":"tag-breakingnews","12":"tag-es","13":"tag-espana","14":"tag-featured-news","15":"tag-featurednews","16":"tag-headlines","17":"tag-latest-news","18":"tag-latestnews","19":"tag-machismo","20":"tag-maltrato-mujer","21":"tag-news","22":"tag-noticias","23":"tag-noticias-destacadas","24":"tag-noticiasdestacadas","25":"tag-patriarcado","26":"tag-sociedad","27":"tag-spain","28":"tag-titulares","29":"tag-ultimas-noticias","30":"tag-ultimasnoticias","31":"tag-victimas-violencia-genero","32":"tag-violencia-genero","33":"tag-violencia-machista"},"share_on_mastodon":{"url":"https:\/\/pubeurope.com\/@es\/115619038737364923","error":""},"_links":{"self":[{"href":"https:\/\/www.europesays.com\/es\/wp-json\/wp\/v2\/posts\/257756","targetHints":{"allow":["GET"]}}],"collection":[{"href":"https:\/\/www.europesays.com\/es\/wp-json\/wp\/v2\/posts"}],"about":[{"href":"https:\/\/www.europesays.com\/es\/wp-json\/wp\/v2\/types\/post"}],"author":[{"embeddable":true,"href":"https:\/\/www.europesays.com\/es\/wp-json\/wp\/v2\/users\/2"}],"replies":[{"embeddable":true,"href":"https:\/\/www.europesays.com\/es\/wp-json\/wp\/v2\/comments?post=257756"}],"version-history":[{"count":0,"href":"https:\/\/www.europesays.com\/es\/wp-json\/wp\/v2\/posts\/257756\/revisions"}],"wp:featuredmedia":[{"embeddable":true,"href":"https:\/\/www.europesays.com\/es\/wp-json\/wp\/v2\/media\/257757"}],"wp:attachment":[{"href":"https:\/\/www.europesays.com\/es\/wp-json\/wp\/v2\/media?parent=257756"}],"wp:term":[{"taxonomy":"category","embeddable":true,"href":"https:\/\/www.europesays.com\/es\/wp-json\/wp\/v2\/categories?post=257756"},{"taxonomy":"post_tag","embeddable":true,"href":"https:\/\/www.europesays.com\/es\/wp-json\/wp\/v2\/tags?post=257756"}],"curies":[{"name":"wp","href":"https:\/\/api.w.org\/{rel}","templated":true}]}}