{"id":257768,"date":"2025-11-27T01:34:09","date_gmt":"2025-11-27T01:34:09","guid":{"rendered":"https:\/\/www.europesays.com\/es\/257768\/"},"modified":"2025-11-27T01:34:09","modified_gmt":"2025-11-27T01:34:09","slug":"los-premios-ondas-celebran-la-fuerza-del-periodismo-frente-a-la-mentira-comunicacion-y-medios","status":"publish","type":"post","link":"https:\/\/www.europesays.com\/es\/257768\/","title":{"rendered":"Los Premios Ondas celebran la fuerza del periodismo frente a la mentira | Comunicaci\u00f3n y Medios"},"content":{"rendered":"<p class=\"\">Dicen los manuales que las grandes fiestas deben empezar muy bien y acabar todav\u00eda mejor. Si las ovaciones son un term\u00f3metro,<a href=\"https:\/\/elpais.com\/comunicacion\/2025-10-28\/el-fallo-del-jurado-de-los-premios-ondas-2025.html\" target=\"_self\" rel=\"nofollow noopener\" title=\"https:\/\/elpais.com\/comunicacion\/2025-10-28\/el-fallo-del-jurado-de-los-premios-ondas-2025.html\"> la gala de entrega de los Premios Ondas<\/a> ha dado este mi\u00e9rcoles en el clavo. La primera de las 26 estatuillas entregadas la ha recogido la periodista Gemma Nierga por su programa Caf\u00e8 d\u2019Idees y, tras agradecerla, ha mostrado su esperanza de que en el futuro esos galardones los puedan ganar \u201cOsm\u00e1n, Salma, Mohammed\u2026 porque eso querr\u00e1 decir que los que quieren expulsarlos no han podido hacerlo y, en cambio, este pa\u00eds les ha dado la oportunidad que se merecen\u201d. Fue acabar la frase y los v\u00edtores llenaron <a href=\"https:\/\/elpais.com\/noticias\/teatro-liceo-barcelona\/\" target=\"_self\" rel=\"nofollow noopener\" title=\"https:\/\/elpais.com\/noticias\/teatro-liceo-barcelona\/\">el Gran Teatre del Liceu<\/a>. <\/p>\n<p class=\"\">Y <a href=\"https:\/\/elpais.com\/noticias\/el-gran-wyoming\/\" target=\"_self\" rel=\"nofollow noopener\" title=\"https:\/\/elpais.com\/noticias\/el-gran-wyoming\/\">Jos\u00e9 Miguel Monz\u00f3n, El Gran Wyoming<\/a>, ha hecho la magia tambi\u00e9n al final, con uno de esos discursos duros que tanto le caracterizan, ayer sin atisbo de humor, advirtiendo contra aquellos que se dicen periodistas y son \u201cintoxicadores que ocupan el espacio de la informaci\u00f3n para lanzar mentiras, insidias\u201d. Llam\u00f3 a los nuevos profesionales de la informaci\u00f3n a \u201cluchar contra los enemigos de la libertad: estuvieron, estar\u00e1n y est\u00e1n, con lanzallamas o con motosierras\u201d. Y el Liceu volvi\u00f3 a rugir en el fin de fiesta organizado por Grupo Prisa y Radio Barcelona-Cadena SER. <\/p>\n<p><img decoding=\"auto\" class=\"_re lazyload a_m-h\" height=\"276\"  width=\"414\"  src=\"https:\/\/www.europesays.com\/es\/wp-content\/uploads\/2025\/11\/Q3UD5Y5CHFB7ZOJNGMQPF4VKWI.JPG\" loading=\"lazy\"\/>El Gran Wyoming, al recoger su premio.ALBERT GARCIA<\/p>\n<p class=\"\">Fueron dos horas en el que se reivindic\u00f3 la radio, la televisi\u00f3n y la m\u00fasica desde la empat\u00eda, el respeto, la amabilidad y la conversaci\u00f3n, como logr\u00f3 sintetizar <a href=\"https:\/\/elpais.com\/comunicacion\/2025-11-17\/mara-torres-presentara-la-gran-gala-de-entrega-de-los-premios-ondas-2025.html\" target=\"_self\" rel=\"nofollow noopener\" title=\"https:\/\/elpais.com\/comunicacion\/2025-11-17\/mara-torres-presentara-la-gran-gala-de-entrega-de-los-premios-ondas-2025.html\">la conductora del evento, Mara Torres<\/a>. Pero en ese discurso se col\u00f3 tambi\u00e9n el futuro, las juventudes que tienen que comandarlo en los pr\u00f3ximos a\u00f1os y que ahora est\u00e1n en un mar de incertidumbre, cuando no de precariedad. <a href=\"https:\/\/elpais.com\/noticias\/paco-lobaton\/\" target=\"_self\" rel=\"nofollow noopener\" title=\"https:\/\/elpais.com\/noticias\/paco-lobaton\/\">Paco Lobat\u00f3n, premio especial por su carrera<\/a>, les pidi\u00f3 un favor: \u201cNo os dej\u00e9is abatir por la precariedad, os necesitamos para combatir los bulos\u201d. <\/p>\n<p class=\"\">De las dificultades hablaron casi todos, tambi\u00e9n Pastora Soler, galardonada por su trayectoria musical. Recordaba que su hija de 10 a\u00f1os le preguntaba qu\u00e9 era eso del premio Ondas que iba a recibir, y dijo que intent\u00f3 hacerlo entendible con unas pocas palabras: un premio \u201cpor llevar toda la vida dedicada a lo que me he dedicado toda la vida, con muchos altibajos\u201d. La tonadilla del \u201cvolver a levantarse\u201d que hab\u00eda utilizado antes Nierga o la superaci\u00f3n de obst\u00e1culos, como se\u00f1al\u00f3 <a href=\"https:\/\/elpais.com\/television\/2023-03-19\/alejandra-herranz-es-un-privilegio-tomar-el-testigo-de-ana-blanco-porque-es-una-institucion-para-todo-un-pais.html\" target=\"_self\" rel=\"nofollow noopener\" title=\"https:\/\/elpais.com\/television\/2023-03-19\/alejandra-herranz-es-un-privilegio-tomar-el-testigo-de-ana-blanco-porque-es-una-institucion-para-todo-un-pais.html\">Alejandra Herranz, hoy presentadora del telediario de RTVE <\/a>y ayer premiada por su trayectoria, pero que ayer recordaba su primer directo, en el aeropuerto de Barcelona. \u201cMis jefes no lo ve\u00edan claro\u201d, explic\u00f3 de aquel estreno. \u201cAqu\u00ed estoy\u201d, cerr\u00f3, en un intento de generar confianza. <\/p>\n<p><img decoding=\"auto\" class=\"_re lazyload a_m-h\" height=\"276\"  width=\"414\"  src=\"https:\/\/www.europesays.com\/es\/wp-content\/uploads\/2025\/11\/4WFQK3IGR5CRFBHG2SJ4LAWLZU.JPG\" loading=\"lazy\"\/>Mara Torres, conductora de la gala, entrega el Ondas a la mejor comunicadora a la periodista de RTVE Alejandra Herranz.ALBERT GARCIA<\/p>\n<p class=\"\">\u201cLa palabra del d\u00eda es gracias\u201d, dijo <a href=\"https:\/\/elpais.com\/expres\/2025-10-29\/de-isaias-lafuente-a-querer-los-ganadores-de-los-ondas-2025-y-su-reconocimiento-especial-a-la-radio-en-el-apagon.html\" target=\"_self\" rel=\"nofollow noopener\" title=\"https:\/\/elpais.com\/expres\/2025-10-29\/de-isaias-lafuente-a-querer-los-ganadores-de-los-ondas-2025-y-su-reconocimiento-especial-a-la-radio-en-el-apagon.html\">el periodista de la SER Isa\u00edas Lafuente <\/a>ya con el premio Ondas a la mejor labor profesional tras 40 a\u00f1os de profesi\u00f3n en sus manos. El veterano un ligero repaso a la carrera iniciada hace 40 a\u00f1os como becario y reivindic\u00f3 a los j\u00f3venes que un d\u00eda llegan a los medios de comunicaci\u00f3n \u201ccon la fecha de caducidad en la frente\u201d porque no tienen oportunidad de madurar ni de emprender una carrera como la que \u00e9l s\u00ed acab\u00f3 forjando. <\/p>\n<p class=\"\">Dos horas antes, fuera, en medio de un ambiente marcado por el polvo de las innumerables obras en las Ramblas y las luces de Navidad encendidas desde el \u00faltimo fin de semana, la tradicional alfombra roja recib\u00eda a invitados y premiados. Pasaba desapercibido ese \u201cmundo que nos da un poco miedo\u201d, como lo defini\u00f3 <a href=\"https:\/\/elpais.com\/noticias\/monica-terribas\/\" target=\"_self\" rel=\"nofollow noopener\" title=\"https:\/\/elpais.com\/noticias\/monica-terribas\/\">M\u00f2nica Terribas<\/a>, que recogi\u00f3 el galard\u00f3n al documental Yo dej\u00e9 el Opus Dei. \u201cVamos a hacer retroceder a la gente que quiere aniquilar este pa\u00eds\u201d, se\u00f1al\u00f3, muy en l\u00ednea de toda la gala.<\/p>\n<p class=\"\">Durante el almuerzo previo a la gala con los galardonados, la consejera delegada de Prisa Media, Pilar Gil, reivindic\u00f3 el papel de la radio y de los viejos transistores. Ocurri\u00f3 durante la terrible dana que asol\u00f3 Valencia el 29 de octubre y Gil volvi\u00f3 a recordar el rol central que tuvo el pasado 28 de abril, cuando un gran apag\u00f3n dej\u00f3 sin electricidad a Espa\u00f1a. \u201cAquella tarde todos buscamos un transistor para saber qu\u00e9 pasaba, para escuchar, para saber, para entender y para tener contexto\u201d, dijo. El alcalde de Barcelona, Jaume Collboni, anfitri\u00f3n de la recepci\u00f3n a los premiados, llam\u00f3 a apostar por la creaci\u00f3n cultural desde la capital catalana, de la que dijo que protagoniza una \u201cnueva primavera cultural\u201d. <\/p>\n","protected":false},"excerpt":{"rendered":"Dicen los manuales que las grandes fiestas deben empezar muy bien y acabar todav\u00eda mejor. Si las ovaciones&hellip;\n","protected":false},"author":2,"featured_media":257769,"comment_status":"","ping_status":"","sticky":false,"template":"","format":"standard","meta":{"footnotes":""},"categories":[170],"tags":[6699,1980,5262,146,147,25,24,184,185,532,56939,1448,23,20222],"class_list":{"0":"post-257768","1":"post","2":"type-post","3":"status-publish","4":"format-standard","5":"has-post-thumbnail","7":"category-musica","8":"tag-cadena-ser","9":"tag-cataluna","10":"tag-comunicacion","11":"tag-entertainment","12":"tag-entretenimiento","13":"tag-es","14":"tag-espana","15":"tag-music","16":"tag-musica","17":"tag-premios","18":"tag-premios-ondas","19":"tag-radio","20":"tag-spain","21":"tag-television-publica"},"share_on_mastodon":{"url":"https:\/\/pubeurope.com\/@es\/115619094659185622","error":""},"_links":{"self":[{"href":"https:\/\/www.europesays.com\/es\/wp-json\/wp\/v2\/posts\/257768","targetHints":{"allow":["GET"]}}],"collection":[{"href":"https:\/\/www.europesays.com\/es\/wp-json\/wp\/v2\/posts"}],"about":[{"href":"https:\/\/www.europesays.com\/es\/wp-json\/wp\/v2\/types\/post"}],"author":[{"embeddable":true,"href":"https:\/\/www.europesays.com\/es\/wp-json\/wp\/v2\/users\/2"}],"replies":[{"embeddable":true,"href":"https:\/\/www.europesays.com\/es\/wp-json\/wp\/v2\/comments?post=257768"}],"version-history":[{"count":0,"href":"https:\/\/www.europesays.com\/es\/wp-json\/wp\/v2\/posts\/257768\/revisions"}],"wp:featuredmedia":[{"embeddable":true,"href":"https:\/\/www.europesays.com\/es\/wp-json\/wp\/v2\/media\/257769"}],"wp:attachment":[{"href":"https:\/\/www.europesays.com\/es\/wp-json\/wp\/v2\/media?parent=257768"}],"wp:term":[{"taxonomy":"category","embeddable":true,"href":"https:\/\/www.europesays.com\/es\/wp-json\/wp\/v2\/categories?post=257768"},{"taxonomy":"post_tag","embeddable":true,"href":"https:\/\/www.europesays.com\/es\/wp-json\/wp\/v2\/tags?post=257768"}],"curies":[{"name":"wp","href":"https:\/\/api.w.org\/{rel}","templated":true}]}}