{"id":257774,"date":"2025-11-27T01:38:17","date_gmt":"2025-11-27T01:38:17","guid":{"rendered":"https:\/\/www.europesays.com\/es\/257774\/"},"modified":"2025-11-27T01:38:17","modified_gmt":"2025-11-27T01:38:17","slug":"andreu-buenafuente-sobre-su-pausa-laboral-antes-de-las-campanadas-yo-me-canse-por-silvia-puede-que-el-cansancio-te-lo-genere-otra-persona","status":"publish","type":"post","link":"https:\/\/www.europesays.com\/es\/257774\/","title":{"rendered":"Andreu Buenafuente, sobre su pausa laboral antes de las Campanadas: \u201cYo me cans\u00e9 por Silvia, puede que el cansancio te lo genere otra persona\u201d"},"content":{"rendered":"<p><img alt=\"Andreu Buenafuente y Silvia Abril\" class=\"global-image\" decoding=\"async\" fetchpriority=\"high\" height=\"1838\" loading=\"eager\" src=\"https:\/\/www.europesays.com\/es\/wp-content\/uploads\/2025\/11\/VD6ODJJTIVFFLDQER7BEYSU5FQ.jpg\" width=\"3268\"\/>Andreu Buenafuente y Silvia Abril en una imagen de archivo(Photo by JORGE GUERRERO \/ AFP)<\/p>\n<p class=\"paragraph\">Recientemente, <b>Andreu Buenafuente<\/b> ha generado una notable repercusi\u00f3n en el panorama televisivo y teatral tras comunicar su decisi\u00f3n de hacer una <b>pausa en su actividad profesional<\/b>. De acuerdo con su testimonio, los motivos se deben al \u00ab<a rel=\"noopener noreferrer nofollow\" href=\"https:\/\/www.infobae.com\/espana\/2025\/11\/21\/andreu-buenafuente-se-retira-temporalmente-por-exceso-de-carga-laboral-tengo-que-parar-un-poco\/\" target=\"_self\" title=\"https:\/\/www.infobae.com\/espana\/2025\/11\/21\/andreu-buenafuente-se-retira-temporalmente-por-exceso-de-carga-laboral-tengo-que-parar-un-poco\/\">exceso de carga laboral<\/a><b> <\/b>y por prescripci\u00f3n m\u00e9dica\u201d. La noticia se difundi\u00f3 a trav\u00e9s de un comunicado emitido por El Terrat, la productora que gestiona sus proyectos, en el que el conductor de Futuro imperfecto detallaba que deb\u00eda \u201cparar un poco para recuperarme y volver con la energ\u00eda que merece todo lo que hago\u201d. <\/p>\n<p class=\"paragraph\">Sus palabras, directas y transparentes, despertaron preocupaci\u00f3n entre sus seguidores y compa\u00f1eros de profesi\u00f3n, especialmente porque la decisi\u00f3n se conoc\u00eda apenas unos d\u00edas despu\u00e9s de que TVE confirmara que Buenafuente ser\u00eda el encargado de<b> presentar las Campanadas de 2026 en La 1<\/b>, <a rel=\"noopener noreferrer nofollow\" href=\"https:\/\/www.infobae.com\/espana\/2025\/11\/18\/la-mansion-centenaria-de-andreu-buenafuente-y-silvia-abril-presentadores-estrella-de-las-campanadas-en-tve\/\" target=\"_self\" title=\"https:\/\/www.infobae.com\/espana\/2025\/11\/18\/la-mansion-centenaria-de-andreu-buenafuente-y-silvia-abril-presentadores-estrella-de-las-campanadas-en-tve\/\">junto a su pareja<\/a>, la actriz y humorista Silvia Abril.<\/p>\n<p><img alt=\"Silvia Abril y Andreu Buenafuente\" class=\"global-image\" decoding=\"async\" fetchpriority=\"low\" height=\"1080\" loading=\"lazy\" src=\"https:\/\/www.europesays.com\/es\/wp-content\/uploads\/2025\/11\/U57P5D74FFDOHE3KQCDLVCNYG4.jpg\" width=\"1920\"\/>Silvia Abril y Andreu Buenafuente dar\u00e1n las Campanadas de TVE. (Europa Press)<\/p>\n<p class=\"paragraph\">La pausa anunciada tambi\u00e9n ha tenido una <b>repercusi\u00f3n inmediata<\/b> en varios de sus compromisos profesionales. No solo detendr\u00e1 temporalmente las grabaciones de su programa de televisi\u00f3n, sino que tambi\u00e9n afecta a <b>El Tenoriu<\/b>, la adaptaci\u00f3n de Don Juan Tenorio que interpreta junto a Abril y que, recientemente, hab\u00eda logrado llenar el Teatro Coliseum de Barcelona con m\u00e1s de 6.000 espectadores. Se trata de uno de los proyectos m\u00e1s personales de la pareja, que ha sido recibido con entusiasmo por el p\u00fablico y la cr\u00edtica. Ahora, la decisi\u00f3n de frenar el ritmo laboral pone de manifiesto la exigencia de la agenda del presentador y la necesidad de preservar su bienestar.<\/p>\n<p class=\"paragraph\">Durante la \u00faltima emisi\u00f3n de Nadie sabe nada, el popular p\u00f3dcast de improvisaci\u00f3n que comparte con Berto Romero, el humorista ha hablado precisamente sobre su pausa laboral y sobre c\u00f3mo vive el proceso de preparaci\u00f3n previa a cada representaci\u00f3n. De esta manera, ha recordado una de sus \u00faltimas funciones para ilustrar la intensidad con la que afronta cada jornada de trabajo. \u201cYo me levant\u00f3 ya por la ma\u00f1ana con el cuerpo de funci\u00f3n. Tengo cuerpo de funci\u00f3n. Tengo cuerpo ya de programa. Ya estoy un poquito nervioso.<b> S\u00e9 que todo el d\u00eda concluir\u00e1 en subir al escenario. <\/b>Yo lo digo cuerpo de funci\u00f3n y que si no lo tuvieras es que no te importa lo que haces\u201d, ha explicado, entre risas, dejando entrever la mezcla de humor y sinceridad que caracteriza sus intervenciones.<\/p>\n<p><img alt=\"Andreu Buenafuente y Berta Romero\" class=\"global-image\" decoding=\"async\" fetchpriority=\"low\" height=\"1060\" loading=\"lazy\" src=\"https:\/\/www.europesays.com\/es\/wp-content\/uploads\/2025\/11\/4VF3JQ4R2NC5ZENHVWIUUC72QA.png\" width=\"1919\"\/>Andreu Buenafuente y Berta Romero en el p\u00f3dcast &#8216;Nadie sabe nada&#8217; (YouTube)<\/p>\n<p class=\"paragraph\">Buenafuente tambi\u00e9n ha hablado del esfuerzo que requiere administrar esa energ\u00eda diaria. Para describirlo, ha utilizado una met\u00e1fora que provoc\u00f3 la risa del p\u00fablico. Y es que ha asegurado que es un \u201ccalculador energ\u00e9tico\u201d, ya que organiza sus tareas siguiendo una suerte de cuenta regresiva. \u201cTengo que estar en el teatro a las seis. <b>\u00bfD\u00f3nde me cabe la siesta? <\/b>Voy haciendo una agenda retroactiva\u201d, ha relatado, ir\u00f3nicamente, antes de a\u00f1adir: \u201cMi jefe es un Excel de energ\u00eda\u201d.<\/p>\n<p class=\"paragraph\">El contraste con la forma de afrontar el trabajo de <b>Silvia Abril<\/b> qued\u00f3 patente en la an\u00e9cdota que ha compartido durante el p\u00f3dcast. Seg\u00fan ha contado, su esposa inicia el d\u00eda con un nivel de energ\u00eda radicalmente distinto. \u201c<b>Mi mujer se levanta ya sonriendo<\/b>. Dice \u2018buenos d\u00edas\u2019 mientras el perro salta como ella, porque el perro ha salido a ella\u201d, ha relatado, provocando carcajadas. \u00c9l, por el contrario, ha admitido su dificultad para arrancar la jornada: \u201cYo abro un ojo y miro de gairell el tel\u00e9fono, el reloj, y veo que son las cinco de la ma\u00f1ana\u201d. Sin poder creerlo, Buenafuente le ha preguntado a su esposa que qu\u00e9 pasaba. \u201cCon un hilo de voz que sale de las catacumbas de mi laringe digo: <b>\u2018\u00bfD\u00f3nde vas?\u2019<\/b>\u201d, ha contado.<\/p>\n<p><img alt=\"Andreu Buenafuente y Silvia Abril\" class=\"global-image\" decoding=\"async\" fetchpriority=\"low\" height=\"2401\" loading=\"lazy\" src=\"https:\/\/www.europesays.com\/es\/wp-content\/uploads\/2025\/11\/X26LU5YADBF3LCELNKK27FRYQ4.jpg\" width=\"1920\"\/>Andreu Buenafuente y Silvia Abril (RTVE)<\/p>\n<p class=\"paragraph\">Aquel d\u00eda, ha contado <a rel=\"noopener noreferrer nofollow\" href=\"https:\/\/www.infobae.com\/espana\/2025\/07\/17\/la-reflexion-de-andreu-buenafuente-tras-cumplir-60-anos-hacerse-viejo-no-es-solo-cansancio-fisico-hay-mucha-gente-que-se-hace-mayor-y-se-vuelve-facha\/\" target=\"_self\" title=\"https:\/\/www.infobae.com\/espana\/2025\/07\/17\/la-reflexion-de-andreu-buenafuente-tras-cumplir-60-anos-hacerse-viejo-no-es-solo-cansancio-fisico-hay-mucha-gente-que-se-hace-mayor-y-se-vuelve-facha\/\">el presentador<\/a>, la actriz de La que se avecina afrontaba una agenda maratoniana que inclu\u00eda \u201cel rodaje de una pel\u00edcula, la presentaci\u00f3n de un libro y, finalmente, la funci\u00f3n de El Tenoriu\u201d. Una acumulaci\u00f3n de compromisos que sorprendi\u00f3 incluso a su marido, quien ha bromeado diciendo: \u201c<b>Yo me cans\u00e9 por ella. <\/b>Puede haber un cansancio Bluetooth que te genere la otra persona\u201d.<\/p>\n","protected":false},"excerpt":{"rendered":"Andreu Buenafuente y Silvia Abril en una imagen de archivo(Photo by JORGE GUERRERO \/ AFP) Recientemente, Andreu Buenafuente&hellip;\n","protected":false},"author":2,"featured_media":257775,"comment_status":"","ping_status":"","sticky":false,"template":"","format":"standard","meta":{"footnotes":""},"categories":[91],"tags":[146,147,25,24,176,23,14262],"class_list":{"0":"post-257774","1":"post","2":"type-post","3":"status-publish","4":"format-standard","5":"has-post-thumbnail","7":"category-entretenimiento","8":"tag-entertainment","9":"tag-entretenimiento","10":"tag-es","11":"tag-espana","12":"tag-film","13":"tag-spain","14":"tag-vertical"},"share_on_mastodon":{"url":"https:\/\/pubeurope.com\/@es\/115619110274155587","error":""},"_links":{"self":[{"href":"https:\/\/www.europesays.com\/es\/wp-json\/wp\/v2\/posts\/257774","targetHints":{"allow":["GET"]}}],"collection":[{"href":"https:\/\/www.europesays.com\/es\/wp-json\/wp\/v2\/posts"}],"about":[{"href":"https:\/\/www.europesays.com\/es\/wp-json\/wp\/v2\/types\/post"}],"author":[{"embeddable":true,"href":"https:\/\/www.europesays.com\/es\/wp-json\/wp\/v2\/users\/2"}],"replies":[{"embeddable":true,"href":"https:\/\/www.europesays.com\/es\/wp-json\/wp\/v2\/comments?post=257774"}],"version-history":[{"count":0,"href":"https:\/\/www.europesays.com\/es\/wp-json\/wp\/v2\/posts\/257774\/revisions"}],"wp:featuredmedia":[{"embeddable":true,"href":"https:\/\/www.europesays.com\/es\/wp-json\/wp\/v2\/media\/257775"}],"wp:attachment":[{"href":"https:\/\/www.europesays.com\/es\/wp-json\/wp\/v2\/media?parent=257774"}],"wp:term":[{"taxonomy":"category","embeddable":true,"href":"https:\/\/www.europesays.com\/es\/wp-json\/wp\/v2\/categories?post=257774"},{"taxonomy":"post_tag","embeddable":true,"href":"https:\/\/www.europesays.com\/es\/wp-json\/wp\/v2\/tags?post=257774"}],"curies":[{"name":"wp","href":"https:\/\/api.w.org\/{rel}","templated":true}]}}