{"id":257778,"date":"2025-11-27T01:40:43","date_gmt":"2025-11-27T01:40:43","guid":{"rendered":"https:\/\/www.europesays.com\/es\/257778\/"},"modified":"2025-11-27T01:40:43","modified_gmt":"2025-11-27T01:40:43","slug":"las-compras-que-realmente-merecen-la-pena","status":"publish","type":"post","link":"https:\/\/www.europesays.com\/es\/257778\/","title":{"rendered":"las compras que realmente merecen la pena"},"content":{"rendered":"<p>Pensar en el <strong><a href=\"https:\/\/www.glamour.es\/articulos\/black-friday-compras-moda-belleza-descuentos-2025\" rel=\"nofollow noopener\" target=\"_blank\">Black Friday<\/a> de H&amp;M<\/strong> como la mejor oportunidad para conseguir, de una vez por todas, esas piezas con las que llevas semanas o meses so\u00f1ando, y hacerlo con descuento, es (si nos pregunt\u00e1is a nosotras) la mejor forma de plantearse el que es <strong>el \u00faltimo gran evento de rebajas del a\u00f1o<\/strong>. Porque si hay una oportunidad para completar tu armario de invierno, darte un capricho o comprar un regalo es la ventana de ofertas que acaba de abrirse, primero en su app y luego en su web. Imaginamos que, como m\u00ednimo, hasta el Black Friday 2025 oficial \u2014que este a\u00f1o tiene lugar el <strong>viernes 28 de noviembre<\/strong>\u2014, toda su colecci\u00f3n tiene un 25 por ciento de descuento. Para pon\u00e9rtelo un poco m\u00e1s f\u00e1cil, hemos seleccionado (y clasificado en orden de importancia, y, por tanto, de tendencia) las 13 compras que realmente merecen la pena.<\/p>\n<p>1. El abrigo m\u00e1s en tendencia<\/p>\n<p>La versi\u00f3n abrigo de la <a href=\"https:\/\/www.glamour.es\/articulos\/chaqueta-con-bufanda-tendencia\" rel=\"nofollow noopener\" target=\"_blank\">chaqueta con bufanda<\/a> se posiciona como el m\u00e1s elegante de la temporada y, por ello, es la primera compra que varias redactoras de Glamour hemos fichado de cara al <strong>Black Friday de H&amp;M<\/strong>. Tiene la largura perfecta, corte recto y una bufanda preciosa. Adem\u00e1s de en verde oliva, tambi\u00e9n est\u00e1 disponible en marr\u00f3n chocolate y en gris.<\/p>\n<p><a class=\"BaseWrap-sc-gzmcOU BaseText-eqOrNE BaseLink-eTpkqh UnifiedProductEmbedImageLink-hoXjFT deqABF bwSHhw gOAine hsGXfw image\" href=\"https:\/\/cna.st\/p\/GmtRfVaykMD8LxF8dAmyoMGxT9NJTxgnHXQDo7oqMFiUFuw2g3dspq3DW7ArQgH6uWQ52aorZGxeY9kR7ejnzapiuextZRW58hRM5D7xEYrgMJ47FDaH7EJ6DDCFkKyJR43B3CrweK7nBkVxwghFTS6VgaPms3hWsvZFMxz2UpNy62Cqdawx8gEYog9YSMCAgikjCy96pjHh6vKTghrT1fNFvkCk4K5cexZDp3KG7exa3Yi6cDCTnan5aweBaAsfHnwpgQvnNQQDQ3PG4HYk2Hwnr8rNJSzF5CuqKc4YPPwiZaUtaprzRecGsGUHf5eNMrg8DkBEgn5xwWrwKC5kF8xrMpzdRMJFva9FogkmXtzwiJQnbqmzFnakWXBshjHGZ1TsQPnsPBiovR5dDGWA3hehKQnxE8HmGPS7wjvYda\" target=\"_blank\" rel=\"noreferrer noopener sponsored nofollow\" tabindex=\"-1\" data-offer-url=\"https:\/\/www2.hm.com\/es_es\/productpage.1302220005.html\" aria-hidden=\"true\"><img decoding=\"async\" loading=\"lazy\" alt=\"\" class=\"ResponsiveImageContainer-eNxvmU cfBbTk responsive-image__image\"   src=\"https:\/\/www.europesays.com\/es\/wp-content\/uploads\/2025\/11\/abrigo%20con%20bufanda%20verde.jpg\"\/><\/a><\/p>\n<p id=\"upc_6916f967561f82fdf83d1f39\" type=\"embed\" class=\"BaseWrap-sc-gzmcOU BaseText-eqOrNE UnifiedProductCardName-jDmuEE deqABF Htlze pQBdc\">Abrigo con bufanda, de H&amp;M<\/p>\n<p>2. El minivestido de la pr\u00f3xima Nochevieja<\/p>\n<p>Y quien dice Nochevieja, dice todas las fiestas especiales que tendr\u00e1s este a\u00f1o y todos los siguientes porque si algo tiene este <strong>minivestido rojo con una textura inspirada en unas rosas<\/strong> es que es perfecto para cualquier ocasi\u00f3n y, s\u00ed, tambi\u00e9n incluye una boda de tarde.<\/p>\n<p><a class=\"BaseWrap-sc-gzmcOU BaseText-eqOrNE BaseLink-eTpkqh UnifiedProductEmbedImageLink-hoXjFT deqABF bwSHhw gOAine hsGXfw image\" href=\"https:\/\/cna.st\/p\/GmtRfVaykMD8LxF8dAmyoMGxT9NJTxgnHXQDo7oqMFiUFuw2g3dspq3DW7ArQgH6uWQ52aorZGxeY9kR7ejnzapiuextZRW58hRM5D81ZjDM3XPtdPAGntRRtcD9UYEPcKqPY7CittMq5UPuKtDmUwgE1wvNHHN2r1fyDjutoraCzmzEX2yshBU9hsKGbNrH1A4YE8rfqsdyB6zoU9mNvpqJVaeNiJhoMWeikhKdAQrV5hohB1tBtMu9oTz8F8nHdqi8rFQPGZp2ivLZjLzahR2mVTXA9bUtxskF5jMF3UBZ2iDiGURNVmtfnn5DkPDwmsrDVL4hkbDfAHYCqcLjWtU7jJMyZP87rWj9ztun4je9F3vcvrQKG6zDxRaMi6qbJ2dnjn6vZUUvk1qD9qgN1Akv2uQn5d3hbQRSvMapqA\" target=\"_blank\" rel=\"noreferrer noopener sponsored nofollow\" tabindex=\"-1\" data-offer-url=\"https:\/\/www2.hm.com\/es_es\/productpage.1313557002.html\" aria-hidden=\"true\"><img decoding=\"async\" loading=\"lazy\" alt=\"\" class=\"ResponsiveImageContainer-eNxvmU cfBbTk responsive-image__image\"   src=\"https:\/\/www.europesays.com\/es\/wp-content\/uploads\/2025\/11\/minivestido%20de%20rosas.jpg\"\/><\/a><\/p>\n<p id=\"upc_69170022a52a88b62185cc7a\" type=\"embed\" class=\"BaseWrap-sc-gzmcOU BaseText-eqOrNE UnifiedProductCardName-jDmuEE deqABF Htlze pQBdc\">Minivestido de rosas, de H&amp;M<\/p>\n<p>3. La chaqueta de punto m\u00e1s rom\u00e1ntica<\/p>\n<p>Las amantes del punto en todas sus versiones sabr\u00e1n valorar esta <strong>chaqueta de canal\u00e9<\/strong> como se merece, tanto por su color como por su corte y, por supuesto, por el cuello de encaje tipo Peter Pan, que consiguen que sea una de las m\u00e1s especiales de la temporada. Tambi\u00e9n cuenta con una versi\u00f3n en negro.<\/p>\n<p><a class=\"BaseWrap-sc-gzmcOU BaseText-eqOrNE BaseLink-eTpkqh UnifiedProductEmbedImageLink-hoXjFT deqABF bwSHhw gOAine hsGXfw image\" href=\"https:\/\/cna.st\/p\/GmtRfVaykMD8LxF8dAmyoMGxT9NJTxgnHXQDo7oqMFiUFuw2g3dspq3DW7ArQgH6uWQ52aorZGxeY9kR7ejnzapiuextZRW58hRM5D81YDLy1J3ZvCLAyDm3NB9bjN2Nx7yWdZexMRJamFM8hFbBDDkSLmH4cGh5pDo8wJJ2RiAqjMC1rmSSJnPZCPcMeSN3yQqQL8dfCV6pyYLLfM4uLm4sUb8YLjFnrZQ1ctocbtrsq3sxTPvJJmn5HTyHuP1npWbmKJftfvwRgd75mwNEQjXU6mzG8G4Fqi6eNGqFthYtFZW5zc1ZuVAFhDa9s9Q985G1HRuaQSJfNSqDFSJY7TBiiYnPBE2HHa3JaBJT7TEBeqyjSuT4RP5XDb2QiUCUfmv22t5rHJ6VABr5PmfNrac3bXgZ3P3TZ8RHtCVreQ\" target=\"_blank\" rel=\"noreferrer noopener sponsored nofollow\" tabindex=\"-1\" data-offer-url=\"https:\/\/www2.hm.com\/es_es\/productpage.1311185001.html\" aria-hidden=\"true\"><img decoding=\"async\" loading=\"lazy\" alt=\"\" class=\"ResponsiveImageContainer-eNxvmU cfBbTk responsive-image__image\"   src=\"https:\/\/www.europesays.com\/es\/wp-content\/uploads\/2025\/11\/ca%CC%81rdigan%20con%20cuello%20de%20encaje.jpg\"\/><\/a><\/p>\n<p id=\"upc_6916ffb1618a84e60e1282e9\" type=\"embed\" class=\"BaseWrap-sc-gzmcOU BaseText-eqOrNE UnifiedProductCardName-jDmuEE deqABF Htlze pQBdc\">C\u00e1rdigan con cuello de encaje, de H&amp;M<\/p>\n<p>4 y 5. El dos piezas que siempre funciona<\/p>\n<p>Por separado son dos prendas que son muy ponibles siempre, pero especialmente en un invierno en el que el marr\u00f3n chocolate es tendencia. Juntas conforman uno de los dos piezas m\u00e1s inesperadamente inspiradoras de esta temporada pero con capacidad de pon\u00e9rtelo durante muchos a\u00f1os.<\/p>\n<p id=\"upc_6926e42cc89000f97e848cc7\" type=\"embed\" class=\"BaseWrap-sc-gzmcOU BaseText-eqOrNE UnifiedProductCardName-jDmuEE deqABF Htlze iduwrc\">Chaqueta revestida, de H&amp;M<\/p>\n<p id=\"upc_6926e3eea7f0d4548f1e76d9\" type=\"embed\" class=\"BaseWrap-sc-gzmcOU BaseText-eqOrNE UnifiedProductCardName-jDmuEE deqABF Htlze iduwrc\">Falda midi revestida, de H&amp;M<\/p>\n<p>6. Los pantalones de vestir m\u00e1s especiales<\/p>\n<p>Anchos, rectos y en tejido de boucl\u00e9. Puedes encontrarlos en tres tonalidades (azul jaspeado, negro y budeos) y son perfectos tanto para ir a la oficina, combinados como una americana lisa, como para la comida de Navidad, si te los pones con una chaqueta o un jersey de punto. Si los hemos seleccionado es porque hac\u00eda tiempo que no ve\u00edamos unos pantalones as\u00ed.<\/p>\n<p><a class=\"BaseWrap-sc-gzmcOU BaseText-eqOrNE BaseLink-eTpkqh UnifiedProductEmbedImageLink-hoXjFT deqABF bwSHhw gOAine hsGXfw image\" href=\"https:\/\/cna.st\/p\/GmtRfVaykMD8LxF8dAmyoMGxT9NJTxgnHXQDo7oqMFiUFuw2g3dspq3DW7ArQgH6uWQ52aorZGxeY9kR7ejnzapiuextZRW58hRM5D7xG54vsQW9nczfU2sWwYfi7f8fLkRCuRXsJ1ceW25ywjt2rWGYubnnUa2Qgv7C4kNKaY9xsTFCQHPAq7pVzgY8zRzkfaYzUbntzkDf7LhBQADxt265MxVZTAX25fCe9FF8rgVPnhaSgi9JMvsJywhjWXpYrdLiYru4rDTCtrAVxjCP43V6DeTTiqVE1zpqw2WMz1fkKyjwS6K2U1Ei7oTDsvAZt5wuuk58yqHFNrP9gSERjxM8YQR58yhoveMcXsHYhuEMjW4XATgivwQX1WwmBh6MKRGK9y7vC7YR2vaHpAsMssQoKAZDm1KYtZkezgLAw6\" target=\"_blank\" rel=\"noreferrer noopener sponsored nofollow\" tabindex=\"-1\" data-offer-url=\"https:\/\/www2.hm.com\/es_es\/productpage.1304827001.html\" aria-hidden=\"true\"><img decoding=\"async\" loading=\"lazy\" alt=\"\" class=\"ResponsiveImageContainer-eNxvmU cfBbTk responsive-image__image\"   src=\"https:\/\/www.europesays.com\/es\/wp-content\/uploads\/2025\/11\/pantalones%20boucle%CC%81.jpg\"\/><\/a><\/p>\n<p id=\"upc_691700929689f43b4738c804\" type=\"embed\" class=\"BaseWrap-sc-gzmcOU BaseText-eqOrNE UnifiedProductCardName-jDmuEE deqABF Htlze pQBdc\">Pantal\u00f3n de boucl\u00e9, de H&amp;M<\/p>\n<p>7. El blazer diferente<\/p>\n<p>La ausencia del cuello que caracteriza a esta prenda consigue que este <strong>blazer de H&amp;M<\/strong> destaque por encima de todos los que tienes en el armario. Es una de esas compras que siempre recordar\u00e1s porque no hay muchos como \u00e9l.<\/p>\n<p><a class=\"BaseWrap-sc-gzmcOU BaseText-eqOrNE BaseLink-eTpkqh UnifiedProductEmbedImageLink-hoXjFT deqABF bwSHhw gOAine hsGXfw image\" href=\"https:\/\/cna.st\/p\/GmtRfVaykMD8LxF8dAmyoMGxT9NJTxgnHXQDo7oqMFiUFuw2g3dspq3DW7ArQgH6uWQ52aorZGxeY9kR7ejnzapiuextZRW58hRM5CspmoG3BDPpJMzhBcCw5GMQdwLrDKqE1ovMUugWDQr1mBKxDDaWwsT9rzcWtVDfNDzbHVwXKHHxQiaom4QDs2MbhKzqyJdTANLNaWd9s74t8ZL2SVjrrq3ABykZzxyWL5NRWHMySG4dbc71cibHkb8AWanXra6McoEReuEJ31nUg4tBSnHEKSJ7sdjBBGR6wcLo82HjMNHwsHLWhgRi2dqWuU5K6uLSuCWxEAJNVhSAx9uvVZMRNU9Afm2vjiUh4GUtnBBhEgtRX9RMa84QH7jR8Tumbm497V6LZHNPVXrAFFLudpH8AgxrU5mhnNZX6RETLp\" target=\"_blank\" rel=\"noreferrer noopener sponsored nofollow\" tabindex=\"-1\" data-offer-url=\"https:\/\/www2.hm.com\/es_es\/productpage.1290880001.html\" aria-hidden=\"true\"><img decoding=\"async\" loading=\"lazy\" alt=\"\" class=\"ResponsiveImageContainer-eNxvmU cfBbTk responsive-image__image\"   src=\"https:\/\/www.europesays.com\/es\/wp-content\/uploads\/2025\/11\/americana%20H&#038;M.jpg\"\/><\/a><\/p>\n<p id=\"upc_6916fefba68c4cf070660337\" type=\"embed\" class=\"BaseWrap-sc-gzmcOU BaseText-eqOrNE UnifiedProductCardName-jDmuEE deqABF Htlze pQBdc\">Blazer sin cuello, de H&amp;M<\/p>\n<p>8. El zapato m\u00e1s c\u00f3modo<\/p>\n<p>En la temporada en la que los mocasines lo inundan todo, su versi\u00f3n antirrozaduras (los bautizados como <a href=\"https:\/\/www.glamour.es\/articulos\/mocasines-blandos-mujer\" rel=\"nofollow noopener\" target=\"_blank\">mocasines blandos<\/a>) es la mejor aproximaci\u00f3n a este tipo de calzado de vestir. Y estos de H&amp;M, de piel en color blanco, uno de los mejores candidatos que encontrar\u00e1s.<\/p>\n<p><a class=\"BaseWrap-sc-gzmcOU BaseText-eqOrNE BaseLink-eTpkqh UnifiedProductEmbedImageLink-hoXjFT deqABF bwSHhw gOAine hsGXfw image\" href=\"https:\/\/cna.st\/p\/GmtRfVaykMD8LxF8dAmyoMGxT9NJTxgnHXQDo7oqMFiUFuw2g3dspq3DW7ArQgH6uWQ52aorZGxeY9kR7ejnzapiuextZRW58hRM5CsprJf8C7cEyQms9cbn7Us1qWLqLTzLRwkSM1JSTrMHvn7Gofcd3wtKPeX8vuUL1FM275TY9JUCCyFByGwiQFDTmvVvwHpzJWbdhKzJkpTMCWRhMNERraqoF79rNFuFWyEunNEdU3p2whLdEofE6eYFwg582muM2oqWgeEW5ELFyuKFWanVgbzmiZUts2ZG2NYMUNzCCczYHG7C86Rb8CsXzabQTHwPPkrgVbRTa6WVgC24izZHhJPyFA8Q6ft7xTY7AE9qJFDSVjC9Ddct9LA6zujAHuxgPnper3TD8SZihDDm3rukio9ne249sMRGxPxTGg\" target=\"_blank\" rel=\"noreferrer noopener sponsored nofollow\" tabindex=\"-1\" data-offer-url=\"https:\/\/www2.hm.com\/es_es\/productpage.1296782001.html\" aria-hidden=\"true\"><img decoding=\"async\" loading=\"lazy\" alt=\"\" class=\"ResponsiveImageContainer-eNxvmU cfBbTk responsive-image__image\"   src=\"https:\/\/www.europesays.com\/es\/wp-content\/uploads\/2025\/11\/mocasines%20H&#038;M.jpg\"\/><\/a><\/p>\n<p id=\"upc_68da4be2d233ee5a80003e14\" type=\"embed\" class=\"BaseWrap-sc-gzmcOU BaseText-eqOrNE UnifiedProductCardName-jDmuEE deqABF Htlze pQBdc\">Mocasines de piel, de H&amp;M<\/p>\n<p>9. El minivestido que no sab\u00edas que quer\u00edas<\/p>\n<p>Hablamos con conocimiento de causa porque desde que nos hemos cruzado con este vestido de terciopelo con cuello de camisa y cintur\u00f3n incorporado en la web de H&amp;M no podemos pensar en un dise\u00f1o mejor en el que invertir este <strong>Black Friday<\/strong>.<\/p>\n<p><a class=\"BaseWrap-sc-gzmcOU BaseText-eqOrNE BaseLink-eTpkqh UnifiedProductEmbedImageLink-hoXjFT deqABF bwSHhw gOAine hsGXfw image\" href=\"https:\/\/cna.st\/p\/GmtRfVaykMD8LxF8dAmyoMGxT9NJTxgnHXQDo7oqMFiUFuw2g3dspq3DW7ArQgH6uWQ52aorZGxeY9kR7ejnzapiuextZRW58hRM5D81bDiuLkp2exNVyJGSra9paAigxZcgqJ7KLaVQmm6im9b8E4nBXHdRF1yABxAQPvpdSynWsjZxCa2y4H87q7qyqAp7NGYy5KgMvZ2w3yHoXU55hZGwpZGPtocF6QMvpei46fHuWKD5YdqS8cm7ZAMjcDwNLBEu6d12csaDRZCXkZBx3U5WuNV2NcmXy3XDXeNKw1Y7SAxF7RBP2qFJw7DH591ZK3zB4x6TAqkAJW2oV37Wvfe3p1LeHfgjMcMWuZRL2eD17gVBsC3C6RfnDVVojaMPw2wEXocepw2PaPLaxH3Ur4hyEp7bzuzDpCkaj5ZBCg\" target=\"_blank\" rel=\"noreferrer noopener sponsored nofollow\" tabindex=\"-1\" data-offer-url=\"https:\/\/www2.hm.com\/es_es\/productpage.1315175001.html\" aria-hidden=\"true\"><img decoding=\"async\" loading=\"lazy\" alt=\"\" class=\"ResponsiveImageContainer-eNxvmU cfBbTk responsive-image__image\"   src=\"https:\/\/www.europesays.com\/es\/wp-content\/uploads\/2025\/11\/vestido%20terciopelo.jpg\"\/><\/a><\/p>\n<p id=\"upc_6926e47ee09d5d988148a968\" type=\"embed\" class=\"BaseWrap-sc-gzmcOU BaseText-eqOrNE UnifiedProductCardName-jDmuEE deqABF Htlze pQBdc\">Minivestido de terciopelo, de &amp;Other Stories<\/p>\n<p>10. La falda comod\u00edn<\/p>\n<p>No se nos ocurre una mejor forma de definir al que es uno de los tipos de faldas m\u00e1s ic\u00f3nicas de la marca sueca: la <strong>falda de organza<\/strong>, porque siempre incluye, al menos una, en sus colecciones. La de este invierno es negra, de corte midi y con el bajo cuidadosamente bordado y semitransparente.<\/p>\n<p><a class=\"BaseWrap-sc-gzmcOU BaseText-eqOrNE BaseLink-eTpkqh UnifiedProductEmbedImageLink-hoXjFT deqABF bwSHhw gOAine hsGXfw image\" href=\"https:\/\/cna.st\/p\/GmtRfVaykMD8LxF8dAmyoMGxT9NJTxgnHXQDo7oqMFiUFuw2g3dspq3DW7ArQgH6uWQ52aorZGxeY9kR7ejnzapiuextZRW58hRM5D7xD3LD4mBozjt1DRQzMGjxQaMoMJyJwFtvqksBoqZHFd9js6ShFjUu5Tp6wxy25DxxkQFbJy6FpnvijzJeN5j84r4QLKYENGnj6St42zAh7pMXJztUaxUFEGwsnqsiu1ZC3RTVKTbcHFEw7EWaTz7eQuZn1XwxgpUBnnZoQEaEgaK4PMkA5ey6F2K6c5WEbFHT3SbiuJEEXiEiWF8kK3RUL43AWiDWNLFVW96fsHTe7ayE71AqfFr5Fr6qnnBp7CifiqWKcNUDwZYX9HqTiCCcfk6S6Bs5fkccgA4HehNDpiy3G7fymusZx242ZU8kgqtHBr\" target=\"_blank\" rel=\"noreferrer noopener sponsored nofollow\" tabindex=\"-1\" data-offer-url=\"https:\/\/www2.hm.com\/es_es\/productpage.1300097001.html\" aria-hidden=\"true\"><img decoding=\"async\" loading=\"lazy\" alt=\"\" class=\"ResponsiveImageContainer-eNxvmU cfBbTk responsive-image__image\"   src=\"https:\/\/www.europesays.com\/es\/wp-content\/uploads\/2025\/11\/falda%20encaje.jpg\"\/><\/a><\/p>\n<p id=\"upc_69170346acf68057b4f2135b\" type=\"embed\" class=\"BaseWrap-sc-gzmcOU BaseText-eqOrNE UnifiedProductCardName-jDmuEE deqABF Htlze pQBdc\">Falda con bajo de organza, de H&amp;M<\/p>\n<p>11. Tu nueva chaqueta de confianza<\/p>\n<p>La t\u00edpica que siempre echas en falta cuando empieza a hacer fr\u00edo y no sabes con qu\u00e9 combinar ese vestido o look de fiesta: es esta <strong>chaqueta torera de terciopelo negro<\/strong> con detalles festoneados. Si la compras este <strong>Black Friday<\/strong> con descuento, te acompa\u00f1ar\u00e1 durante muchos muchos a\u00f1os y todav\u00eda m\u00e1s fiestas y eventos.<\/p>\n<p><a class=\"BaseWrap-sc-gzmcOU BaseText-eqOrNE BaseLink-eTpkqh UnifiedProductEmbedImageLink-hoXjFT deqABF bwSHhw gOAine hsGXfw image\" href=\"https:\/\/cna.st\/p\/GmtRfVaykMD8LxF8dAmyoMGxT9NJTxgnHXQDo7oqMFiUFuw2g3dspq3DW7ArQgH6uWQ52aorZGxeY9kR7ejnzapiuextZRW58hRM5D84qtLRMG2KiGcNnUvEf1DGj2BnQ16g8CkjmXByEiktST4UeQrMocJbKNQ4LfUWvqpwRhM9USasb1KaJFdCi652hQjhpPvwgSu5hEs2kqyDUG164e2pw6W1ZL29FMGq8xvonfnmxgrfE9dp3Tp9brUoq9AKNGQxRD9PLTCpax6T8YnGs9cxwv1LMoS7ziCGqfx4upXczf4uMmgiFTvEhr7CAZmUkGH4GJR4rKWuTQDFAYbnovUrEVisWTjHQe3vrTrWscoWfV12WV5VKS2VMvDpZW4ZZA8Dzcjw3YiN1Dvpiv6hwYc6ycs8zYFornFygicFbz\" target=\"_blank\" rel=\"noreferrer noopener sponsored nofollow\" tabindex=\"-1\" data-offer-url=\"https:\/\/www2.hm.com\/es_es\/productpage.1320325001.html\" aria-hidden=\"true\"><img decoding=\"async\" loading=\"lazy\" alt=\"\" class=\"ResponsiveImageContainer-eNxvmU cfBbTk responsive-image__image\"   src=\"https:\/\/www.europesays.com\/es\/wp-content\/uploads\/2025\/11\/chaqueta%20festoneada.jpg\"\/><\/a><\/p>\n<p id=\"upc_691705ba409c64476b30ed4d\" type=\"embed\" class=\"BaseWrap-sc-gzmcOU BaseText-eqOrNE UnifiedProductCardName-jDmuEE deqABF Htlze pQBdc\">Torera festoneada, de H&amp;M<\/p>\n<p>12. Los vaqueros de salir de fiesta<\/p>\n<p>\u00bfO c\u00f3mo definir\u00edas a estos vaqueros rectos, con raya central y un filtro brillante de la nueva <strong>colecci\u00f3n de fiesta de H&amp;M<\/strong>? Parecen espec\u00edficamente dise\u00f1ados para ser llevados en con blusas y tops elegantes.<\/p>\n<p><a class=\"BaseWrap-sc-gzmcOU BaseText-eqOrNE BaseLink-eTpkqh UnifiedProductEmbedImageLink-hoXjFT deqABF bwSHhw gOAine hsGXfw image\" href=\"https:\/\/cna.st\/p\/GmtRfVaykMD8LxF8dAmyoMGxT9NJTxgnHXQDo7oqMFiUFuw2g3dspq3DW7ArQgH6uWQ52aorZGxeY9kR7ejnzapiuextZRW58hRM5D84qtAp8nAVp9FjsfkfZZ5N77HdETGVo7kSUzrWXrqwKTfMSZooDY4B3KW47kk1Yu4xP7ccyhgWZQpgTVi7wRnVXprFTZQmDXjoBS7FrxbPAgDU594ASwyxvrMrefDUudFnswZV1RrsBnfVaHjyVTLf7RXvHQjEbr7GB1cxCBzxdPaERNF6AoYE8mmm5HVdwgv8zaRCp4hMA2WDNpkoFJ2eazWJjYcNNpDPqm5uqqFPGuUV6xayf8eXQE9LaeLibb6yWrtgQ2RuXupkReWmAhfBHPFzduXWfwtJPyevPLPVBq9r99bdN7VYMS5CJvJawWH9LG\" target=\"_blank\" rel=\"noreferrer noopener sponsored nofollow\" tabindex=\"-1\" data-offer-url=\"https:\/\/www2.hm.com\/es_es\/productpage.1320293001.html\" aria-hidden=\"true\"><img decoding=\"async\" loading=\"lazy\" alt=\"\" class=\"ResponsiveImageContainer-eNxvmU cfBbTk responsive-image__image\"   src=\"https:\/\/www.europesays.com\/es\/wp-content\/uploads\/2025\/11\/vaqueros%20con%20brillo.jpg\"\/><\/a><\/p>\n<p id=\"upc_691705884f037ec4e81d9ddf\" type=\"embed\" class=\"BaseWrap-sc-gzmcOU BaseText-eqOrNE UnifiedProductCardName-jDmuEE deqABF Htlze pQBdc\">Vaqueros brillantes, de H&amp;M<\/p>\n<p>13. La blusa especial<\/p>\n<p>Un dise\u00f1o que tiene el gran m\u00e9rito de haber encontrado el dif\u00edcil equilibrio entre cuerpo de volantes, manga marcada y tejido con detalles de brillo. Adem\u00e1s de en un azul denim tambi\u00e9n est\u00e1 disponible en negro.<\/p>\n<p><a class=\"BaseWrap-sc-gzmcOU BaseText-eqOrNE BaseLink-eTpkqh UnifiedProductEmbedImageLink-hoXjFT deqABF bwSHhw gOAine hsGXfw image\" href=\"https:\/\/cna.st\/p\/GmtRfVaykMD8LxF8dAmyoMGxT9NJTxgnHXQDo7oqMFiUFuw2g3dspq3DW7ArQgH6uWQ52aorZGxeY9kR7ejnzapiuextZRW58hRM5D84quBmNtBwbsfnL4cknYHXHEzZG51kUfsuwyWpqbRLuFLmVeKusebCf4rGkJbo8jpACJZo6uU3S198KLqjL3Vjda7SExeNNAYAsKR4C9zKXSXdNaZuXWBsZGgpUUcUqzWWxu5PYQrYLGcWPJh4iYCtkBm7fu8Gz4194zzkuA3rZKGxFa58yhyRPoysvavmdoBax1KLiz2uYjf7t5njGsXpxz8NMNLpeeEVkDqZx2z4JiND6KKYczFU7nd9Crh9sgDmvxYBDjwE8Novfe79jgR19qox5aePPkCd9dsQLe4nLCbKv47zxRa91RNeVHuQxRBPqe\" target=\"_blank\" rel=\"noreferrer noopener sponsored nofollow\" tabindex=\"-1\" data-offer-url=\"https:\/\/www2.hm.com\/es_es\/productpage.1320810002.html\" aria-hidden=\"true\"><img decoding=\"async\" loading=\"lazy\" alt=\"\" class=\"ResponsiveImageContainer-eNxvmU cfBbTk responsive-image__image\"   src=\"https:\/\/www.europesays.com\/es\/wp-content\/uploads\/2025\/11\/blusa%20de%20volantes.jpg\"\/><\/a><\/p>\n<p id=\"upc_6917063240db6926fd86c4a6\" type=\"embed\" class=\"BaseWrap-sc-gzmcOU BaseText-eqOrNE UnifiedProductCardName-jDmuEE deqABF Htlze pQBdc\">Blusa con volantes, de H&amp;M<\/p>\n","protected":false},"excerpt":{"rendered":"Pensar en el Black Friday de H&amp;M como la mejor oportunidad para conseguir, de una vez por todas,&hellip;\n","protected":false},"author":2,"featured_media":257779,"comment_status":"","ping_status":"","sticky":false,"template":"","format":"standard","meta":{"footnotes":""},"categories":[80],"tags":[58845,82,95,94,25,24,64682,23],"class_list":{"0":"post-257778","1":"post","2":"type-post","3":"status-publish","4":"format-standard","5":"has-post-thumbnail","7":"category-economia","8":"tag-black-friday","9":"tag-business","10":"tag-economia","11":"tag-economy","12":"tag-es","13":"tag-espana","14":"tag-hm","15":"tag-spain"},"share_on_mastodon":{"url":"https:\/\/pubeurope.com\/@es\/115619121868865488","error":""},"_links":{"self":[{"href":"https:\/\/www.europesays.com\/es\/wp-json\/wp\/v2\/posts\/257778","targetHints":{"allow":["GET"]}}],"collection":[{"href":"https:\/\/www.europesays.com\/es\/wp-json\/wp\/v2\/posts"}],"about":[{"href":"https:\/\/www.europesays.com\/es\/wp-json\/wp\/v2\/types\/post"}],"author":[{"embeddable":true,"href":"https:\/\/www.europesays.com\/es\/wp-json\/wp\/v2\/users\/2"}],"replies":[{"embeddable":true,"href":"https:\/\/www.europesays.com\/es\/wp-json\/wp\/v2\/comments?post=257778"}],"version-history":[{"count":0,"href":"https:\/\/www.europesays.com\/es\/wp-json\/wp\/v2\/posts\/257778\/revisions"}],"wp:featuredmedia":[{"embeddable":true,"href":"https:\/\/www.europesays.com\/es\/wp-json\/wp\/v2\/media\/257779"}],"wp:attachment":[{"href":"https:\/\/www.europesays.com\/es\/wp-json\/wp\/v2\/media?parent=257778"}],"wp:term":[{"taxonomy":"category","embeddable":true,"href":"https:\/\/www.europesays.com\/es\/wp-json\/wp\/v2\/categories?post=257778"},{"taxonomy":"post_tag","embeddable":true,"href":"https:\/\/www.europesays.com\/es\/wp-json\/wp\/v2\/tags?post=257778"}],"curies":[{"name":"wp","href":"https:\/\/api.w.org\/{rel}","templated":true}]}}