{"id":257780,"date":"2025-11-27T01:41:09","date_gmt":"2025-11-27T01:41:09","guid":{"rendered":"https:\/\/www.europesays.com\/es\/257780\/"},"modified":"2025-11-27T01:41:09","modified_gmt":"2025-11-27T01:41:09","slug":"conmocion-en-portugal-11-bomberos-acusados-de-violar-a-una-companera-en-una-novatada-en-fundao","status":"publish","type":"post","link":"https:\/\/www.europesays.com\/es\/257780\/","title":{"rendered":"Conmoci\u00f3n en Portugal: 11 bomberos acusados de violar a una compa\u00f1era en una \u00abnovatada\u00bb en Fund\u00e3o"},"content":{"rendered":"<p>\n                    Publicado                 26\/11\/2025 &#8211; 19:31 CET<br \/>\n                \u2022Ultima actualizaci\u00f3n<br \/>\n                                     19:54\n                                        <\/p>\n<p>El caso de <strong>una joven bombera violada por un grupo de 11 compa\u00f1eros<\/strong> durante una supuesta \u00abnovatada\u00bb en Fund\u00e3o ha generado una profunda conmoci\u00f3n en <a href=\"https:\/\/es.euronews.com\/my-europe\/2025\/07\/13\/la-violacion-se-convierte-en-delito-publico-en-portugal\" rel=\"nofollow noopener\" target=\"_blank\">Portugal<\/a>. Despu\u00e9s de ser acusado de inacci\u00f3n ante las denuncias, el Cuerpo de Bomberos se defendi\u00f3 este martes mediante un comunicado en el que explic\u00f3 que el proceso disciplinario se hab\u00eda suspendido <strong>a petici\u00f3n de la Polic\u00eda Judicial (PJ)<\/strong>.<\/p>\n<p>Seg\u00fan el documento difundido en redes sociales, los Bomberos Voluntarios de Fund\u00e3o informaron de que la PJ pidi\u00f3 posponer cualquier medida interna \u00abcon el fin de evitar cualquier perturbaci\u00f3n en el curso de la investigaci\u00f3n\u00bb. Por ello, se\u00f1alaron, \u00aba\u00fan no se ha aplicado ninguna medida preventiva, es decir, <strong>ninguna suspensi\u00f3n<\/strong>\u00ab. <\/p>\n<p>La entidad detall\u00f3 que el proceso disciplinario <strong>se reanud\u00f3 tras las diligencias realizadas por la PJ este martes<\/strong> y subray\u00f3 que, \u00absi se confirman los hechos, estaremos ante una situaci\u00f3n inaceptable, que tendr\u00e1 las consecuencias disciplinarias, laborales e institucionales que resulten oportunas, incluyendo, si es necesario, la expulsi\u00f3n de los miembros del Cuerpo de Bomberos\u00bb. <\/p>\n<p>El comunicado tambi\u00e9n precisa que el grado de implicaci\u00f3n de los 11 acusados \u00abno es uniforme\u00bb, y que por este motivo \u00ab<strong>no hay razones para suspender indiscriminadamente a todos los bomberos<\/strong> citados, ya que se aplicar\u00edan medidas desproporcionadas antes de esclarecer los hechos\u00bb. <\/p>\n<p>Pese a esta postura prudente, ocho de los 11 imputados <strong>tienen prohibido acceder al parque de bomberos<\/strong>, salvo en caso de emergencia en la que su presencia sea estrictamente imprescindible.<\/p>\n<p><strong>Los presuntos agresores quedan en libertad<\/strong><\/p>\n<p>Los 11 sospechosos fueron <strong>detenidos por la PJ este martes<\/strong> y declararon posteriormente ante el juez de instrucci\u00f3n del tribunal de Fund\u00e3o. <a href=\"https:\/\/es.euronews.com\/my-europe\/2025\/04\/10\/la-violencia-sexual-online-atrae-cada-vez-mas-a-jovenes-portugueses-y-el-tema-ha-llegado-a\" rel=\"nofollow noopener\" target=\"_blank\">Todos quedaron en libertad<\/a> bajo la medida de Termo de Identidade e Resid\u00eancia (TIR), la m\u00e1s leve del sistema portugu\u00e9s, que les obliga \u00fanicamente a presentarse peri\u00f3dicamente ante la Polic\u00eda y les proh\u00edbe contactar con la v\u00edctima, otros acusados o testigos del caso.<\/p>\n<p>La v\u00edctima <strong>es una joven de 19 a\u00f1os<\/strong>. Los presuntos agresores son todos bomberos, <strong>uno de ellos con rango de jefe<\/strong>. Seis est\u00e1n imputados por dos delitos de violaci\u00f3n y uno de coacciones sexuales; otros tres por un delito de violaci\u00f3n y otro de coacciones sexuales; y los dos restantes por un \u00fanico delito de violaci\u00f3n.<\/p>\n<p><strong>Los abusos habr\u00edan sido grabados por c\u00e1maras de videovigilancia<\/strong> y por los propios tel\u00e9fonos de los acusados. Los v\u00eddeos fueron entregados a la PJ por el comandante del cuartel, quien acompa\u00f1\u00f3 a la v\u00edctima al presentar la denuncia.<\/p>\n<p>La joven, que se hab\u00eda incorporado recientemente al cuerpo, habr\u00eda sido sometida a <strong>\u00abactos sexuales violentos\u00bb en varias ocasiones<\/strong> y agredida por compa\u00f1eros de mayor antig\u00fcedad en los parques de Fund\u00e3o y Soalheira, ambos en el mismo municipio.<\/p>\n<p><strong>Otro caso en Sintra<\/strong><\/p>\n<p>Este episodio se suma a <strong>otro caso de violaci\u00f3n denunciado previamente en un parque de bomberos de Sintra<\/strong>. All\u00ed, un bombero de 37 a\u00f1os habr\u00eda <a href=\"https:\/\/es.euronews.com\/tag\/violacion\" rel=\"nofollow noopener\" target=\"_blank\">violado y golpeado a una mujer<\/a> de 28, familiar de un compa\u00f1ero, con quien manten\u00eda \u00abuna relaci\u00f3n de amistad desde hac\u00eda varios a\u00f1os\u00bb, seg\u00fan medios portugueses.<\/p>\n<p>El agresor, <strong>que se encontraba ebrio y bajo los efectos de las drogas<\/strong>, tambi\u00e9n qued\u00f3 en libertad bajo TIR tras declarar ante las autoridades. La denuncia fue presentada por la v\u00edctima y un familiar ante la GNR local.<\/p>\n","protected":false},"excerpt":{"rendered":"Publicado 26\/11\/2025 &#8211; 19:31 CET \u2022Ultima actualizaci\u00f3n 19:54 El caso de una joven bombera violada por un grupo&hellip;\n","protected":false},"author":2,"featured_media":257781,"comment_status":"","ping_status":"","sticky":false,"template":"","format":"standard","meta":{"footnotes":""},"categories":[42],"tags":[12915,4343,17,18,13,14,11,61,62,63,64,2158,19,20,9,10,15,16,1462,12,21,22,3033,65,66,67],"class_list":{"0":"post-257780","1":"post","2":"type-post","3":"status-publish","4":"format-standard","5":"has-post-thumbnail","7":"category-internacional","8":"tag-agresion-sexual","9":"tag-bomberos","10":"tag-breaking-news","11":"tag-breakingnews","12":"tag-featured-news","13":"tag-featurednews","14":"tag-headlines","15":"tag-internacional","16":"tag-international","17":"tag-international-news","18":"tag-internationalnews","19":"tag-justicia","20":"tag-latest-news","21":"tag-latestnews","22":"tag-news","23":"tag-noticias","24":"tag-noticias-destacadas","25":"tag-noticiasdestacadas","26":"tag-portugal","27":"tag-titulares","28":"tag-ultimas-noticias","29":"tag-ultimasnoticias","30":"tag-violacion","31":"tag-world","32":"tag-world-news","33":"tag-worldnews"},"share_on_mastodon":{"url":"https:\/\/pubeurope.com\/@es\/115619121941516220","error":""},"_links":{"self":[{"href":"https:\/\/www.europesays.com\/es\/wp-json\/wp\/v2\/posts\/257780","targetHints":{"allow":["GET"]}}],"collection":[{"href":"https:\/\/www.europesays.com\/es\/wp-json\/wp\/v2\/posts"}],"about":[{"href":"https:\/\/www.europesays.com\/es\/wp-json\/wp\/v2\/types\/post"}],"author":[{"embeddable":true,"href":"https:\/\/www.europesays.com\/es\/wp-json\/wp\/v2\/users\/2"}],"replies":[{"embeddable":true,"href":"https:\/\/www.europesays.com\/es\/wp-json\/wp\/v2\/comments?post=257780"}],"version-history":[{"count":0,"href":"https:\/\/www.europesays.com\/es\/wp-json\/wp\/v2\/posts\/257780\/revisions"}],"wp:featuredmedia":[{"embeddable":true,"href":"https:\/\/www.europesays.com\/es\/wp-json\/wp\/v2\/media\/257781"}],"wp:attachment":[{"href":"https:\/\/www.europesays.com\/es\/wp-json\/wp\/v2\/media?parent=257780"}],"wp:term":[{"taxonomy":"category","embeddable":true,"href":"https:\/\/www.europesays.com\/es\/wp-json\/wp\/v2\/categories?post=257780"},{"taxonomy":"post_tag","embeddable":true,"href":"https:\/\/www.europesays.com\/es\/wp-json\/wp\/v2\/tags?post=257780"}],"curies":[{"name":"wp","href":"https:\/\/api.w.org\/{rel}","templated":true}]}}