{"id":257782,"date":"2025-11-27T01:42:18","date_gmt":"2025-11-27T01:42:18","guid":{"rendered":"https:\/\/www.europesays.com\/es\/257782\/"},"modified":"2025-11-27T01:42:18","modified_gmt":"2025-11-27T01:42:18","slug":"plante-en-las-universidades-publicas-de-madrid-por-su-infrafinanciacion","status":"publish","type":"post","link":"https:\/\/www.europesays.com\/es\/257782\/","title":{"rendered":"Plante en las universidades p\u00fablicas de Madrid por su infrafinanciaci\u00f3n"},"content":{"rendered":"<p data-gtm-element-container=\"modulo-texto-link\" class=\"paragraph\">Una visita por algunos de los campus de las seis universidades p\u00fablicas muestra el \u00e9xito de la primera de las dos jornadas de huelga convocadas para denunciar la ag\u00f3nica situaci\u00f3n econ\u00f3mica que atraviesan y que, seg\u00fan rezan los propios rectores, los presupuestos del a\u00f1o que viene que ha dise\u00f1ado el equipo de la presidenta, Isabel D\u00edaz Ayuso, no paliar\u00e1n en absoluto.<\/p>\n<p data-gtm-element-container=\"modulo-texto-link\" class=\"paragraph\">El seguimiento de la huelga ha sido abrumador entre los alumnos (entre el 75% y 90%, dependiendo del campus y la universidad, seg\u00fan sindicatos y las propias universidades) y menos entre los empleados, incluidos los profesores (entre un 30% y un 60% dependiendo de los centros). \u00bfNo est\u00e1n de acuerdo con la huelga? La Vanguardia no ha encontrado a ninguno que se manifieste en contra y s\u00ed muchos que refieren su \u201cprofunda preocupaci\u00f3n\u201d por la evidente falta de recursos que viven d\u00eda a d\u00eda, aunque a pocos les gusta que le \u201cquiten\u201d esos d\u00edas de huelga de la n\u00f3mina.<\/p>\n<p data-gtm-element-container=\"modulo-texto-link\" class=\"paragraph\">\u201cSi no hay respiro para las universidades, no habr\u00e1 paz para quienes nos asfixian\u201d es el lema elegido para las jornadas de huelga. Un lema que hace referencia al ahogo econ\u00f3mico que sufren desde hace a\u00f1os las universidades p\u00fablicas madrile\u00f1as, como as\u00ed han denunciado desde hace meses los rectores de la Complutense (UCM), Aut\u00f3noma (UAM), Polit\u00e9cnica (UPM), Alcal\u00e1 (UAH), Rey Juan Carlos (URJC) y Carlos III (UC3M).<\/p>\n<p>Madrid ve injustificada la huelga y replica que lo que s\u00ed merecer\u00eda protestar es \u201cel cupo independentista\u201d<\/p>\n<p data-gtm-element-container=\"modulo-texto-link\" class=\"paragraph\">No est\u00e1n solos. La propia presidenta de la Conferencia de Rectores y Rectoras de las Universidades Espa\u00f1olas (CRUE) y rectora de la Universitat Jaume I, Eva Alc\u00f3n, en el acto de apertura del curso presidido por Felipe VI, hizo un llamamiento el martes a reforzar la equidad y la financiaci\u00f3n. Uno de los retos es \u201cmejorar la financiaci\u00f3n universitaria\u201d, ya que \u201cuna universidad con una financiaci\u00f3n justa, adecuada y sostenida es pilar esencial del Estado de bienestar\u201d.<\/p>\n<p data-gtm-element-container=\"modulo-texto-link\" class=\"paragraph\">La principal exigencia de la coordinadora de plataformas de las universidades p\u00fablicas es que la Comunidad de Madrid destine para el presupuesto de universidades el 1% del producto interior bruto (PIB) de la regi\u00f3n. Seg\u00fan denuncian trabajadores y estudiantes, la actual inversi\u00f3n se sit\u00faa en el 0,4%. La UCM ha tenido que pedir un cr\u00e9dito a la Comunidad de Madrid para hacer frente a las n\u00f3minas de diciembre. La URJC se tambalea tambi\u00e9n y no descarta hacer lo propio.<\/p>\n<p data-gtm-element-container=\"modulo-texto-link\" class=\"paragraph\">Un dato refleja de manera clara cu\u00e1l es la situaci\u00f3n de las universidades p\u00fablicas madrile\u00f1as: es la \u00fanica regi\u00f3n de Espa\u00f1a que a\u00fan no ha recuperado la financiaci\u00f3n previa al 2009, seg\u00fan el informe Las universidades espa\u00f1olas. Una perspectiva auton\u00f3mica (2025) , de la Fundaci\u00f3n CyD. Eso supondr\u00eda inyectar 310 millones m\u00e1s para volver a la dotaci\u00f3n del 2009, descontando la inflaci\u00f3n de quince a\u00f1os.<\/p>\n<p>15.000 euros por poner una pancarta<\/p>\n<p class=\"module-text\">La otra petici\u00f3n de estudiantes y profesores es  que no se apruebe la ley  de universidades dise\u00f1ada por la Comunidad de Madrid, al considerar que ataca directamente a la universidad p\u00fablica. A juicio de CC.OO., entre otros, la futura ley favorece a las universidades y centros privados (como escuelas de negocio) en detrimento de la educaci\u00f3n p\u00fablica, reconociendo su papel como prestadoras de servicio p\u00fablico y permitiendo su concurrencia en convocatorias competitivas. Adem\u00e1s, critican el r\u00e9gimen sancionador propuesto que pretende \u201cfrenar el libre ejercicio de los derechos constitucionales\u201d y reprimir las movilizaciones y el derecho a disentir en los campus. Alg\u00fan  ejemplo: multas de hasta 15.000 euros por colocar una pancarta no autorizada o 100.000 por ocupar  un espacio del campus.<\/p>\n<p data-gtm-element-container=\"modulo-texto-link\" class=\"paragraph\">Ayer, alrededor de un millar de personas se concentr\u00f3 frente a la Consejer\u00eda de Educaci\u00f3n, bajo la pancarta \u201cSalvemos la universidad p\u00fablica\u201d, firmada por las seis plataformas en defensa de estas instituciones acad\u00e9micas. \u201cEstudiar es un derecho, no un negocio\u201d, \u201cLa p\u00fablica no se vende\u201d, \u201cAyuso privatiza, la uni agoniza\u201d o \u201cFuera empresas de la universidad\u201d han sido algunos de los c\u00e1nticos que clamaron los asistentes en esta concentraci\u00f3n. Hoy hay organizada una manifestaci\u00f3n por el centro de la ciudad.<\/p>\n<p data-gtm-element-container=\"modulo-texto-link\" class=\"paragraph\">\u00bfY qu\u00e9 ha respondido el Gobierno de Isabel D\u00edaz Ayuso? Pues aprovechar la ocasi\u00f3n para arremeter contra Catalunya. El consejero de Educaci\u00f3n, Ciencia y Universidades madrile\u00f1o, Emilio Viciana, considera que las movilizaciones universitarias \u201cno tienen ninguna justificaci\u00f3n\u201d y lo que s\u00ed merecer\u00eda una protesta es \u201cel cupo independentista por el que las universidades madrile\u00f1as dejar\u00e1n de ingresar 170 millones de euros cada a\u00f1o\u201d.<\/p>\n<p data-gtm-element-container=\"modulo-texto-link\" class=\"paragraph\">En un audio remitido a los medios de comunicaci\u00f3n, Viciana subray\u00f3 ayer que \u201cnadie est\u00e1 m\u00e1s comprometido con la mejora de la calidad y la financiaci\u00f3n de las universidades p\u00fablicas que el Gobierno de la Comunidad de Madrid\u201d. Viciana indic\u00f3 que el proyecto de presupuestos para 2026 prev\u00e9 un incremento \u201chist\u00f3rico\u201d de la partida destinada a financiar a las seis universidades p\u00fablicas madrile\u00f1as, que dispondr\u00e1n de casi 1.240 millones de euros para garantizar su funcionamiento, un 6,5% m\u00e1s que en el 2025.<\/p>\n<p data-gtm-element-container=\"modulo-texto-link\" class=\"paragraph\">La coordinadora de las plataformas en defensa de las seis universidades p\u00fablicas madrile\u00f1as respondi\u00f3 en un comunicado que el presupuesto destinado a las universidades no alcanza el 0,5% del producto interior bruto (PIB), cifra que la ley org\u00e1nica establece en el 1%.<\/p>\n","protected":false},"excerpt":{"rendered":"Una visita por algunos de los campus de las seis universidades p\u00fablicas muestra el \u00e9xito de la primera&hellip;\n","protected":false},"author":2,"featured_media":257783,"comment_status":"","ping_status":"","sticky":false,"template":"","format":"standard","meta":{"footnotes":""},"categories":[8],"tags":[17,18,25,24,13,14,11,19,20,9,10,15,16,23,12,21,22],"class_list":{"0":"post-257782","1":"post","2":"type-post","3":"status-publish","4":"format-standard","5":"has-post-thumbnail","7":"category-espana","8":"tag-breaking-news","9":"tag-breakingnews","10":"tag-es","11":"tag-espana","12":"tag-featured-news","13":"tag-featurednews","14":"tag-headlines","15":"tag-latest-news","16":"tag-latestnews","17":"tag-news","18":"tag-noticias","19":"tag-noticias-destacadas","20":"tag-noticiasdestacadas","21":"tag-spain","22":"tag-titulares","23":"tag-ultimas-noticias","24":"tag-ultimasnoticias"},"share_on_mastodon":{"url":"https:\/\/pubeurope.com\/@es\/115619125214282594","error":""},"_links":{"self":[{"href":"https:\/\/www.europesays.com\/es\/wp-json\/wp\/v2\/posts\/257782","targetHints":{"allow":["GET"]}}],"collection":[{"href":"https:\/\/www.europesays.com\/es\/wp-json\/wp\/v2\/posts"}],"about":[{"href":"https:\/\/www.europesays.com\/es\/wp-json\/wp\/v2\/types\/post"}],"author":[{"embeddable":true,"href":"https:\/\/www.europesays.com\/es\/wp-json\/wp\/v2\/users\/2"}],"replies":[{"embeddable":true,"href":"https:\/\/www.europesays.com\/es\/wp-json\/wp\/v2\/comments?post=257782"}],"version-history":[{"count":0,"href":"https:\/\/www.europesays.com\/es\/wp-json\/wp\/v2\/posts\/257782\/revisions"}],"wp:featuredmedia":[{"embeddable":true,"href":"https:\/\/www.europesays.com\/es\/wp-json\/wp\/v2\/media\/257783"}],"wp:attachment":[{"href":"https:\/\/www.europesays.com\/es\/wp-json\/wp\/v2\/media?parent=257782"}],"wp:term":[{"taxonomy":"category","embeddable":true,"href":"https:\/\/www.europesays.com\/es\/wp-json\/wp\/v2\/categories?post=257782"},{"taxonomy":"post_tag","embeddable":true,"href":"https:\/\/www.europesays.com\/es\/wp-json\/wp\/v2\/tags?post=257782"}],"curies":[{"name":"wp","href":"https:\/\/api.w.org\/{rel}","templated":true}]}}