{"id":257784,"date":"2025-11-27T01:43:33","date_gmt":"2025-11-27T01:43:33","guid":{"rendered":"https:\/\/www.europesays.com\/es\/257784\/"},"modified":"2025-11-27T01:43:33","modified_gmt":"2025-11-27T01:43:33","slug":"el-rey-emerito-ha-dado-una-entrevista-a-france-3-sobre-su-libro-reconciliacion","status":"publish","type":"post","link":"https:\/\/www.europesays.com\/es\/257784\/","title":{"rendered":"El rey em\u00e9rito ha dado una entrevista a France 3, sobre su libro, Reconciliaci\u00f3n."},"content":{"rendered":"<p class=\"c-paragraph\">El rey Juan Carlos I ha reconocido, en una entrevista que se emite este mi\u00e9rcoles 26 por la noche por France 3, que cometi\u00f3 \u00aberrores\u00bb, pero que no se arrepiente de su pasado y tampoco tiene remordimientos o <b>intenta \u00abno tenerlos\u00bb, aunque si pudiese volver atr\u00e1s tendr\u00eda m\u00e1s cuidado.<\/b><\/p>\n<p class=\"c-paragraph\">La entrevista, de la que se conoce un avance, fue realizada hace tres por el periodista franco-luxemburgu\u00e9s especializado en historia, realeza y patrimonio St\u00e9phane Bern, director y presentador en France 3 del<b> <\/b>programa Secretos de la Historia. <b>La conversaci\u00f3n ha tenido lugar en Abu Dabi, lugar de residencia del em\u00e9rito y en franc\u00e9s, idioma que el rey em\u00e9rito domina.<\/b><\/p>\n<p class=\"c-paragraph\">Juan Carlos responde que si ha tardado tanto tiempo en escribir el libro ha sido porque ahora era el momento y que en \u00e9l se <b>entrega \u00aba tumba abierta\u00bb. El rey y el periodista han hablado para el programa del segundo, y se titula Confidencias de un rey ca\u00eddo en desgracia.<\/b><\/p>\n<blockquote class=\"c-phrase__blockquote\"><p>Estoy acostumbrado a o\u00edr de todo. Cada uno tiene su opini\u00f3n, pero todo est\u00e1 resuelto. Estoy tranquilo<\/p><\/blockquote>\n<p class=\"c-paragraph\"><b>\u00abTodos los hombres cometen errores y todo el mundo los comete\u00bb,<\/b> afirm\u00f3 en una entrevista a la televisi\u00f3n p\u00fablica francesa titulada Juan Carlos I. Las confidencias de un rey en desgracia\u00bb, en la que repasa su vida y los momentos m\u00e1s destacados de sus 39 a\u00f1os de reinado (1975-2014) con motivo de la publicaci\u00f3n en Francia a principios de mes de su libro de memorias Reconciliaci\u00f3n.\u00a0<\/p>\n<p class=\"c-paragraph\">Preguntado espec\u00edficamente por los asuntos financieros y fiscales que se le han reprochado y por sus relaciones amorosas, el rey em\u00e9rito respondi\u00f3: \u00abEstoy acostumbrado a o\u00edr de todo. Cada uno tiene derecho a su opini\u00f3n, pero<b> todo est\u00e1 resuelto, todo ha terminado. Estoy tranquilo\u00bb.\u00a0<\/b><\/p>\n<blockquote class=\"c-phrase__blockquote\"><p>Creo que en Espa\u00f1a el dinero es m\u00e1s importante (en comparaci\u00f3n con lo amoroso)<\/p><\/blockquote>\n<p class=\"c-paragraph\">\u00abLe acusan de que fue demasiado sensible o demasiado complaciente\u00bb, le sugiere el entrevistador. \u00abS\u00ed, as\u00ed es\u00bb, responde el rey em\u00e9rito. Y cuestionado por el periodista sobre qu\u00e9 opina, si los espa\u00f1oles encajaron peor los regalos econ\u00f3micos que recibi\u00f3 o sus aventuras amorosas, el em\u00e9rito contesta: <b>\u00abCreo que en Espa\u00f1a el dinero es m\u00e1s importante, pero todo es malo\u00bb.\u00a0<\/b><\/p>\n<blockquote class=\"c-phrase__blockquote\"><p>Mi padre me dec\u00eda: Juanito, hasta en el ba\u00f1o te vemos.De mayor, lo entend\u00ed<\/p><\/blockquote>\n<p class=\"c-paragraph\">Bern se refiere, citando su libro, que \u00abno es un santo\u00bb y le recuerda que \u00abun rey est\u00e1 bajo constante escrutinio y siempre es un modelo a seguir\u00bb. \u00abRecuerdo -dice Juan Carlos I- una frase que mi padre me dec\u00eda de peque\u00f1o: &#8216;Juanito, hasta en el ba\u00f1o te vemos&#8217;. <b>De mayor, entend\u00ed lo que quer\u00eda decir\u00bb.\u00a0<\/b><\/p>\n<p class=\"c-paragraph\"><b>\u00ab\u00bfPero a veces lo olvid\u00f3?, <\/b>le interroga Bern, a lo que Juan Carlos I responde con un \u00abs\u00ed\u00bb.\u00a0<\/p>\n<blockquote class=\"c-phrase__blockquote\"><p>Intento no tener ning\u00fan remordimiento<\/p><\/blockquote>\n<p class=\"c-paragraph\">\u00ab\u00bfPero se arrepiente de algo?\u00bb, le inquiere el entrevistador. <b>Su respuesta es tambi\u00e9n escueta: \u00abNo\u00bb.\u00a0<\/b><\/p>\n<p class=\"c-paragraph\">\u00ab\u00bfY remordimientos?\u00bb, continua el periodista. El rey em\u00e9rito responde: \u00abNo, intento no tener ninguno\u00bb. Finalmente, el informador se pregunta: \u00abSi tuviera que volver a hacerlo, \u00bftendr\u00eda m\u00e1s cuidado?\u00bb.\u00a0<b> A lo que Juan Carlos I subraya: \u00abS\u00ed, claro\u00bb<\/b><\/p>\n","protected":false},"excerpt":{"rendered":"El rey Juan Carlos I ha reconocido, en una entrevista que se emite este mi\u00e9rcoles 26 por la&hellip;\n","protected":false},"author":2,"featured_media":257785,"comment_status":"","ping_status":"","sticky":false,"template":"","format":"standard","meta":{"footnotes":""},"categories":[5],"tags":[17,18,25,24,5177,13,14,11,18061,18062,19,20,9,10,15,16,64683,23,5176,12,21,22],"class_list":{"0":"post-257784","1":"post","2":"type-post","3":"status-publish","4":"format-standard","5":"has-post-thumbnail","7":"category-titulares","8":"tag-breaking-news","9":"tag-breakingnews","10":"tag-es","11":"tag-espana","12":"tag-falco","13":"tag-featured-news","14":"tag-featurednews","15":"tag-headlines","16":"tag-isabelle","17":"tag-junot","18":"tag-latest-news","19":"tag-latestnews","20":"tag-news","21":"tag-noticias","22":"tag-noticias-destacadas","23":"tag-noticiasdestacadas","24":"tag-prima","25":"tag-spain","26":"tag-tamara","27":"tag-titulares","28":"tag-ultimas-noticias","29":"tag-ultimasnoticias"},"share_on_mastodon":{"url":"https:\/\/pubeurope.com\/@es\/115619129111103086","error":""},"_links":{"self":[{"href":"https:\/\/www.europesays.com\/es\/wp-json\/wp\/v2\/posts\/257784","targetHints":{"allow":["GET"]}}],"collection":[{"href":"https:\/\/www.europesays.com\/es\/wp-json\/wp\/v2\/posts"}],"about":[{"href":"https:\/\/www.europesays.com\/es\/wp-json\/wp\/v2\/types\/post"}],"author":[{"embeddable":true,"href":"https:\/\/www.europesays.com\/es\/wp-json\/wp\/v2\/users\/2"}],"replies":[{"embeddable":true,"href":"https:\/\/www.europesays.com\/es\/wp-json\/wp\/v2\/comments?post=257784"}],"version-history":[{"count":0,"href":"https:\/\/www.europesays.com\/es\/wp-json\/wp\/v2\/posts\/257784\/revisions"}],"wp:featuredmedia":[{"embeddable":true,"href":"https:\/\/www.europesays.com\/es\/wp-json\/wp\/v2\/media\/257785"}],"wp:attachment":[{"href":"https:\/\/www.europesays.com\/es\/wp-json\/wp\/v2\/media?parent=257784"}],"wp:term":[{"taxonomy":"category","embeddable":true,"href":"https:\/\/www.europesays.com\/es\/wp-json\/wp\/v2\/categories?post=257784"},{"taxonomy":"post_tag","embeddable":true,"href":"https:\/\/www.europesays.com\/es\/wp-json\/wp\/v2\/tags?post=257784"}],"curies":[{"name":"wp","href":"https:\/\/api.w.org\/{rel}","templated":true}]}}