{"id":257786,"date":"2025-11-27T01:48:13","date_gmt":"2025-11-27T01:48:13","guid":{"rendered":"https:\/\/www.europesays.com\/es\/257786\/"},"modified":"2025-11-27T01:48:13","modified_gmt":"2025-11-27T01:48:13","slug":"el-tenista-mas-polemico-vuelve-a-provocar-deja-fuera-a-nadal-y-federer-entre-los-mejores","status":"publish","type":"post","link":"https:\/\/www.europesays.com\/es\/257786\/","title":{"rendered":"El tenista m\u00e1s pol\u00e9mico vuelve a provocar: deja fuera a Nadal y Federer entre los mejores"},"content":{"rendered":"<p>Aleksandr Bublik vuelve a generar pol\u00e9mica al no mencionar ni a Rafa Nadal ni a Roger Federer a la hora de construir a su tenista perfecto <\/p>\n<p class=\"parrafo\"><strong>El tenis tiene a Rafa Nadal y Roger Federer como dos de sus m\u00e1ximos exponentes y de los mejores nombres a nivel hist\u00f3rico.<\/strong> El suizo es el segundo jugador con m\u00e1s semanas como n\u00famero uno del mundo con 310, s\u00f3lo por detr\u00e1s de Novak Djokovic, y el espa\u00f1ol el sexto, liderando la ATP durante 209 semanas. Por ello, al pensar en los mejores tenistas es imposible no acordarse de ellos. <\/p>\n<p class=\"parrafo\"><strong>No opina igual Aleksandr Bublik, que se ha olvidado de ellos a la hora de construir a su tenista ideal.<\/strong> <a href=\"https:\/\/www.estadiodeportivo.com\/tenis\/bublik-silencia-gran-enemigo-paris-voy-llegar-super-motivado-para-mandarle-casa-20251029-518420.html\" target=\"_blank\" class=\"intext-link\" rel=\"nofollow noopener\">El kazajo es uno de los jugadores m\u00e1s pol\u00e9micos del circuito,<\/a> por no decir el que m\u00e1s. Desde sus declaraciones, como \u00abodio el tenis con todo mi coraz\u00f3n. Para ser honesto, no veo nada positivo en ser tenista, solo juego por dinero\u00bb, y varias acciones controvertidas en pista, Bublik suele estar en el centro de la pol\u00e9mica. Ahora, al t\u00e9rmino de la temporada, ha dejado nuevos motivos para ello. <\/p>\n<p><a class=\"elementos-rel-t2\" href=\"https:\/\/www.estadiodeportivo.com\/tenis\/heroe-italia-copa-davis-amenaza-atp-objetivo-entrar-top-20251125-521573.html\" title=\"El h\u00e9roe de Italia en la Copa Davis ya amenaza en la ATP: &quot;Mi objetivo es entrar en el top 10&quot;\" rel=\"nofollow noopener\" target=\"_blank\">El h\u00e9roe de Italia en la Copa Davis ya amenaza en la ATP: \u00abMi objetivo es entrar en el top 10\u00bb<img decoding=\"async\" src=\"https:\/\/www.europesays.com\/es\/wp-content\/uploads\/2025\/11\/d8d120ac-fb05-4979-9529-233bce4f45d3_320x180.jpeg\" alt=\"El h\u00e9roe de Italia en la Copa Davis ya amenaza en la ATP: &quot;Mi objetivo es entrar en el top 10&quot;\"\/><\/a><a class=\"elementos-rel-t2\" href=\"https:\/\/www.estadiodeportivo.com\/tenis\/djokovic-mete-miedo-para-open-australia-dejarse-piel-una-ultima-vez-20251124-521478.html\" title=\"Djokovic ya mete miedo para el Open de Australia: &quot;Va a dejarse la piel una \u00faltima vez&quot;\" rel=\"nofollow noopener\" target=\"_blank\">Djokovic ya mete miedo para el Open de Australia: \u00abVa a dejarse la piel una \u00faltima vez\u00bb<img decoding=\"async\" src=\"https:\/\/www.europesays.com\/es\/wp-content\/uploads\/2025\/11\/3df85039-097f-480a-8cee-9d3ea7ad3129_320x180.jpeg\" alt=\"Djokovic ya mete miedo para el Open de Australia: &quot;Va a dejarse la piel una \u00faltima vez&quot;\"\/><\/a><a class=\"elementos-rel-t2\" href=\"https:\/\/www.estadiodeportivo.com\/tenis\/espana-puede-con-italia-que-campeona-copa-davis-por-tercera-vez-consecutiva-20251123-521356.html\" title=\"Espa\u00f1a no puede con Italia, que es campeona de la Copa Davis por tercera vez consecutiva\" rel=\"nofollow noopener\" target=\"_blank\">Espa\u00f1a no puede con Italia, que es campeona de la Copa Davis por tercera vez consecutiva<img decoding=\"async\" src=\"https:\/\/www.europesays.com\/es\/wp-content\/uploads\/2025\/11\/335abc44-12a5-4688-84ba-e2a7f049665c_320x180.jpeg\" alt=\"Espa\u00f1a no puede con Italia, que es campeona de la Copa Davis por tercera vez consecutiva\"\/><\/a>Aleksandr Bublik no incluye a Nadal o Federer<\/p>\n<p class=\"parrafo\"><strong>Bublik ha tenido que construir al que ser\u00eda su tenista perfecto eligiendo las cualidades de los tenistas que quisiera<\/strong>. El kazajo ten\u00eda para escoger el saque , devoluci\u00f3n, derecha, rev\u00e9s, volea, juego de pies, fortaleza mental del tenista que quiera en cada uno, y as\u00ed elaborar al que para \u00e9l es el jugador perfecto. Un juego simple pero que ha levantado mucha pol\u00e9mica. <\/p>\n<p class=\"parrafo\"><strong>El n\u00famero once del mundo no ha escogido a Rafa Nadal ni a Roger Federer en ninguna de estas categor\u00edas.<\/strong> Sus respuestas, en orden con las cualidades mencionadas anteriormente, han sido Isner, Djokovic, Fonseca, Medvedev, Hurkacz, Sinner, Alcaraz, generando una diversidad de opiniones, pero sobre todo controversia por no optar por Nadal ni Federer para construir a su tenista perfecto. <\/p>\n<p>Bublik s\u00ed apuesta por Jannik Sinner y Carlos Alcaraz<\/p>\n<p class=\"parrafo\">Pese a olvidarse a Nadal y Federer, dos de los tenistas m\u00e1s hist\u00f3ricos,<strong> no pod\u00eda dejar atr\u00e1s a los dos tenistas que m\u00e1s dolores de cabeza le traen a \u00e9l: Carlos Alcaraz y Jannik Sinner.<\/strong> El kazajo, al igual que el resto del circuito, est\u00e1 sufriendo este duopolio de la ATP en manos del espa\u00f1ol y el italiano, actuales n\u00famero uno y dos del mundo respectivamente. Sabe que ambos est\u00e1n llamados a marcar una era en el tenis y los elige como los mejores en ciertos atributos. <\/p>\n<p><img decoding=\"async\" src=\"https:\/\/www.europesays.com\/es\/wp-content\/uploads\/2025\/11\/cfe03171-3225-43cd-a37d-65172a8c0abe_800x533.jpeg\" loading=\"lazy\"\/><\/p>\n<p class=\"parrafo\"><strong>La mentalidad m\u00e1s fuerte cree que es la de Alcaraz,<\/strong><strong> mientras que a Sinner le elige como el que mejor trabajo de pies tiene, <\/strong>permitiendo una movilidad y desplazamientos por la pista r\u00e1pidos y certeros.  A pesar de ello, Bublik ha sido el \u00fanico tenista adem\u00e1s de Carlos que ha conseguido derrotar a Sinner en esta temporada. <\/p>\n","protected":false},"excerpt":{"rendered":"Aleksandr Bublik vuelve a generar pol\u00e9mica al no mencionar ni a Rafa Nadal ni a Roger Federer a&hellip;\n","protected":false},"author":2,"featured_media":257787,"comment_status":"","ping_status":"","sticky":false,"template":"","format":"standard","meta":{"footnotes":""},"categories":[274],"tags":[1691,545,168,25,24,284,6894,3440,4466,23,167,327,326],"class_list":{"0":"post-257786","1":"post","2":"type-post","3":"status-publish","4":"format-standard","5":"has-post-thumbnail","7":"category-tenis","8":"tag-atp","9":"tag-carlos-alcaraz","10":"tag-deportes","11":"tag-es","12":"tag-espana","13":"tag-estadio-deportivo","14":"tag-rafa-nadal","15":"tag-roger-federer","16":"tag-sinner","17":"tag-spain","18":"tag-sports","19":"tag-tenis","20":"tag-tennis"},"share_on_mastodon":{"url":"https:\/\/pubeurope.com\/@es\/115619149524085229","error":""},"_links":{"self":[{"href":"https:\/\/www.europesays.com\/es\/wp-json\/wp\/v2\/posts\/257786","targetHints":{"allow":["GET"]}}],"collection":[{"href":"https:\/\/www.europesays.com\/es\/wp-json\/wp\/v2\/posts"}],"about":[{"href":"https:\/\/www.europesays.com\/es\/wp-json\/wp\/v2\/types\/post"}],"author":[{"embeddable":true,"href":"https:\/\/www.europesays.com\/es\/wp-json\/wp\/v2\/users\/2"}],"replies":[{"embeddable":true,"href":"https:\/\/www.europesays.com\/es\/wp-json\/wp\/v2\/comments?post=257786"}],"version-history":[{"count":0,"href":"https:\/\/www.europesays.com\/es\/wp-json\/wp\/v2\/posts\/257786\/revisions"}],"wp:featuredmedia":[{"embeddable":true,"href":"https:\/\/www.europesays.com\/es\/wp-json\/wp\/v2\/media\/257787"}],"wp:attachment":[{"href":"https:\/\/www.europesays.com\/es\/wp-json\/wp\/v2\/media?parent=257786"}],"wp:term":[{"taxonomy":"category","embeddable":true,"href":"https:\/\/www.europesays.com\/es\/wp-json\/wp\/v2\/categories?post=257786"},{"taxonomy":"post_tag","embeddable":true,"href":"https:\/\/www.europesays.com\/es\/wp-json\/wp\/v2\/tags?post=257786"}],"curies":[{"name":"wp","href":"https:\/\/api.w.org\/{rel}","templated":true}]}}