{"id":257788,"date":"2025-11-27T01:49:23","date_gmt":"2025-11-27T01:49:23","guid":{"rendered":"https:\/\/www.europesays.com\/es\/257788\/"},"modified":"2025-11-27T01:49:23","modified_gmt":"2025-11-27T01:49:23","slug":"perico-no-deberia-ser-largado-de-tve","status":"publish","type":"post","link":"https:\/\/www.europesays.com\/es\/257788\/","title":{"rendered":"Perico no deber\u00eda ser \u00ablargado\u00bb de TVE"},"content":{"rendered":"<p data-start=\"139\" data-end=\"593\">En estos d\u00edas en los que todo se amplifica, en los que cada palabra parece pesar como una losa y cada opini\u00f3n se convierte en una suerte de examen p\u00fablico, <strong>la figura de Perico Delgado vuelve a estar en el ojo del hurac\u00e1n<\/strong>.<\/p>\n<p data-start=\"139\" data-end=\"593\">Su valoraci\u00f3n sobre las protestas pro palestinas durante la Vuelta a Espa\u00f1a abri\u00f3 un debate que, como casi siempre en estos tiempos, se movi\u00f3 m\u00e1s por impulsos que por matices.<\/p>\n<p><a class=\"wppaslink\" href=\"https:\/\/joanseguidor.com\/pas\/ccmm-valenciana\/44016\/0\" target=\"_blank\" rel=\"nofollow noopener\"><img decoding=\"async\" src=\"data:image\/svg+xml,%3Csvg%20xmlns=\" http:=\"\" alt=\"CCMM Valenciana\" border=\"0\" data-lazy-src=\"https:\/\/www.europesays.com\/es\/wp-content\/uploads\/2025\/11\/1764208161_520_tl-joanseguidorcom-1024x140-1.png\"\/><\/a><\/p>\n<p data-start=\"139\" data-end=\"593\">Y los matices, precisamente, son lo que m\u00e1s falta hacen.<\/p>\n<p data-start=\"595\" data-end=\"1194\">Yo no estaba de acuerdo con Perico en este aspecto, como s\u00ed con <a href=\"https:\/\/joanseguidor.com\/carlos-de-andres-estuvo-perfecto-sobre-israel\/\" target=\"_blank\" rel=\"noopener nofollow\">Carlos de Andr\u00e9s<\/a>, todo lo contrario, o el mismo Ernest Riveras, pero es verdad que <strong>aquellas protestas en la Vuelta generaron un clima de tensi\u00f3n in\u00e9dita para los aficionados y para los propios ciclistas<\/strong>, que llegaron a temer por su integridad en un par de etapas.<\/p>\n<p data-start=\"595\" data-end=\"1194\">\n<p data-start=\"595\" data-end=\"1194\">La Vuelta se vio interrumpida, alterada, estresada\u2026 y desde dentro del mundillo se vivi\u00f3 con la sensaci\u00f3n de que el ciclismo, un deporte fr\u00e1gil por naturaleza, pagaba los platos rotos de un conflicto inmenso que le era completamente ajeno.<\/p>\n<p data-start=\"595\" data-end=\"1194\">En ese sentido, Perico ten\u00eda parte de raz\u00f3n: quienes viven este deporte desde dentro sienten una responsabilidad por su continuidad, por su seguridad y por su imagen.<\/p>\n<p data-start=\"1196\" data-end=\"1683\">Pero tambi\u00e9n es cierto que <strong>las protestas marcaron un antes y un despu\u00e9s en la postura de muchos pa\u00edses respecto a Israel<\/strong>.<\/p>\n<p data-start=\"1196\" data-end=\"1683\">El ciclismo \u2014la Vuelta incluida\u2014 no fue m\u00e1s que un escenario accidental de una tragedia humana mayor, inmensamente mayor, que desbord\u00f3 cualquier conversaci\u00f3n deportiva.<\/p>\n<p data-start=\"1196\" data-end=\"1683\">Y quiz\u00e1 ah\u00ed es donde Perico se qued\u00f3 corto: en <strong>entender que, por mucho que adoremos este deporte, la magnitud de lo que estaba ocurriendo superaba con creces<\/strong> el per\u00edmetro emocional de una carrera.<\/p>\n<p data-start=\"1685\" data-end=\"2223\">Ahora bien, de ah\u00ed a pedir su cabeza hay un salto.<\/p>\n<p data-start=\"1685\" data-end=\"2223\"><a href=\"https:\/\/www.turismodecastellon.com\/es\/que-hacer\/rutaCicloturismo\" rel=\"nofollow noopener\" target=\"_blank\"><img loading=\"lazy\" decoding=\"async\" class=\"aligncenter wp-image-66569 size-medium\" src=\"data:image\/svg+xml,%3Csvg%20xmlns=\" http:=\"\" alt=\"\" width=\"300\" height=\"293\" data-lazy- data-lazy- data-lazy-src=\"https:\/\/www.europesays.com\/es\/wp-content\/uploads\/2025\/10\/bn-castellon-cycling-1024x1000-3-300x293.gif\"\/><\/a><\/p>\n<p data-start=\"1685\" data-end=\"2223\">No se puede despedir a un comentarista por una opini\u00f3n discutible, expresada sin \u00e1nimo de ofender y desde la preocupaci\u00f3n por un evento que lleva d\u00e9cadas narrando.<\/p>\n<p data-start=\"1685\" data-end=\"2223\">Si alg\u00fan d\u00eda TVE decide que Perico debe dar un paso al lado, <strong>tendr\u00e1 que ser por otro motivos<\/strong>: por su evoluci\u00f3n como comentarista, por su adaptaci\u00f3n a los nuevos tiempos o por la renovaci\u00f3n natural de un equipo que, a veces, s\u00ed, se percibe un poco desfasado.<\/p>\n<p data-start=\"1685\" data-end=\"2223\">Pero no por esto.<\/p>\n<p data-start=\"2225\" data-end=\"2511\" data-is-last-node=\"\" data-is-only-node=\"\">Perico no merece ser despedido por sus palabras sobre Israel y Palestina.<\/p>\n<p data-start=\"2225\" data-end=\"2511\" data-is-last-node=\"\" data-is-only-node=\"\">Merece, como todos, que sus opiniones se debatan, se contextualicen y, si hace falta, se discutan.<\/p>\n<p data-start=\"2225\" data-end=\"2511\" data-is-last-node=\"\" data-is-only-node=\"\">Pero no que se conviertan en una sentencia.<\/p>\n<p data-start=\"2225\" data-end=\"2511\" data-is-last-node=\"\" data-is-only-node=\"\">Pues el ciclismo, como la vida, necesita menos ruido y m\u00e1s sentido.<\/p>\n<p data-start=\"2225\" data-end=\"2511\" data-is-last-node=\"\" data-is-only-node=\"\">Imagen:\u00a0Unipublic\/Cxcling\/Angel Camarena<\/p>\n<p data-start=\"2225\" data-end=\"2511\" data-is-last-node=\"\" data-is-only-node=\"\"><strong><a href=\"https:\/\/terresdelebre.travel\/cycling\/es\/deportivo\" target=\"_blank\" rel=\"noopener nofollow\"><img loading=\"lazy\" decoding=\"async\" class=\"aligncenter\" src=\"data:image\/svg+xml,%3Csvg%20xmlns=\" http:=\"\" alt=\"\" width=\"1024\" height=\"400\" data-lazy-src=\"https:\/\/www.europesays.com\/es\/wp-content\/uploads\/2025\/10\/1024x400-cicloturisme-joanseguidor.jpg\"\/><\/a><\/strong><\/p>\n","protected":false},"excerpt":{"rendered":"En estos d\u00edas en los que todo se amplifica, en los que cada palabra parece pesar como una&hellip;\n","protected":false},"author":2,"featured_media":257789,"comment_status":"","ping_status":"","sticky":false,"template":"","format":"standard","meta":{"footnotes":""},"categories":[273],"tags":[313,312,168,25,24,2548,36623,23,167,10568],"class_list":{"0":"post-257788","1":"post","2":"type-post","3":"status-publish","4":"format-standard","5":"has-post-thumbnail","7":"category-ciclismo","8":"tag-ciclismo","9":"tag-cycling","10":"tag-deportes","11":"tag-es","12":"tag-espana","13":"tag-featured","14":"tag-pedro-delgado","15":"tag-spain","16":"tag-sports","17":"tag-vueltaespana"},"share_on_mastodon":{"url":"https:\/\/pubeurope.com\/@es\/115619152757408004","error":""},"_links":{"self":[{"href":"https:\/\/www.europesays.com\/es\/wp-json\/wp\/v2\/posts\/257788","targetHints":{"allow":["GET"]}}],"collection":[{"href":"https:\/\/www.europesays.com\/es\/wp-json\/wp\/v2\/posts"}],"about":[{"href":"https:\/\/www.europesays.com\/es\/wp-json\/wp\/v2\/types\/post"}],"author":[{"embeddable":true,"href":"https:\/\/www.europesays.com\/es\/wp-json\/wp\/v2\/users\/2"}],"replies":[{"embeddable":true,"href":"https:\/\/www.europesays.com\/es\/wp-json\/wp\/v2\/comments?post=257788"}],"version-history":[{"count":0,"href":"https:\/\/www.europesays.com\/es\/wp-json\/wp\/v2\/posts\/257788\/revisions"}],"wp:featuredmedia":[{"embeddable":true,"href":"https:\/\/www.europesays.com\/es\/wp-json\/wp\/v2\/media\/257789"}],"wp:attachment":[{"href":"https:\/\/www.europesays.com\/es\/wp-json\/wp\/v2\/media?parent=257788"}],"wp:term":[{"taxonomy":"category","embeddable":true,"href":"https:\/\/www.europesays.com\/es\/wp-json\/wp\/v2\/categories?post=257788"},{"taxonomy":"post_tag","embeddable":true,"href":"https:\/\/www.europesays.com\/es\/wp-json\/wp\/v2\/tags?post=257788"}],"curies":[{"name":"wp","href":"https:\/\/api.w.org\/{rel}","templated":true}]}}