{"id":257790,"date":"2025-11-27T01:51:13","date_gmt":"2025-11-27T01:51:13","guid":{"rendered":"https:\/\/www.europesays.com\/es\/257790\/"},"modified":"2025-11-27T01:51:13","modified_gmt":"2025-11-27T01:51:13","slug":"el-barca-vencio-la-resistencia-del-asvel-en-el-tramo-final-88-78","status":"publish","type":"post","link":"https:\/\/www.europesays.com\/es\/257790\/","title":{"rendered":"El Bar\u00e7a venci\u00f3 la resistencia del Asvel en el tramo final (88-78)"},"content":{"rendered":"<p>            <a href=\"https:\/\/encestando.es\/wp-content\/uploads\/2025\/11\/20251126_221010-scaled.jpg\" data-caption=\"\" rel=\"nofollow noopener\" target=\"_blank\"><img loading=\"lazy\" decoding=\"async\" width=\"696\" height=\"870\" class=\"entry-thumb td-modal-image\" src=\"https:\/\/www.europesays.com\/es\/wp-content\/uploads\/2025\/11\/20251126_221010-696x870.jpg\"   alt=\"\" title=\"20251126_221010\"\/><\/a><\/p>\n<p>El triunfo no qued\u00f3 asegurado hasta la recta final pero el regreso de Xavi Pascual al Palau despu\u00e9s de nueve a\u00f1os y medio tuvo el premio que mereci\u00f3 el equipo azulgrana. Se encontr\u00f3 en las horas previas con la baja de nuevo por lesi\u00f3n de Laprovittola para un mes y toc\u00f3 otra vez tirar de los pesos pesadsos del equipo ante un Asvel pele\u00f3n, aunque al final la bonita pelea sali\u00f3 bien para el Barcelona. Ahora hay m\u00e1s de una semana sin partidos para descansar y ajustar cosas.<\/p>\n<p>El partido empez\u00f3 tosco, con baja intensidad en ataque por parte de ambos equipos. El Bar\u00e7a se sostuvo gracias al dominio bajo el aro de Toko Shengelia y al rebote ofensivo (9 en los primeros 10 minutos), mientras que el ASVEL se mantuvo a flote gracias a los tiros libres. Prueba de ello es que el equipo franc\u00e9s, que lleg\u00f3 a gozar de una ventaja inicial de 2-7 (min.2), anot\u00f3 14 de los 19 puntos del primer cuarto desde la l\u00ednea de personal. Pese a ello, los locales, que tardaron 9 minutos en anotar su primer triple, obra de Brizuela, cerr\u00f3 el primer acto con una m\u00ednima ventaja (20-19).<\/p>\n<p>Con los suplentes en el parqu\u00e9, el Bar\u00e7a encaden\u00f3 un parcial de 5-0 en los primeros compases del segundo acto (25-19) con una buena actuaci\u00f3n del argentino Juani Marcos, reemplazo del lesionado Nico Laprovittola. Pero el Bar\u00e7a no rompi\u00f3 el encuentro y, tras encadenar varias p\u00e9rdidas, el ASVEL lo aprovech\u00f3 a la contra para ponerse por delante de la mano de De Colo en la direcci\u00f3n y los interiores Massa y Ndiaye (28-30, min.14). El envite entr\u00f3 entonces en un intercambio de golpes y, en estas, sobresali\u00f3 la figura de Kevin Punter, que termin\u00f3 el primer tiempo con 10 puntos, los dos \u00faltimos tras una pl\u00e1stica bandeja que situaba el 45-44 al descanso. Una victoria parcial que no parec\u00eda gustar a Xavi Pascual, que en el banquillo se mostr\u00f3 ostensiblemente disgustado ante algunas acciones defensivas de sus jugadores.<\/p>\n<p><img loading=\"lazy\" decoding=\"async\" src=\"https:\/\/www.europesays.com\/es\/wp-content\/uploads\/2025\/11\/lg\" alt=\"\" width=\"0\" height=\"0\"\/><img loading=\"lazy\" decoding=\"async\" src=\"https:\/\/www.europesays.com\/es\/wp-content\/uploads\/2025\/11\/1764208273_939_lg\" alt=\"\" width=\"0\" height=\"0\"\/>En la reanudaci\u00f3n, el Bar\u00e7a parec\u00eda dispuesto a romper el partido (51-48, min.22), pero un omnipresente De Colo lider\u00f3 la reacci\u00f3n del ASVEL. Y del 51-48 se pas\u00f3 al 56-61 del minuto 27. Un parcial de 5-13 que dejaba en evidencia las carencias de un equipo que todav\u00eda est\u00e1 procesando el \u2018libreto\u2019 de Pascual y que desesperaba a Vesely, que se exili\u00f3 al banquillo tras recibir una falta t\u00e9cnica. Reaccion\u00f3 con m\u00e1s orgullo que juego el Bar\u00e7a. La defensa, los puntos de Punter y Parra, y un triple lejano de Juani Marcos situaron el 68-65 favorable a los locales al final del tercer acto.<\/p>\n<p>Pascual apost\u00f3 por la segunda unidad en los primeros compases del \u00faltimo cuarto y la jugada le sali\u00f3 bien. Un intenso Juani Marcos en defensa y dos hachazos de Brizuela dieron aire a los locales a 7 minutos del final. El ASVEL pudo ajustar el encuentro, pero no encontr\u00f3 a su faro, De Colo, y el Bar\u00e7a apret\u00f3 las tuercas en defensa y encarril\u00f3 el encuentro con un chispazo desde el per\u00edmetro de Brizuela y un contraataque tras robo ejecutado por Shengelia (80-69, min.36). El conjunto local, que lleg\u00f3 a gozar de una ventaja de 13 puntos, sum\u00f3 as\u00ed un triunfo laborioso -el octavo en trece jornadas- que le permite mantenerse en la zona alta de la Euroliga.<\/p>\n<p><strong>88 \u2013 Bar\u00e7a (20+25+23+20):<\/strong>\u00a0Satoransky (6), Punter (24), Clyburn (5), Shengelia (15), Vesely (6) -cinco inicial-, Marcos (6), Cale (2), Norris (-), Brizuela (12), Hernang\u00f3mez (5), Fall (-) y Parra (7).<\/p>\n<p><strong>78 \u2013 ASVEL Villeurabanne (19+25+21+13):<\/strong>\u00a0De Colo (22), Harrison (9), Lighty (2), Traor\u00e9 (6), Massa (10) -cinco inicial-, Heurtel (6), Ajinca (8), Ngouama (-), Ndiaye (6), Watson (4) y Vautier (5).<\/p>\n<p>Anuncios<\/p>\n<p>Anuncios<\/p>\n","protected":false},"excerpt":{"rendered":"El triunfo no qued\u00f3 asegurado hasta la recta final pero el regreso de Xavi Pascual al Palau despu\u00e9s&hellip;\n","protected":false},"author":2,"featured_media":257791,"comment_status":"","ping_status":"","sticky":false,"template":"","format":"standard","meta":{"footnotes":""},"categories":[269],"tags":[299,298,168,25,24,23,167],"class_list":{"0":"post-257790","1":"post","2":"type-post","3":"status-publish","4":"format-standard","5":"has-post-thumbnail","7":"category-baloncesto","8":"tag-baloncesto","9":"tag-basketball","10":"tag-deportes","11":"tag-es","12":"tag-espana","13":"tag-spain","14":"tag-sports"},"share_on_mastodon":{"url":"https:\/\/pubeurope.com\/@es\/115619161004874849","error":""},"_links":{"self":[{"href":"https:\/\/www.europesays.com\/es\/wp-json\/wp\/v2\/posts\/257790","targetHints":{"allow":["GET"]}}],"collection":[{"href":"https:\/\/www.europesays.com\/es\/wp-json\/wp\/v2\/posts"}],"about":[{"href":"https:\/\/www.europesays.com\/es\/wp-json\/wp\/v2\/types\/post"}],"author":[{"embeddable":true,"href":"https:\/\/www.europesays.com\/es\/wp-json\/wp\/v2\/users\/2"}],"replies":[{"embeddable":true,"href":"https:\/\/www.europesays.com\/es\/wp-json\/wp\/v2\/comments?post=257790"}],"version-history":[{"count":0,"href":"https:\/\/www.europesays.com\/es\/wp-json\/wp\/v2\/posts\/257790\/revisions"}],"wp:featuredmedia":[{"embeddable":true,"href":"https:\/\/www.europesays.com\/es\/wp-json\/wp\/v2\/media\/257791"}],"wp:attachment":[{"href":"https:\/\/www.europesays.com\/es\/wp-json\/wp\/v2\/media?parent=257790"}],"wp:term":[{"taxonomy":"category","embeddable":true,"href":"https:\/\/www.europesays.com\/es\/wp-json\/wp\/v2\/categories?post=257790"},{"taxonomy":"post_tag","embeddable":true,"href":"https:\/\/www.europesays.com\/es\/wp-json\/wp\/v2\/tags?post=257790"}],"curies":[{"name":"wp","href":"https:\/\/api.w.org\/{rel}","templated":true}]}}