{"id":257794,"date":"2025-11-27T01:53:11","date_gmt":"2025-11-27T01:53:11","guid":{"rendered":"https:\/\/www.europesays.com\/es\/257794\/"},"modified":"2025-11-27T01:53:11","modified_gmt":"2025-11-27T01:53:11","slug":"antonia-dellatte-emprendera-acciones-legales-contra-maria-palacios-por-poner-en-duda-su-testimonio-de-maltrato","status":"publish","type":"post","link":"https:\/\/www.europesays.com\/es\/257794\/","title":{"rendered":"Antonia Dell&#8217;Atte emprender\u00e1 acciones legales contra Mar\u00eda Palacios por poner en duda su testimonio de maltrato"},"content":{"rendered":"<p><img loading=\"lazy\" decoding=\"async\" src=\"https:\/\/www.europesays.com\/es\/wp-content\/uploads\/2025\/10\/1760450890_434_100x100_informalia-logo.jpg\" itemtype=\"\/\/schema.org\/ImageObject\" itemprop=\"url\" alt=\"Informalia\" width=\"64\" height=\"64\" pinger-seen=\"true\"\/><\/p>\n<p>La italiana ha regresado a la primera l\u00ednea medi\u00e1tica tras conceder una entrevista en TVE por el 25-N para denunciar p\u00fablicamente los presuntos malos tratos que sufri\u00f3 a manos de <b>Alessandro Lequio<\/b> hace ya m\u00e1s de 30 a\u00f1os. Un relato que ha defendido sin descaso en las \u00faltimas d\u00e9cadas y que por fin ha dado sus frutos, pues el pasado d\u00eda 19, Mediaset prescindi\u00f3 de su pol\u00e9mico tertuliano tras reunirse con el equipo legal de la italiana. El conde no se ha pronunciado todav\u00eda pero s\u00ed lo ha hecho su mujer, <b>Mar\u00eda Palacios<\/b>, <a href=\"https:\/\/www.eleconomista.es\/informalia\/famosos\/noticias\/13662311\/11\/25\/maria-palacios-rompe-su-silencio-tras-el-despido-de-su-marido-de-mediaset-senalado-como-maltratador-por-antonia-dell-atte.html\" rel=\"nofollow noopener\" target=\"_blank\">en una entrevista en la que defiende la inocencia del padre de su hija y pone en duda la versi\u00f3n de la modelo<\/a>. Esta ha reaccionado de manera rotunda: emprender\u00e1 medidas legales contra la periodista y la publicaci\u00f3n para la que trabaja, Hola. <\/p>\n<p><b>Dell&#8217;Atte<\/b> est\u00e1 furiosa, no solo por las declaraciones de Palacios poniendo en duda su relato, sino tambi\u00e9n por la publicaci\u00f3n de un extracto de la denuncia que ella interpuso en su d\u00eda contra Alessandro Lequio y que habr\u00eda sido manipulada, cambiando las palabras \u00ababandono familiar\u00bb por \u00abmaltrato ps\u00edquico\u00bb. Un dato que ya destac\u00f3 <b>Ana Obreg\u00f3n<\/b> hace unos a\u00f1os, <a href=\"https:\/\/www.eleconomista.es\/informalia\/famosos\/noticias\/13662330\/11\/25\/ana-obregon-esta-indignada-tras-las-falsas-acusaciones-de-antonia-dellatte-contra-lequio-segun-maria-palacios.html\" rel=\"nofollow noopener\" target=\"_blank\">tambi\u00e9n para defender a su ex de las acusaciones de la italiana<\/a>, y por el que esta interpuso una demanda en su contra. Seg\u00fan Mamarazzis, Palacios tendr\u00e1 la misma suerte, pues Dell&#8217;Atte ha dejado claro que no consentir\u00e1 que se dude de su palabra o se insin\u00fae que falsific\u00f3 documentaci\u00f3n: \u00abHa recordado que, en el momento de la demanda, en 1991, no hab\u00eda ordenadores, de modo que los informes periciales solo pod\u00edan ser modificados por los agentes policiales\u00bb, ha dicho Lorena V\u00e1zquez.<\/p>\n<p>En declaraciones a La Raz\u00f3n este mismo mi\u00e9rcoles, Antonia planta cara a todos sus detractores y los invita a que defiendan a Lequio p\u00fablicamente: \u00ab<b>Ya es hora de que se haga justicia y me alegro no solo por m\u00ed, sino tambi\u00e9n por todas esas mujeres v\u00edctimas del maltrato machista. Incluso por las muertas<\/b>, que yo podr\u00eda haber sido una de ellas. Esto es un drama social. Todos los que han defendido a mi ex durante d\u00e9cadas tendr\u00edan que ponerse de rodillas delante de Dios y pedir perd\u00f3n. <b>Que den la cara ahora todos los que me han machacado.<\/b> Yo soy una persona serena y pacificadora. En cambio, nadie me ha dado la paz a m\u00ed\u00bb.<\/p>\n<p>WhatsApp<a href=\"https:\/\/api.whatsapp.com\/send?text=https:\/\/www.eleconomista.es\/informalia\/famosos\/noticias\/13664139\/11\/25\/antonia-dellatte-emprendera-acciones-legales-contra-maria-palacios-por-poner-en-duda-su-testimonio-de-maltrato.html?utm_source%3Dwhatsapp%26utm_medium%3Dshare_button&amp;id=1648118629957_whatsapp\" target=\"_blank\" data-action=\"share\/whatsapp\/share\" aria-label=\"Compartir en Whatsapp\" rel=\"nofollow noopener\"><\/a>Facebook<a id=\"fb-share\" href=\"#\" target=\"_blank\" rel=\"noopener noreferrer\" aria-label=\"Compartir en Facebook\"><\/a>Twitter<a href=\"https:\/\/twitter.com\/share?text=Antonia+Dell%27Atte+emprender%C3%A1+acciones+legales+contra+Mar%C3%ADa+Palacios+por+poner+en+duda+su+testimonio+de+maltrato&amp;url=https:\/\/www.eleconomista.es\/informalia\/famosos\/noticias\/13664139\/11\/25\/antonia-dellatte-emprendera-acciones-legales-contra-maria-palacios-por-poner-en-duda-su-testimonio-de-maltrato.html&amp;via=Informalia&amp;id=1648118839245_twitter\" target=\"_blank\" aria-label=\"Compartir en Twitter\" rel=\"nofollow noopener\"><\/a>Linkedin<a onclick=\"return abrirLinkedin();\" href=\"https:\/\/www.linkedin.com\/shareArticle?text=Antonia+Dell%27Atte+emprender%C3%A1+acciones+legales+contra+Mar%C3%ADa+Palacios+por+poner+en+duda+su+testimonio+de+maltrato&amp;url=https:\/\/www.eleconomista.es\/informalia\/famosos\/noticias\/13664139\/11\/25\/antonia-dellatte-emprendera-acciones-legales-contra-maria-palacios-por-poner-en-duda-su-testimonio-de-maltrato.html&amp;mini=true\" target=\"_blank\" aria-label=\"Compartir en linkedin\" rel=\"nofollow noopener\"><\/a>Beloud<a href=\"https:\/\/beloud.com\/share?text=Antonia+Dell%27Atte+emprender%C3%A1+acciones+legales+contra+Mar%C3%ADa+Palacios+por+poner+en+duda+su+testimonio+de+maltrato&amp;url=https:\/\/www.eleconomista.es\/informalia\/famosos\/noticias\/13664139\/11\/25\/antonia-dellatte-emprendera-acciones-legales-contra-maria-palacios-por-poner-en-duda-su-testimonio-de-maltrato.html&amp;via=Informalia&amp;id=1648118839245_beloud\" target=\"_blank\" aria-label=\"Compartir en beloud\" rel=\"nofollow noopener\"><\/a>Bluesky<a href=\"https:\/\/bsky.app\/intent\/compose?text=https:\/\/bsky.app\/intent\/compose?text=https:\/\/www.eleconomista.es\/informalia\/famosos\/noticias\/13664139\/11\/25\/antonia-dellatte-emprendera-acciones-legales-contra-maria-palacios-por-poner-en-duda-su-testimonio-de-maltrato.html&amp;url=https:\/\/www.eleconomista.es\/informalia\/famosos\/noticias\/13664139\/11\/25\/antonia-dellatte-emprendera-acciones-legales-contra-maria-palacios-por-poner-en-duda-su-testimonio-de-maltrato.html&amp;via=elEconomistaes&amp;id=1648118839245_bluesky\" target=\"_blank\" aria-label=\"Compartir en bluesky\" rel=\"nofollow noopener\"><\/a><\/p>\n<p><script async src=\"https:\/\/platform.twitter.com\/widgets.js\" charset=\"utf-8\"><\/script><\/p>\n","protected":false},"excerpt":{"rendered":"La italiana ha regresado a la primera l\u00ednea medi\u00e1tica tras conceder una entrevista en TVE por el 25-N&hellip;\n","protected":false},"author":2,"featured_media":257795,"comment_status":"","ping_status":"","sticky":false,"template":"","format":"standard","meta":{"footnotes":""},"categories":[174],"tags":[255,146,147,25,24,256,260,23],"class_list":{"0":"post-257794","1":"post","2":"type-post","3":"status-publish","4":"format-standard","5":"has-post-thumbnail","7":"category-famosos","8":"tag-celebrities","9":"tag-entertainment","10":"tag-entretenimiento","11":"tag-es","12":"tag-espana","13":"tag-famosos","14":"tag-gente","15":"tag-spain"},"share_on_mastodon":{"url":"https:\/\/pubeurope.com\/@es\/115619168974685842","error":""},"_links":{"self":[{"href":"https:\/\/www.europesays.com\/es\/wp-json\/wp\/v2\/posts\/257794","targetHints":{"allow":["GET"]}}],"collection":[{"href":"https:\/\/www.europesays.com\/es\/wp-json\/wp\/v2\/posts"}],"about":[{"href":"https:\/\/www.europesays.com\/es\/wp-json\/wp\/v2\/types\/post"}],"author":[{"embeddable":true,"href":"https:\/\/www.europesays.com\/es\/wp-json\/wp\/v2\/users\/2"}],"replies":[{"embeddable":true,"href":"https:\/\/www.europesays.com\/es\/wp-json\/wp\/v2\/comments?post=257794"}],"version-history":[{"count":0,"href":"https:\/\/www.europesays.com\/es\/wp-json\/wp\/v2\/posts\/257794\/revisions"}],"wp:featuredmedia":[{"embeddable":true,"href":"https:\/\/www.europesays.com\/es\/wp-json\/wp\/v2\/media\/257795"}],"wp:attachment":[{"href":"https:\/\/www.europesays.com\/es\/wp-json\/wp\/v2\/media?parent=257794"}],"wp:term":[{"taxonomy":"category","embeddable":true,"href":"https:\/\/www.europesays.com\/es\/wp-json\/wp\/v2\/categories?post=257794"},{"taxonomy":"post_tag","embeddable":true,"href":"https:\/\/www.europesays.com\/es\/wp-json\/wp\/v2\/tags?post=257794"}],"curies":[{"name":"wp","href":"https:\/\/api.w.org\/{rel}","templated":true}]}}