{"id":257810,"date":"2025-11-27T02:05:27","date_gmt":"2025-11-27T02:05:27","guid":{"rendered":"https:\/\/www.europesays.com\/es\/257810\/"},"modified":"2025-11-27T02:05:27","modified_gmt":"2025-11-27T02:05:27","slug":"el-90-de-las-madres-no-hace-uso-de-las-ocho-semanas-de-permiso-para-cuidar-a-hijos-menores-de-8-anos-por-no-estar-retribuido-mamas-papas","status":"publish","type":"post","link":"https:\/\/www.europesays.com\/es\/257810\/","title":{"rendered":"El 90% de las madres no hace uso de las ocho semanas de permiso para cuidar a hijos menores de 8 a\u00f1os por no estar retribuido | Mamas &#038; Papas"},"content":{"rendered":"<p class=\"\">El deseo de ser madre choca muchas veces con una realidad que desalienta a <a href=\"https:\/\/elpais.com\/mamas-papas\/expertos\/2025-11-21\/elisa-molina-experta-en-disciplina-positiva-y-autora-tener-mas-de-un-hijo-en-la-actualidad-es-de-valientes.html\" target=\"_self\" rel=\"nofollow noopener\" title=\"https:\/\/elpais.com\/mamas-papas\/expertos\/2025-11-21\/elisa-molina-experta-en-disciplina-positiva-y-autora-tener-mas-de-un-hijo-en-la-actualidad-es-de-valientes.html\">las mujeres a tener hijos<\/a>. La falta de corresponsabilidad y de conciliaci\u00f3n dificultan la llegada a una maternidad que cada d\u00eda parece m\u00e1s llena de obst\u00e1culos que de virtudes. As\u00ed lo demuestra la \u00faltima encuesta publicada este 26 de noviembre por el club de<a href=\"https:\/\/www.instagram.com\/malasmadres\/\" target=\"_self\" rel=\"nofollow noopener\" title=\"https:\/\/www.instagram.com\/malasmadres\/\"> Malasmadres<\/a> \u2014con 896.000 seguidores en Instagram\u2014 y <a href=\"https:\/\/www.instagram.com\/asociacion_yonorenuncio\/?hl=es\" target=\"_self\" rel=\"nofollow noopener\" title=\"https:\/\/www.instagram.com\/asociacion_yonorenuncio\/?hl=es\">su asociaci\u00f3n Yo no Renuncio<\/a>, nacida en 2015 con el prop\u00f3sito de concienciar sobre la necesidad de una conciliaci\u00f3n real. Una de sus conclusiones, tras realizar una encuesta online a m\u00e1s de 20.000 mujeres, es que \u201cel 90% no ha hecho uso del nuevo permiso parental de ocho semanas,<a href=\"https:\/\/cincodias.elpais.com\/economia\/2023-10-04\/preguntas-y-respuestas-del-permiso-parental-de-ocho-semanas-como-pedirlo-y-requisitos.html\" target=\"_blank\" rel=\"noreferrer nofollow noopener\" title=\"https:\/\/cincodias.elpais.com\/economia\/2023-10-04\/preguntas-y-respuestas-del-permiso-parental-de-ocho-semanas-como-pedirlo-y-requisitos.html\"> aprobado en 2023<\/a> y a\u00fan no retribuido, lo que demuestra su escasa efectividad\u201d. De los datos recabados, Laura Baena, fundadora del club de Malasmadres y presidenta la asociaci\u00f3n, saca una conclusi\u00f3n contundente: \u201cLo que est\u00e1 claro es que tiene que cambiar la relaci\u00f3n de la vida con el trabajo o esto se va al garete. Si las madres paramos, la sociedad se para\u201d.<\/p>\n<p class=\"\">Este permiso de ocho semanas para padres y madres trabajadores para el cuidado de hijos menores de 8 a\u00f1os<a href=\"https:\/\/elpais.com\/sociedad\/2023-03-29\/el-gobierno-se-abre-a-que-el-nuevo-permiso-de-ocho-semanas-para-cuidar-hijos-de-hasta-ocho-anos-sea-remunerado.html\" target=\"_blank\" rel=\"noreferrer nofollow noopener\" title=\"https:\/\/elpais.com\/sociedad\/2023-03-29\/el-gobierno-se-abre-a-que-el-nuevo-permiso-de-ocho-semanas-para-cuidar-hijos-de-hasta-ocho-anos-sea-remunerado.html\"> sigue sin estar retribuido,<\/a> se puede disfrutar de forma continua o intermitente, a tiempo parcial o completo, y se debe solicitar por escrito con 10 d\u00edas de antelaci\u00f3n, seg\u00fan lo establecido<a href=\"https:\/\/www.uso.es\/manana-entra-en-vigor-la-ampliacion-del-permiso-por-nacimiento\/#:~:text=%C2%BFQu%C3%A9%20ocurre%20con%20el%20permiso,se%20quedar%C3%A1%20permanentemente%20sin%20ella.\" target=\"_self\" rel=\"nofollow noopener\" title=\"https:\/\/www.uso.es\/manana-entra-en-vigor-la-ampliacion-del-permiso-por-nacimiento\/#:~:text=%C2%BFQu%C3%A9%20ocurre%20con%20el%20permiso,se%20quedar%C3%A1%20permanentemente%20sin%20ella.\"> en el Estatuto de los Trabajadores<\/a>. Del 90% de las madres que no lo ha disfrutado, el 69% afirma no haberlo pedido por no estar remunerado. \u201cUn 51% de ellas reconoce haber esperado a que se aprobara su retribuci\u00f3n \u2014no ha sucedido\u2014, tal y como establece la directiva europea 2019\/1158, y un 28% no lo solicit\u00f3 sabiendo que perder\u00eda salario\u201d. Adem\u00e1s, un 7% de las encuestadas desconoc\u00eda su existencia, \u201clo que plantea dudas sobre la comunicaci\u00f3n y la difusi\u00f3n de esta medida tanto por parte de las administraciones p\u00fablicas como de las empresas\u201d, denuncia el informe que Malasmadres lleva realizando 10 a\u00f1os.<\/p>\n<p>M\u00e1s informaci\u00f3n<\/p>\n<p class=\"\">Las participantes de este a\u00f1o tambi\u00e9n se\u00f1alan que han tenido que tomar decisiones laborales <a href=\"https:\/\/elpais.com\/mamas-papas\/2025-10-01\/laura-baena-fundadora-de-malasmadres-las-madres-estan-solas-frente-a-parejas-que-no-se-comprometen-empresas-que-no-apuestan-por-las-familias-y-gobiernos-que-no-las-escuchan.html\" target=\"_self\" rel=\"nofollow noopener\" title=\"https:\/\/elpais.com\/mamas-papas\/2025-10-01\/laura-baena-fundadora-de-malasmadres-las-madres-estan-solas-frente-a-parejas-que-no-se-comprometen-empresas-que-no-apuestan-por-las-familias-y-gobiernos-que-no-las-escuchan.html\">que afectaron a su carrera profesional<\/a> debido a la maternidad, como reducir jornada, rechazar ascensos, cambiar de empleo o abandonar su trabajo, \u201cexactamente un 82%\u201d, un ligero aumento con respecto al informe de 2024 (era un 81%). Y m\u00e1s de la mitad de las mujeres, un 54%, reconoce haberse sentido juzgada en el entorno laboral tras tener hijos. Con estos datos en la mano, la asociaci\u00f3n denuncia que, tras una d\u00e9cada de lucha, los nuevos datos confirman que la conciliaci\u00f3n sigue siendo una asignatura pendiente en Espa\u00f1a: \u201cLas madres contin\u00faan pagando un coste personal, profesional y emocional<a href=\"https:\/\/elpais.com\/mamas-papas\/familia\/2022-05-25\/laura-baena-de-malasmadres-tiene-que-cambiar-la-relacion-de-la-vida-con-el-trabajo-o-esto-se-va-al-garete-si-las-madres-paramos-la-sociedad-se-para.html\" target=\"_self\" rel=\"nofollow noopener\" title=\"https:\/\/elpais.com\/mamas-papas\/familia\/2022-05-25\/laura-baena-de-malasmadres-tiene-que-cambiar-la-relacion-de-la-vida-con-el-trabajo-o-esto-se-va-al-garete-si-las-madres-paramos-la-sociedad-se-para.html\"> por sostener los cuidados<\/a>\u201d.<\/p>\n<p>La vida en pareja tras ser madre <\/p>\n<p class=\"\">Otro dato que destaca la encuesta afecta directamente a<a href=\"https:\/\/elpais.com\/mamas-papas\/actualidad\/2025-11-09\/como-recuperar-el-deseo-sexual-tras-el-parto-tiempo-cuidados-y-comunicacion-sin-reproches.html\" target=\"_blank\" rel=\"noreferrer nofollow noopener\" title=\"https:\/\/elpais.com\/mamas-papas\/actualidad\/2025-11-09\/como-recuperar-el-deseo-sexual-tras-el-parto-tiempo-cuidados-y-comunicacion-sin-reproches.html\"> la vida en pareja tras tener un hijo<\/a>: \u201cNueve de 10 mujeres reconocen que sus relaciones sexuales han disminuido tras ser madres\u201d. Seg\u00fan la asociaci\u00f3n, esto tiene mucho que ver con que el 86% de las mujeres <a href=\"https:\/\/elpais.com\/elpais\/2020\/05\/06\/mamas_papas\/1588747482_017346.html\" target=\"_self\" rel=\"nofollow noopener\" title=\"https:\/\/elpais.com\/elpais\/2020\/05\/06\/mamas_papas\/1588747482_017346.html\">asume la carga mental<\/a> y la organizaci\u00f3n familiar, lo que conlleva que la madre sea la que planifique todo, ofrezca atenci\u00f3n continua y sufra desgaste emocional. \u201cUn 51% presenta s\u00edntomas de cansancio y malestar frecuentes y un 22% ha experimentado ansiedad o depresi\u00f3n. Solo un 2% afirma que su salud no se ha visto afectada\u201d. <\/p>\n<p class=\"\">Esta conclusi\u00f3n no es una novedad y coincide con datos europeos recientes. El estudio <a href=\"https:\/\/makemothersmatter.org\/wp-content\/uploads\/2025\/03\/MMM-State-of-Motherhood-in-Europe-2024.pdf\" rel=\"nofollow noopener\" title=\"https:\/\/makemothersmatter.org\/wp-content\/uploads\/2025\/03\/MMM-State-of-Motherhood-in-Europe-2024.pdf\" target=\"_blank\">El estado de la maternidad en Europa 2024, <\/a>elaborado por <a href=\"https:\/\/makemothersmatter.org\/\" rel=\"nofollow noopener\" title=\"https:\/\/makemothersmatter.org\/\" target=\"_blank\">Make Mothers Matter<\/a> [ONG internacional, establecida en 1947, que aboga por el reconocimiento de las madres como agentes de cambio y contribuyentes vitales a la sociedad] en 12 pa\u00edses europeos, conclu\u00eda tambi\u00e9n que en Espa\u00f1a las mujeres sienten esta carga de tareas m\u00e1s pesada que en B\u00e9lgica, Alemania o Francia. \u201cEl 78% de las madres en Espa\u00f1a declara <a href=\"https:\/\/elpais.com\/mamas-papas\/2025-10-01\/laura-baena-fundadora-de-malasmadres-las-madres-estan-solas-frente-a-parejas-que-no-se-comprometen-empresas-que-no-apuestan-por-las-familias-y-gobiernos-que-no-las-escuchan.html\" rel=\"nofollow noopener\" target=\"_blank\">sentirse mentalmente sobrecargada<\/a>, la media europea es de un 67%\u201d, resaltaba el informe. Adem\u00e1s, los nuevos datos del club Malasmadres apuntan que el cansancio y la sobrecarga son los principales motivos que llevan a las mujeres a separarse o divorciarse: \u201cLa falta de reparto equitativo de las tareas dom\u00e9sticas y del cuidado de los hijos e hijas lo propicia\u201d. <\/p>\n<p class=\"\">Por \u00faltimo, desde Yo no renuncio explican que existen seis medidas urgentes que se deber\u00edan implantar para frenar \u201cla renuncia de las madres\u201d. \u201cComo que exista la reducci\u00f3n de jornada por cuidados sin p\u00e9rdida salarial o la retribuci\u00f3n del permiso parental de ocho semanas\u201d. Tambi\u00e9n se\u00f1alan la importancia de que se ampl\u00eden los permisos de nacimiento hasta las 24 semanas, la flexibilidad en la reincorporaci\u00f3n al trabajo tras la maternidad, la aceptaci\u00f3n obligatoria de la adaptaci\u00f3n de jornada por parte de las empresas y el reconocimiento de la incapacidad temporal tras el parto (15 d\u00edas vaginal y 30 por ces\u00e1rea). <\/p>\n<p><script async src=\"\/\/www.instagram.com\/embed.js\"><\/script><\/p>\n","protected":false},"excerpt":{"rendered":"El deseo de ser madre choca muchas veces con una realidad que desalienta a las mujeres a tener&hellip;\n","protected":false},"author":2,"featured_media":257811,"comment_status":"","ping_status":"","sticky":false,"template":"","format":"standard","meta":{"footnotes":""},"categories":[8],"tags":[17,18,4045,3627,25,24,367,13,14,11,563,3624,19,20,3622,1913,9,3625,2932,10,15,16,3621,3623,492,23,12,2752,21,22],"class_list":{"0":"post-257810","1":"post","2":"type-post","3":"status-publish","4":"format-standard","5":"has-post-thumbnail","7":"category-espana","8":"tag-breaking-news","9":"tag-breakingnews","10":"tag-conciliacion-laboral","11":"tag-crianza-hijos","12":"tag-es","13":"tag-espana","14":"tag-familia","15":"tag-featured-news","16":"tag-featurednews","17":"tag-headlines","18":"tag-hijos","19":"tag-infancia","20":"tag-latest-news","21":"tag-latestnews","22":"tag-madres","23":"tag-maternidad","24":"tag-news","25":"tag-ninas","26":"tag-ninos","27":"tag-noticias","28":"tag-noticias-destacadas","29":"tag-noticiasdestacadas","30":"tag-padres","31":"tag-parentesco","32":"tag-sociedad","33":"tag-spain","34":"tag-titulares","35":"tag-trabajo","36":"tag-ultimas-noticias","37":"tag-ultimasnoticias"},"share_on_mastodon":{"url":"","error":"Validation failed: Text character limit of 500 exceeded"},"_links":{"self":[{"href":"https:\/\/www.europesays.com\/es\/wp-json\/wp\/v2\/posts\/257810","targetHints":{"allow":["GET"]}}],"collection":[{"href":"https:\/\/www.europesays.com\/es\/wp-json\/wp\/v2\/posts"}],"about":[{"href":"https:\/\/www.europesays.com\/es\/wp-json\/wp\/v2\/types\/post"}],"author":[{"embeddable":true,"href":"https:\/\/www.europesays.com\/es\/wp-json\/wp\/v2\/users\/2"}],"replies":[{"embeddable":true,"href":"https:\/\/www.europesays.com\/es\/wp-json\/wp\/v2\/comments?post=257810"}],"version-history":[{"count":0,"href":"https:\/\/www.europesays.com\/es\/wp-json\/wp\/v2\/posts\/257810\/revisions"}],"wp:featuredmedia":[{"embeddable":true,"href":"https:\/\/www.europesays.com\/es\/wp-json\/wp\/v2\/media\/257811"}],"wp:attachment":[{"href":"https:\/\/www.europesays.com\/es\/wp-json\/wp\/v2\/media?parent=257810"}],"wp:term":[{"taxonomy":"category","embeddable":true,"href":"https:\/\/www.europesays.com\/es\/wp-json\/wp\/v2\/categories?post=257810"},{"taxonomy":"post_tag","embeddable":true,"href":"https:\/\/www.europesays.com\/es\/wp-json\/wp\/v2\/tags?post=257810"}],"curies":[{"name":"wp","href":"https:\/\/api.w.org\/{rel}","templated":true}]}}