{"id":257812,"date":"2025-11-27T02:06:23","date_gmt":"2025-11-27T02:06:23","guid":{"rendered":"https:\/\/www.europesays.com\/es\/257812\/"},"modified":"2025-11-27T02:06:23","modified_gmt":"2025-11-27T02:06:23","slug":"el-juez-peinado-aparta-a-manos-limpias-del-caso-begona-gomez-por-no-pagar-el-importe-exigido-para-ser-acusacion","status":"publish","type":"post","link":"https:\/\/www.europesays.com\/es\/257812\/","title":{"rendered":"El juez Peinado aparta a Manos Limpias del &#8216;caso Bego\u00f1a G\u00f3mez&#8217; por no pagar el importe exigido para ser acusaci\u00f3n"},"content":{"rendered":"<p>\u00a0 \u00a0 MADRID, 26 (EUROPA PRESS)<\/p>\n<p>\u00a0 \u00a0El juez Juan Carlos Peinado ha acordado apartar a Manos Limpias de la causa en la que investiga a Bego\u00f1a G\u00f3mez, la esposa del presidente del Gobierno, por no pagar el importe para ser acusaci\u00f3n popular.<\/p>\n<p>\u00a0 \u00a0Seg\u00fan una providencia a la que ha tenido acceso Europa Press, el instructor toma esa decisi\u00f3n al no haber presentado la representaci\u00f3n procesal de Manos Limpias \u00abjustificaci\u00f3n documental de haber consignado el importe exigido para ser tenido por parte en el presente procedimiento, se les tiene por apartado del mismo\u00bb.<\/p>\n<p>\u00a0 \u00a0Cabe recordar que el abogado Carlos Perales Rey renunci\u00f3 este martes v\u00eda burofax a representar a Manos Limpias en la causa alegando que el \u00abencargo jur\u00eddico\u00bb inicial \u00abde naturaleza estrictamente t\u00e9cnica\u00bb ha ido \u00abtransform\u00e1ndose\u00bb en un asunto \u00abcuya exposici\u00f3n y tratamiento exceden del marco jur\u00eddico para situarse en el terreno de la controversia pol\u00edtica y medi\u00e1tica\u00bb.<\/p>\n<p>\u00a0 \u00a0\u00abEn el transcurso de los acontecimientos, se ha podido observar c\u00f3mo las decisiones estrat\u00e9gicas en torno al litigio ya no se inspiran prioritariamente en la l\u00f3gica procesal ni en la solidez de los argumentos jur\u00eddicos, sino que responden, en buena medida, a consideraciones de oportunidad pol\u00edtica, impacto en la opini\u00f3n p\u00fablica o posicionamiento ideol\u00f3gico\u00bb, argument\u00f3 el despacho Preico Jur\u00eddicos S.L. en un escrito, al que tuvo acceso esta agencia de noticias.<\/p>\n<p>\u00a0 \u00a0Perales remiti\u00f3 el escrito al Juzgado de Instrucci\u00f3n n\u00famero 41 comunicando la \u00abrenuncia conjunta a la representaci\u00f3n procesal y defensa\u00bb en la causa contra G\u00f3mez, en la que tambi\u00e9n acord\u00f3 su desvinculaci\u00f3n del mismo \u00abde conformidad con lo previsto en el art\u00edculo 30 de la Ley de Enjuciamiento Civil (LEC)\u00bb.<\/p>\n<p>\u00a0 \u00a0En el escrito de renuncia, el abogado explicaba que la decisi\u00f3n \u00abno ha sido tomada a la ligera\u00bb, sino que \u00abresponde a un an\u00e1lisis sosegado y a la constataci\u00f3n de que concurren circunstancias que hacen inviable mantener una defensa t\u00e9cnica eficaz y plenamente coherente con los est\u00e1ndares de calidad, independencia y rigor jur\u00eddico que inspiran el ejercicio profesional de este despacho\u00bb.<\/p>\n<p>\u00a0 \u00a0\u00abLo que en un inicio se configuraba como un encargo jur\u00eddico de naturaleza estrictamente t\u00e9cnica, orientado a la correcta interpretaci\u00f3n y aplicaci\u00f3n del Derecho, con el objetivo de obtener una resoluci\u00f3n judicial fundada en la verdad material y en el derecho a la tutela judicial efectiva reconocido en el art\u00edculo 24 de la Constituci\u00f3n Espa\u00f1ola, ha ido transform\u00e1ndose de manera paulatina en un asunto cuya exposici\u00f3n y tratamiento exceden del marco jur\u00eddico para situarse en el terreno de la controversia pol\u00edtica y medi\u00e1tica\u00bb, concluy\u00f3.<\/p>\n<p>SE APORTAR\u00c1 LA FIANZA<\/p>\n<p>\u00a0 \u00a0Posteriormente, Soriano &amp; Piqueras, que asumi\u00f3 la nueva representaci\u00f3n de Manos Limpias en este caso, ha informado en un comunicado que tras la renuncia del anterior despacho \u00abse han realizado todas las actuaciones para garantizar la salvaguarda de los derechos del cliente\u00bb.<\/p>\n<p>\u00a0 \u00a0Asimismo, y tras \u00abtener conocimiento a trav\u00e9s de la prensa de la existencia de la providencia que no se ha notificado a esta representaci\u00f3n procesal\u00bb, Soriano &amp; Piqueras ha dado \u00ablas instrucciones oportunas\u00bb y ha recabado \u00ablas informaciones necesarias para subsanar el defecto consistente en la falta de aportaci\u00f3n de la fianza\u00bb.<\/p>\n<p>\u00a0 \u00a0\u00abUna vez aportada la fianza por el Sindicato Colectivo de Funcionarios Manos Limpias, se comunicar\u00e1 inmediatamente al juzgado, que acordar\u00e1 tenerle por v\u00e1lidamente constituido en acusaci\u00f3n popular, seg\u00fan se nos ha informado por la oficina judicial\u00bb, ha adelantado.<\/p>\n<p>\u00a0 \u00a0 La denuncia de Manos Limpias fue la que motiv\u00f3 que Peinado abriera en abril de 2024 la investigaci\u00f3n contra G\u00f3mez, a la que actualmente atribuye cinco presuntos delitos: tr\u00e1fico de influencias, corrupci\u00f3n en los negocios en el sector privado, apropiaci\u00f3n indebida, intrusismo y malversaci\u00f3n de caudales p\u00fablicos.<\/p>\n<p>\u00a0 \u00a0 Manos Limpias acus\u00f3 a G\u00f3mez de haberse valido de su condici\u00f3n de esposa del presidente del Gobierno para favorecer a empresarios, como el investigado Juan Carlos Barrab\u00e9s.<\/p>\n","protected":false},"excerpt":{"rendered":"\u00a0 \u00a0 MADRID, 26 (EUROPA PRESS) \u00a0 \u00a0El juez Juan Carlos Peinado ha acordado apartar a Manos Limpias&hellip;\n","protected":false},"author":2,"featured_media":257813,"comment_status":"","ping_status":"","sticky":false,"template":"","format":"standard","meta":{"footnotes":""},"categories":[5],"tags":[17,18,25,24,13,14,11,19,20,9,10,15,16,23,12,21,22],"class_list":{"0":"post-257812","1":"post","2":"type-post","3":"status-publish","4":"format-standard","5":"has-post-thumbnail","7":"category-titulares","8":"tag-breaking-news","9":"tag-breakingnews","10":"tag-es","11":"tag-espana","12":"tag-featured-news","13":"tag-featurednews","14":"tag-headlines","15":"tag-latest-news","16":"tag-latestnews","17":"tag-news","18":"tag-noticias","19":"tag-noticias-destacadas","20":"tag-noticiasdestacadas","21":"tag-spain","22":"tag-titulares","23":"tag-ultimas-noticias","24":"tag-ultimasnoticias"},"share_on_mastodon":{"url":"https:\/\/pubeurope.com\/@es\/115619219557006585","error":""},"_links":{"self":[{"href":"https:\/\/www.europesays.com\/es\/wp-json\/wp\/v2\/posts\/257812","targetHints":{"allow":["GET"]}}],"collection":[{"href":"https:\/\/www.europesays.com\/es\/wp-json\/wp\/v2\/posts"}],"about":[{"href":"https:\/\/www.europesays.com\/es\/wp-json\/wp\/v2\/types\/post"}],"author":[{"embeddable":true,"href":"https:\/\/www.europesays.com\/es\/wp-json\/wp\/v2\/users\/2"}],"replies":[{"embeddable":true,"href":"https:\/\/www.europesays.com\/es\/wp-json\/wp\/v2\/comments?post=257812"}],"version-history":[{"count":0,"href":"https:\/\/www.europesays.com\/es\/wp-json\/wp\/v2\/posts\/257812\/revisions"}],"wp:featuredmedia":[{"embeddable":true,"href":"https:\/\/www.europesays.com\/es\/wp-json\/wp\/v2\/media\/257813"}],"wp:attachment":[{"href":"https:\/\/www.europesays.com\/es\/wp-json\/wp\/v2\/media?parent=257812"}],"wp:term":[{"taxonomy":"category","embeddable":true,"href":"https:\/\/www.europesays.com\/es\/wp-json\/wp\/v2\/categories?post=257812"},{"taxonomy":"post_tag","embeddable":true,"href":"https:\/\/www.europesays.com\/es\/wp-json\/wp\/v2\/tags?post=257812"}],"curies":[{"name":"wp","href":"https:\/\/api.w.org\/{rel}","templated":true}]}}