{"id":257814,"date":"2025-11-27T02:14:14","date_gmt":"2025-11-27T02:14:14","guid":{"rendered":"https:\/\/www.europesays.com\/es\/257814\/"},"modified":"2025-11-27T02:14:14","modified_gmt":"2025-11-27T02:14:14","slug":"kepa-de-castro-inaugura-camara-u-una-semana-dentro-del-surne-bilbao-u22-y-algo-mas","status":"publish","type":"post","link":"https:\/\/www.europesays.com\/es\/257814\/","title":{"rendered":"Kepa de Castro inaugura C\u00e1mara U: una semana dentro del Surne Bilbao U22 (y algo m\u00e1s)"},"content":{"rendered":"<p><a class=\"v-mdl-ath__fig-a\" href=\"https:\/\/www.elcorreo.com\/autor\/aitor-echevarria-7367.html\" title=\"Aitor Echevarr\u00eda\" rel=\"nofollow noopener\" target=\"_blank\"><br \/>\n<img decoding=\"async\" class=\"v-mdl-ath__img\" src=\"https:\/\/www.europesays.com\/es\/wp-content\/uploads\/2025\/11\/autor-7367-foto-1.jpeg\" alt=\"Aitor Echevarr\u00eda\"\/><br \/>\n<\/a><\/p>\n<p class=\"v-mdl-ath__p v-mdl-ath__p--6\">\nMi\u00e9rcoles, 26 de noviembre 2025, 13:32<\/p>\n<p class=\"v-p\">La Liga U22 de baloncesto estrena un formato que promete acercar m\u00e1s que nunca a los aficionados a los j\u00f3venes talentos del pa\u00eds. Se llama C\u00e1mara U, y su mec\u00e1nica es tan sencilla como irresistible: entregar una c\u00e1mara a un jugador durante una semana para que muestre, sin filtros, su rutina deportiva y personal. El primero en estrenarla ha sido Kepa de Castro, jugador del Surne Bilbao U22, habitual en las convocatorias del primer equipo esta temporada.<\/p>\n<p class=\"v-p\">El v\u00eddeo arranca fuerte. Kepa se prepara con el primer equipo, al que hab\u00eda sido convocado para un partido de la FIBA Europe Cup. Entre risas y bromas, aparecen compa\u00f1eros como Aleix Font, Lazarevi\u0107, Normantas y Tryggvi Hlinason, con el que Kepa bromea: \u00abAs\u00ed de alto es el cab**n\u00bb, suelta entre carcajadas, mientras se\u00f1ala al gigante island\u00e9s.<\/p>\n<p class=\"v-p\">Lo m\u00e1s sorprendente del formato es quiz\u00e1 su tono \u00edntimo. Kepa muestra su lado m\u00e1s personal. Un encuentro con amigos tras el partido y su tiempo libre comiendo en casa de su amama. Por la tarde, cambia el foco; Kepa aparece entrenando a un grupo de ni\u00f1os en un front\u00f3n. Un gui\u00f1o a su vocaci\u00f3n: ense\u00f1ar.<\/p>\n<p class=\"v-p\">A la ma\u00f1ana siguiente, el jugador comparte su trayecto hacia Artxanda, donde se entrena el Surne Bilbao. Se le ve cruzando el Zubizuri, subiendo al funicular y llegando a las instalaciones del club. All\u00ed, ense\u00f1a las salas, la zona de prensa y detalles que los aficionados pocas veces pueden ver desde dentro. De paso, no pierde oportunidad de bromear con otro de los j\u00f3venes que alternan primer equipo y U22, Bingen Errasti, al que llama repetidamente \u00abel mago\u00bb.<\/p>\n<p>De jugador a profesor<\/p>\n<p class=\"v-p\">Despu\u00e9s llega una de las secciones m\u00e1s divertidas de la grabaci\u00f3n, donde Kepa presenta uno por uno a los jugadores del U22, bromeando con todos y mostrando el ambiente del joven equipo.<\/p>\n<p class=\"v-p\">El v\u00eddeo culmina con un momento m\u00e1s reflexivo. Kepa habla de s\u00ed mismo, de sus estudios y de su futuro: \u00abEstudio Educaci\u00f3n Primaria; de entrenar a ni\u00f1os vi que lo que quer\u00eda era ser docente, profesor. Y lo hago online. A ver si la gente se va a pensar que no estudio, que estudiar es lo primero\u00bb, remata entre bromas.<\/p>\n<p>Reporta un error<\/p>\n","protected":false},"excerpt":{"rendered":"Mi\u00e9rcoles, 26 de noviembre 2025, 13:32 La Liga U22 de baloncesto estrena un formato que promete acercar m\u00e1s&hellip;\n","protected":false},"author":2,"featured_media":257815,"comment_status":"","ping_status":"","sticky":false,"template":"","format":"standard","meta":{"footnotes":""},"categories":[269],"tags":[299,298,2601,3250,14982,3455,168,25,24,4520,39529,773,23,167,40205,17369],"class_list":{"0":"post-257814","1":"post","2":"type-post","3":"status-publish","4":"format-standard","5":"has-post-thumbnail","7":"category-baloncesto","8":"tag-baloncesto","9":"tag-basketball","10":"tag-bilbao","11":"tag-camara","12":"tag-castro","13":"tag-dentro","14":"tag-deportes","15":"tag-es","16":"tag-espana","17":"tag-inaugura","18":"tag-kepa","19":"tag-semana","20":"tag-spain","21":"tag-sports","22":"tag-surne","23":"tag-u22"},"share_on_mastodon":{"url":"https:\/\/pubeurope.com\/@es\/115619251690066087","error":""},"_links":{"self":[{"href":"https:\/\/www.europesays.com\/es\/wp-json\/wp\/v2\/posts\/257814","targetHints":{"allow":["GET"]}}],"collection":[{"href":"https:\/\/www.europesays.com\/es\/wp-json\/wp\/v2\/posts"}],"about":[{"href":"https:\/\/www.europesays.com\/es\/wp-json\/wp\/v2\/types\/post"}],"author":[{"embeddable":true,"href":"https:\/\/www.europesays.com\/es\/wp-json\/wp\/v2\/users\/2"}],"replies":[{"embeddable":true,"href":"https:\/\/www.europesays.com\/es\/wp-json\/wp\/v2\/comments?post=257814"}],"version-history":[{"count":0,"href":"https:\/\/www.europesays.com\/es\/wp-json\/wp\/v2\/posts\/257814\/revisions"}],"wp:featuredmedia":[{"embeddable":true,"href":"https:\/\/www.europesays.com\/es\/wp-json\/wp\/v2\/media\/257815"}],"wp:attachment":[{"href":"https:\/\/www.europesays.com\/es\/wp-json\/wp\/v2\/media?parent=257814"}],"wp:term":[{"taxonomy":"category","embeddable":true,"href":"https:\/\/www.europesays.com\/es\/wp-json\/wp\/v2\/categories?post=257814"},{"taxonomy":"post_tag","embeddable":true,"href":"https:\/\/www.europesays.com\/es\/wp-json\/wp\/v2\/tags?post=257814"}],"curies":[{"name":"wp","href":"https:\/\/api.w.org\/{rel}","templated":true}]}}