{"id":257816,"date":"2025-11-27T02:15:42","date_gmt":"2025-11-27T02:15:42","guid":{"rendered":"https:\/\/www.europesays.com\/es\/257816\/"},"modified":"2025-11-27T02:15:42","modified_gmt":"2025-11-27T02:15:42","slug":"el-hijo-de-pellegrino-puede-ser-el-plan-b-de-espana","status":"publish","type":"post","link":"https:\/\/www.europesays.com\/es\/257816\/","title":{"rendered":"El hijo de Pellegrino puede ser el Plan B de Espa\u00f1a"},"content":{"rendered":"<p class=\"ft-text\"><strong>Luis de la Fuente, seleccionador espa\u00f1ol, est\u00e1 afinando la lista de nombres de candidatos para estar en la lista de 26 jugadores para el Mundial del 2026<\/strong>. Seg\u00fan avanz\u00f3 Joaqu\u00edn Maroto en el diario AS, <strong>Mateo Pellegrino, el hijo del ex blaugrana Mauricio,<\/strong> est\u00e1 en el punto de mira del staff t\u00e9cnico de la Roja.<\/p>\n<p class=\"ft-text\">Su perfil encaja con el tipo de futbolista que est\u00e1 buscando el m\u00edster riojano en los \u00faltimos tiempos. <a class=\"ft-link ft-link--decoration\" href=\"https:\/\/www.sport.es\/es\/noticias\/seleccion\/espana-golea-noruega-joselu-activa-85179416\" rel=\"nofollow noopener\" target=\"_blank\">Joselu era su alternativa preferida para tener un Plan B en ataque, pero ha dejado de contar con el ex madridista<\/a>, quien a sus 35 a\u00f1os est\u00e1 dando sus coletazos finales en Qatar.<\/p>\n<p class=\"ft-text\">En Argentina la noticia ha tenido mucho repercusi\u00f3n ya que <strong>Mateo puede elegir entre la albiceleste, el pa\u00eds de su familia, o Espa\u00f1a ya que naci\u00f3 en Valencia.<\/strong> A sus 24 a\u00f1os no ha sido llamado por Lionel Scaloni y est\u00e1 destacando esta temporada en el Parma italiano. <strong>Su \u00faltimo doblete ante el Hellas Verona lo ha situado en la cresta de la ola en la Serie A.<\/strong><\/p>\n<p><img decoding=\"async\" src=\"https:\/\/www.europesays.com\/es\/wp-content\/uploads\/2025\/11\/d37d173c-1f76-4272-8d79-93553479eea3_alta-libre-aspect-ratio_default_0.jpg\" width=\"1200\" height=\"800\" alt=\"La vaselina con la que Mateo Pellegrino le endes\u00f3 su segundo gol al Hellas Verona\" class=\"ft-helper-img-rd\" loading=\"lazy\"\/><\/p>\n<p class=\"ft-helper-fontColor-quaternary ft-helper-fontSize-body-S ft-helper-spacer-t-xxs\">La vaselina con la que Mateo Pellegrino le endes\u00f3 su segundo gol al Hellas Verona  \/ EFE<\/p>\n<p class=\"ft-text\"><strong>Mateo es un delantero centro tradicional. Con 1,92 m. de estatura<\/strong>, destaca por su corpulencia, juego a\u00e9reo y capacidad para moverse bien dentro del \u00e1rea. De la Fuente intent\u00f3 buscar este perfil en las \u00faltimas ventanas con <a class=\"ft-link ft-link--decoration\" href=\"https:\/\/www.sport.es\/es\/noticias\/seleccion\/recuperados-luis-de-la-fuente-122390687\" rel=\"nofollow noopener\" target=\"_blank\">Samu y Borja Iglesias, pero ninguno de los dos estuvo especialmente acertado.<\/a><\/p>\n<p class=\"ft-text\"><strong>La posici\u00f3n de &#8216;9&#8217; est\u00e1 ocupada actualmente por Mikel Oyarzabal con Ferran Torres como alternativa<\/strong>, pero De la Fuente tambi\u00e9n quiere tener otro delantero centro m\u00e1s cl\u00e1sico, con independencia de <a class=\"ft-link ft-link--decoration\" href=\"https:\/\/www.sport.es\/es\/noticias\/seleccion\/dilema-fuente-morata-124092670\" rel=\"nofollow noopener\" target=\"_blank\">si finalmente recupera a \u00c1lvaro Morata<\/a>.<\/p>\n<p>Solo en la sub-18 de Argentina<\/p>\n<p class=\"ft-text\">Los medios argentinos se han encargado de recordar que <strong>Pellegrino jug\u00f3 con la sub-18 de Argentina y recuerdan declaraciones del futbolista declarando que su preferencia ser\u00eda la albiceleste<\/strong>. Pese a nacer en Valencia, a los 7 a\u00f1os se fue a vivir a Argentina y se form\u00f3 en las divisiones inferiores de Club Atl\u00e9tico V\u00e9lez Sarsfield.<\/p>\n<p class=\"ft-text\">TyC recoge unas declaraciones del futbolista afirmando que \u00ab<strong>si tengo la opci\u00f3n de las dos y me ofrecen lo mismo, elijo Argentina. Yo me siento argentino<\/strong>. Quiero un mont\u00f3n a Espa\u00f1a, nac\u00ed ah\u00ed, tengo amigos y pas\u00e9 muchos a\u00f1os de mi vida, <strong>pero me considero argentino<\/strong>\u00ab.<\/p>\n<p class=\"ft-text\"><strong>Un planteamiento que, sin embargo, puede cambiar si se ve con opciones de jugar un Mundial<\/strong>. De momento, la Federaci\u00f3n Espa\u00f1ola lo tiene en su radar y podr\u00eda ser convocado en la \u00faltima ventana antes de la Copa del Mundo, <a class=\"ft-link ft-link--decoration\" href=\"https:\/\/www.sport.es\/es\/noticias\/seleccion\/finalissima-siguiente-gran-reto-espana-123765549\" rel=\"nofollow noopener\" target=\"_blank\">que ser\u00e1 en marzo con la Finalissima ante la propia Argentina probablemente en Qatar<\/a>, como banco de pruebas definitivo..<\/p>\n<p class=\"ft-text\">Por ahora, <strong>el futbolista est\u00e1 siendo monitorizado y su forma de jugar encaja con el perfil que desea De la Fuente<\/strong>, pero a\u00fan quedan cuatro meses para la pr\u00f3xima convocatoria y el t\u00e9cnico tiene todas las cartas sobre la mesa.<\/p>\n","protected":false},"excerpt":{"rendered":"Luis de la Fuente, seleccionador espa\u00f1ol, est\u00e1 afinando la lista de nombres de candidatos para estar en la&hellip;\n","protected":false},"author":2,"featured_media":257817,"comment_status":"","ping_status":"","sticky":false,"template":"","format":"standard","meta":{"footnotes":""},"categories":[268],"tags":[283,168,25,24,280,282,64684,49445,281,23,167],"class_list":{"0":"post-257816","1":"post","2":"type-post","3":"status-publish","4":"format-standard","5":"has-post-thumbnail","7":"category-futbol","8":"tag-argentina","9":"tag-deportes","10":"tag-es","11":"tag-espana","12":"tag-football","13":"tag-futbol","14":"tag-mateo-pellegrino","15":"tag-parma","16":"tag-soccer","17":"tag-spain","18":"tag-sports"},"share_on_mastodon":{"url":"https:\/\/pubeurope.com\/@es\/115619255312312733","error":""},"_links":{"self":[{"href":"https:\/\/www.europesays.com\/es\/wp-json\/wp\/v2\/posts\/257816","targetHints":{"allow":["GET"]}}],"collection":[{"href":"https:\/\/www.europesays.com\/es\/wp-json\/wp\/v2\/posts"}],"about":[{"href":"https:\/\/www.europesays.com\/es\/wp-json\/wp\/v2\/types\/post"}],"author":[{"embeddable":true,"href":"https:\/\/www.europesays.com\/es\/wp-json\/wp\/v2\/users\/2"}],"replies":[{"embeddable":true,"href":"https:\/\/www.europesays.com\/es\/wp-json\/wp\/v2\/comments?post=257816"}],"version-history":[{"count":0,"href":"https:\/\/www.europesays.com\/es\/wp-json\/wp\/v2\/posts\/257816\/revisions"}],"wp:featuredmedia":[{"embeddable":true,"href":"https:\/\/www.europesays.com\/es\/wp-json\/wp\/v2\/media\/257817"}],"wp:attachment":[{"href":"https:\/\/www.europesays.com\/es\/wp-json\/wp\/v2\/media?parent=257816"}],"wp:term":[{"taxonomy":"category","embeddable":true,"href":"https:\/\/www.europesays.com\/es\/wp-json\/wp\/v2\/categories?post=257816"},{"taxonomy":"post_tag","embeddable":true,"href":"https:\/\/www.europesays.com\/es\/wp-json\/wp\/v2\/tags?post=257816"}],"curies":[{"name":"wp","href":"https:\/\/api.w.org\/{rel}","templated":true}]}}