{"id":257820,"date":"2025-11-27T02:20:23","date_gmt":"2025-11-27T02:20:23","guid":{"rendered":"https:\/\/www.europesays.com\/es\/257820\/"},"modified":"2025-11-27T02:20:23","modified_gmt":"2025-11-27T02:20:23","slug":"fernandocosta-acusa-a-ayax-de-obligar-a-exnovias-a-abortar","status":"publish","type":"post","link":"https:\/\/www.europesays.com\/es\/257820\/","title":{"rendered":"Fernandocosta acusa a Ayax de obligar a exnovias a abortar"},"content":{"rendered":"<p class=\"paragraph\">La guerra abierta entre los raperos <b>Ayax <\/b>y <b>Fernandocosta <\/b>ha alcanzado un punto de no retorno con la publicaci\u00f3n del tema Te avis\u00e9, donde el artista ibicenco lanza acusaciones demoledoras que implican presunto acoso y graves delitos contra el rapero granadino<b> Ayax Pedrosa.<\/b><\/p>\n<p class=\"paragraph\">El enfrentamiento, que se ven\u00eda gestando en redes sociales, explot\u00f3 musicalmente este pasado 23 de noviembre. El choque es una respuesta directa al tema Justicia Po\u00e9tica, que Ayax lanz\u00f3 dos d\u00edas antes, el 21 de noviembre, atacando a <b>Fernandocosta <\/b>y tild\u00e1ndolo de <b>\u201ctraidor como Figo\u201d.<\/b><\/p>\n<p class=\"paragraph\">En la canci\u00f3n Te avis\u00e9, Fernandocosta <b>arremete duramente contra Ayax,<\/b> <b>desvelando supuestas acciones <\/b>que pondr\u00edan en jaque la carrera del granadino, como que habr\u00eda pagado para que una de las denunciantes retirara una acusaci\u00f3n del juzgado y habr\u00eda obligado a varias exnovias a abortar, y tambi\u00e9n que se habr\u00eda comportado de forma denigrante y manipuladora con varias de sus parejas y fans, seg\u00fan el rapero ibicenco.<\/p>\n<p class=\"paragraph\">Fernandocosta tambi\u00e9n<b> le advierte que no vuelva a mencionar a su hijo,<\/b> a quien Ayax hab\u00eda citado en una publicaci\u00f3n en redes sociales. Este conflicto se enmarca en la crisis que atraviesa el d\u00fao Ayax y Prok (el d\u00fao de rap formado por los hermanos gemelos Ayax y Adri\u00e1n Pedrosa) desde que la escritora <b>Cristina Fallar\u00e1s<\/b> y otras mujeres an\u00f3nimas denunciaran p\u00fablicamente una serie de presuntos abusos sexuales por parte de los gemelos.<\/p>\n<p class=\"paragraph\">Como consecuencia de estas primeras denuncias, la agencia de management <b>Taste The Floor decidi\u00f3 expulsar a Ayax y Prok<\/b> de su cat\u00e1logo, y gran parte de la industria musical les ha dado la espalda. Fernandocosta, que compart\u00eda sello con ellos, manifest\u00f3 su opini\u00f3n sobre la gravedad de las denuncias, lo que desencaden\u00f3 el ataque inicial de Ayax y esta virulenta respuesta. La canci\u00f3n Te avis\u00e9 se ha convertido r\u00e1pidamente en un fen\u00f3meno, situ\u00e1ndose en el n\u00famero 1 en las tendencias de Youtube.<\/p>\n<p class=\"paragraph\">La rivalidad p\u00fablica entre figuras del rap, conocida como beef, no es un fen\u00f3meno nuevo y tiene precedentes dram\u00e1ticos a nivel global. La historia del g\u00e9nero est\u00e1 marcada por la guerra entre la Costa Oeste y la Costa Este de Estados Unidos, que se intensific\u00f3 a principios de la d\u00e9cada de 1990. Esta hostilidad tuvo como figuras centrales a <b>Tupac Shakur<\/b> (Death Row Records, Los \u00c1ngeles) y<b> The Notorious B.I.G.<\/b> (Bad Boy Records, Nueva York). El enfrentamiento tuvo un final tr\u00e1gico: ambos artistas fueron asesinados a tiros por agresores desconocidos desde veh\u00edculos en movimiento, en 1996 y 1997 respectivamente.<\/p>\n","protected":false},"excerpt":{"rendered":"La guerra abierta entre los raperos Ayax y Fernandocosta ha alcanzado un punto de no retorno con la&hellip;\n","protected":false},"author":2,"featured_media":257821,"comment_status":"","ping_status":"","sticky":false,"template":"","format":"standard","meta":{"footnotes":""},"categories":[170],"tags":[64687,146,147,25,24,1489,64686,64685,184,185,34802,23],"class_list":{"0":"post-257820","1":"post","2":"type-post","3":"status-publish","4":"format-standard","5":"has-post-thumbnail","7":"category-musica","8":"tag-abortar","9":"tag-entertainment","10":"tag-entretenimiento","11":"tag-es","12":"tag-espana","13":"tag-espanol","14":"tag-exnovias","15":"tag-fernandocosta","16":"tag-music","17":"tag-musica","18":"tag-obligar","19":"tag-spain"},"share_on_mastodon":{"url":"https:\/\/pubeurope.com\/@es\/115619274682855106","error":""},"_links":{"self":[{"href":"https:\/\/www.europesays.com\/es\/wp-json\/wp\/v2\/posts\/257820","targetHints":{"allow":["GET"]}}],"collection":[{"href":"https:\/\/www.europesays.com\/es\/wp-json\/wp\/v2\/posts"}],"about":[{"href":"https:\/\/www.europesays.com\/es\/wp-json\/wp\/v2\/types\/post"}],"author":[{"embeddable":true,"href":"https:\/\/www.europesays.com\/es\/wp-json\/wp\/v2\/users\/2"}],"replies":[{"embeddable":true,"href":"https:\/\/www.europesays.com\/es\/wp-json\/wp\/v2\/comments?post=257820"}],"version-history":[{"count":0,"href":"https:\/\/www.europesays.com\/es\/wp-json\/wp\/v2\/posts\/257820\/revisions"}],"wp:featuredmedia":[{"embeddable":true,"href":"https:\/\/www.europesays.com\/es\/wp-json\/wp\/v2\/media\/257821"}],"wp:attachment":[{"href":"https:\/\/www.europesays.com\/es\/wp-json\/wp\/v2\/media?parent=257820"}],"wp:term":[{"taxonomy":"category","embeddable":true,"href":"https:\/\/www.europesays.com\/es\/wp-json\/wp\/v2\/categories?post=257820"},{"taxonomy":"post_tag","embeddable":true,"href":"https:\/\/www.europesays.com\/es\/wp-json\/wp\/v2\/tags?post=257820"}],"curies":[{"name":"wp","href":"https:\/\/api.w.org\/{rel}","templated":true}]}}