{"id":257826,"date":"2025-11-27T02:24:10","date_gmt":"2025-11-27T02:24:10","guid":{"rendered":"https:\/\/www.europesays.com\/es\/257826\/"},"modified":"2025-11-27T02:24:10","modified_gmt":"2025-11-27T02:24:10","slug":"muere-la-influencer-y-cantante-de-la-rosa-tras-ser-tiroteada-en-los-angeles","status":"publish","type":"post","link":"https:\/\/www.europesays.com\/es\/257826\/","title":{"rendered":"Muere la influencer y cantante De la Rosa tras ser tiroteada en Los Angeles"},"content":{"rendered":"<p class=\"mce\">La cantante latina Mar\u00eda de la Rosa, de 22 a\u00f1os, quien se hac\u00eda llamar <strong class=\"mce\">De la Rosa, <\/strong>ha sido asesinada tras recibir varios disparos en un veh\u00edculo estacionado en<strong class=\"mce\"> Los \u00c1ngeles.<\/strong><\/p>\n<p class=\"mce\">De la Rosa era una de las tres personas que se encontraban en el veh\u00edculo en <strong class=\"mce\">Northridge<\/strong> cuando dos hombres se acercaron y abrieron fuego. La influencer y cantante falleci\u00f3 posteriormente en un hospital, seg\u00fan inform\u00f3 el <strong class=\"mce\">Departamento de Polic\u00eda de Los \u00c1ngeles<\/strong>.<\/p>\n<p class=\"mce\">Se cree que el incidente est\u00e1 relacionado con <strong class=\"mce\">pandillas.<\/strong> Sin embargo, el motivo sigue siendo un misterio y no se ha detenido a ning\u00fan sospechoso, dijo.<\/p>\n<p class=\"mce\"><strong class=\"mce\">De la Rosa<\/strong> ten\u00eda m\u00e1s de 40.000 seguidores en Instagram y anunci\u00f3 en agosto en la plataforma el lanzamiento de un sencillo en espa\u00f1ol, No me llames.<\/p>\n","protected":false},"excerpt":{"rendered":"La cantante latina Mar\u00eda de la Rosa, de 22 a\u00f1os, quien se hac\u00eda llamar De la Rosa, ha&hellip;\n","protected":false},"author":2,"featured_media":257827,"comment_status":"","ping_status":"","sticky":false,"template":"","format":"standard","meta":{"footnotes":""},"categories":[91],"tags":[64688,3879,146,147,25,24,23],"class_list":{"0":"post-257826","1":"post","2":"type-post","3":"status-publish","4":"format-standard","5":"has-post-thumbnail","7":"category-entretenimiento","8":"tag-de-la-rosa","9":"tag-delarosa","10":"tag-entertainment","11":"tag-entretenimiento","12":"tag-es","13":"tag-espana","14":"tag-spain"},"share_on_mastodon":{"url":"https:\/\/pubeurope.com\/@es\/115619291615323237","error":""},"_links":{"self":[{"href":"https:\/\/www.europesays.com\/es\/wp-json\/wp\/v2\/posts\/257826","targetHints":{"allow":["GET"]}}],"collection":[{"href":"https:\/\/www.europesays.com\/es\/wp-json\/wp\/v2\/posts"}],"about":[{"href":"https:\/\/www.europesays.com\/es\/wp-json\/wp\/v2\/types\/post"}],"author":[{"embeddable":true,"href":"https:\/\/www.europesays.com\/es\/wp-json\/wp\/v2\/users\/2"}],"replies":[{"embeddable":true,"href":"https:\/\/www.europesays.com\/es\/wp-json\/wp\/v2\/comments?post=257826"}],"version-history":[{"count":0,"href":"https:\/\/www.europesays.com\/es\/wp-json\/wp\/v2\/posts\/257826\/revisions"}],"wp:featuredmedia":[{"embeddable":true,"href":"https:\/\/www.europesays.com\/es\/wp-json\/wp\/v2\/media\/257827"}],"wp:attachment":[{"href":"https:\/\/www.europesays.com\/es\/wp-json\/wp\/v2\/media?parent=257826"}],"wp:term":[{"taxonomy":"category","embeddable":true,"href":"https:\/\/www.europesays.com\/es\/wp-json\/wp\/v2\/categories?post=257826"},{"taxonomy":"post_tag","embeddable":true,"href":"https:\/\/www.europesays.com\/es\/wp-json\/wp\/v2\/tags?post=257826"}],"curies":[{"name":"wp","href":"https:\/\/api.w.org\/{rel}","templated":true}]}}