{"id":257832,"date":"2025-11-27T02:27:13","date_gmt":"2025-11-27T02:27:13","guid":{"rendered":"https:\/\/www.europesays.com\/es\/257832\/"},"modified":"2025-11-27T02:27:13","modified_gmt":"2025-11-27T02:27:13","slug":"euronews-hoy-las-noticias-del-miercoles-26-de-noviembre-von-der-leyen-aboga-por-presionar-a-rusia","status":"publish","type":"post","link":"https:\/\/www.europesays.com\/es\/257832\/","title":{"rendered":"EURONEWS HOY | Las noticias del mi\u00e9rcoles 26 de noviembre: Von der Leyen aboga por presionar a Rusia"},"content":{"rendered":"<p>\n         Publicado<br \/>\n            26\/11\/2025 &#8211; 18:35 CET\n            <\/p>\n<p>En &#8216;<strong>Euronews<\/strong>&#8216; le traemos las noticias m\u00e1s relevantes de <strong>este mi\u00e9rcoles 26 de noviembre<\/strong>. Estos son nuestros principales titulares:<\/p>\n<p>Europa debe <a href=\"https:\/\/es.euronews.com\/my-europe\/2025\/11\/25\/negociaciones-de-paz-en-ucrania-que-se-juegan-los-europeos\" rel=\"nofollow noopener\" target=\"_blank\">seguir presionando a Rusia<\/a>, advirti\u00f3 el mi\u00e9rcoles <strong>Ursula von der Leyen<\/strong>, al se\u00f1alar que Mosc\u00fa contin\u00faa decidido a \u00abredibujar de forma permanente los mapas\u00bb y a recuperar las \u00abesferas de influencia\u00bb que perdi\u00f3. Sus palabras llegan en un momento en el que las r\u00e1pidas conversaciones de paz impulsadas por Estados Unidos abren la puerta a un posible alivio econ\u00f3mico para el Kremlin, pese a su ofensiva persistente en Ucrania.<\/p>\n<p>Las declaraciones de Von der Leyen se producen en momentos en que el Kremlin <a href=\"https:\/\/es.euronews.com\/my-europe\/2025\/11\/26\/europe-today-valdis-dombrovskis-comisario-de-economia-de-la-ue-reacciona-ante-el-plan-de-p\" rel=\"nofollow noopener\" target=\"_blank\">deja entrever su intenci\u00f3n de rechazar el plan de paz<\/a> surgido de las conversaciones entre funcionarios estadounidenses y ucranianos en Ginebra durante el fin de semana. <strong>Las negociaciones modificaron considerablemente los t\u00e9rminos<\/strong> del proyecto original de 28 puntos, que conten\u00eda amplias disposiciones favorables a los intereses de Mosc\u00fa.<\/p>\n<p>El presidente de Estados Unidos, <strong>Donald Trump<\/strong>, asegur\u00f3 que <a href=\"https:\/\/es.euronews.com\/2025\/11\/23\/trump-dice-que-ucrania-ha-mostrado-cero-gratitud-hacia-estados-unidos\" rel=\"nofollow noopener\" target=\"_blank\">su plan para poner fin a la guerra en Ucrania<\/a> est\u00e1 \u00abafin\u00e1ndose\u00bb, y anunci\u00f3 el env\u00edo de su enviado especial, <strong>Steve Witkoff<\/strong>, para reunirse con el presidente ruso, <strong>Vlad\u00edmir Putin<\/strong>. Tambi\u00e9n adelant\u00f3 que el secretario del Ej\u00e9rcito, <strong>Dan Driscoll<\/strong>, mantendr\u00e1 encuentros con representantes ucranianos.<\/p>\n<p>El plan de Trump para poner fin a la guerra de casi cuatro a\u00f1os surgi\u00f3 la semana pasada. Favorec\u00eda en gran medida a Rusia, lo que llev\u00f3 a Zelenski a <strong>comprometerse r\u00e1pidamente con los negociadores<\/strong> estadounidenses. El mandatario sugiri\u00f3 que podr\u00eda llegar a <a href=\"https:\/\/es.euronews.com\/2025\/11\/19\/la-via-turca-zelenski-se-reune-de-nuevo-con-erdogan-para-reclamar-nuevas-negociaciones\" rel=\"nofollow noopener\" target=\"_blank\">reunirse con Putin y con el propio presidente ucraniano<\/a>, <strong>Volod\u00edmir Zelenski<\/strong>, pero no hasta que se haya avanzado m\u00e1s en las negociaciones.<\/p>\n<p>Se ha terminado un nuevo tramo de <a href=\"https:\/\/es.euronews.com\/2024\/04\/04\/finlandia-mantiene-el-cierre-de-su-frontera-con-rusia-hasta-nuevo-aviso-bajo-pretextos-mig\" rel=\"nofollow noopener\" target=\"_blank\">la valla fronteriza entre Finlandia y Rusia<\/a>. El pa\u00eds n\u00f3rdico <strong>inici\u00f3 en 2023 la construcci\u00f3n de esta barrera de 200 kil\u00f3metros<\/strong> con el objetivo de frenar la llegada de migrantes irregulares procedentes de territorio ruso. Helsinki acusa a Mosc\u00fa de haber provocado deliberadamente ese aumento de entradas.<\/p>\n<p>La valla, que se extiende a lo largo de una cuarta parte de la frontera ruso-finlandesa, <strong>refuerza principalmente antiguos pasos fronterizos<\/strong> por los que en un principio se pretend\u00eda cruzar con facilidad. La regi\u00f3n m\u00e1s cr\u00edtica es la <strong>franja fronteriza de Laponia<\/strong>.<\/p>\n<p>Con <a href=\"https:\/\/es.euronews.com\/next\/2025\/11\/25\/openai-lanza-una-herramienta-en-chatgpt-para-comparar-productos-de-cara-a-black-friday\" rel=\"nofollow noopener\" target=\"_blank\">la llegada del Black Friday<\/a>, un periodo que dispara las compras en l\u00ednea y, con ello, <strong>los riesgos de ciberfraude<\/strong>, la Polic\u00eda Nacional ha difundido un completo dec\u00e1logo de recomendaciones de seguridad dirigido a los consumidores.<\/p>\n<p>Los expertos en ciberdelincuencia de la Direcci\u00f3n General de la Polic\u00eda buscan que los compradores puedan aprovechar las ofertas sin caer en estafas, recordando que los delincuentes <strong>est\u00e1n sofisticando su modus operandi<\/strong> con nuevas variantes de <a href=\"https:\/\/es.euronews.com\/next\/2025\/07\/16\/un-estafador-usa-ia-para-hacerse-pasar-por-marco-rubio-y-enganar-a-politicos\" rel=\"nofollow noopener\" target=\"_blank\">&#8216;phishing&#8217; y &#8216;smishing&#8217;.<\/a><\/p>\n<p>Adem\u00e1s, en el <strong>NO COMMENT<\/strong> del d\u00eda <a href=\"https:\/\/es.euronews.com\/video\/2025\/11\/26\/trump-indulta-a-los-pavos-waddle-y-gobble-en-el-dia-de-accion-de-gracias-tradicion-anual\" rel=\"nofollow noopener\" target=\"_blank\">les presentamos a Waddle y Gobble<\/a>, los dos pavos indultados este a\u00f1o por la Casa Blanca que, por gracia del presidente Trump, evitar\u00e1n convertirse en el plato fuerte de la cena del d\u00eda de Acci\u00f3n de Gracias el pr\u00f3ximo jueves.<\/p>\n<p>No olviden que se pueden instalar la aplicaci\u00f3n de <strong>&#8216;Euronews&#8217;<\/strong> en sus dispositivos <strong>Android<\/strong> y en <strong>iPhone<\/strong> para estar siempre conectados a lo que sucede en Europa y el mundo, y seguirnos en <strong>X e Instagram<\/strong>.<\/p>\n","protected":false},"excerpt":{"rendered":"Publicado 26\/11\/2025 &#8211; 18:35 CET En &#8216;Euronews&#8216; le traemos las noticias m\u00e1s relevantes de este mi\u00e9rcoles 26 de&hellip;\n","protected":false},"author":2,"featured_media":257833,"comment_status":"","ping_status":"","sticky":false,"template":"","format":"standard","meta":{"footnotes":""},"categories":[42],"tags":[58845,17,18,8836,13,14,7419,11,61,62,63,64,19,20,9,10,15,16,1614,12,7081,21,22,1617,65,66,67],"class_list":{"0":"post-257832","1":"post","2":"type-post","3":"status-publish","4":"format-standard","5":"has-post-thumbnail","7":"category-internacional","8":"tag-black-friday","9":"tag-breaking-news","10":"tag-breakingnews","11":"tag-euronews-hoy","12":"tag-featured-news","13":"tag-featurednews","14":"tag-guerra-en-ucrania","15":"tag-headlines","16":"tag-internacional","17":"tag-international","18":"tag-international-news","19":"tag-internationalnews","20":"tag-latest-news","21":"tag-latestnews","22":"tag-news","23":"tag-noticias","24":"tag-noticias-destacadas","25":"tag-noticiasdestacadas","26":"tag-rusia","27":"tag-titulares","28":"tag-ucrania","29":"tag-ultimas-noticias","30":"tag-ultimasnoticias","31":"tag-union-europea","32":"tag-world","33":"tag-world-news","34":"tag-worldnews"},"share_on_mastodon":{"url":"https:\/\/pubeurope.com\/@es\/115619302200039363","error":""},"_links":{"self":[{"href":"https:\/\/www.europesays.com\/es\/wp-json\/wp\/v2\/posts\/257832","targetHints":{"allow":["GET"]}}],"collection":[{"href":"https:\/\/www.europesays.com\/es\/wp-json\/wp\/v2\/posts"}],"about":[{"href":"https:\/\/www.europesays.com\/es\/wp-json\/wp\/v2\/types\/post"}],"author":[{"embeddable":true,"href":"https:\/\/www.europesays.com\/es\/wp-json\/wp\/v2\/users\/2"}],"replies":[{"embeddable":true,"href":"https:\/\/www.europesays.com\/es\/wp-json\/wp\/v2\/comments?post=257832"}],"version-history":[{"count":0,"href":"https:\/\/www.europesays.com\/es\/wp-json\/wp\/v2\/posts\/257832\/revisions"}],"wp:featuredmedia":[{"embeddable":true,"href":"https:\/\/www.europesays.com\/es\/wp-json\/wp\/v2\/media\/257833"}],"wp:attachment":[{"href":"https:\/\/www.europesays.com\/es\/wp-json\/wp\/v2\/media?parent=257832"}],"wp:term":[{"taxonomy":"category","embeddable":true,"href":"https:\/\/www.europesays.com\/es\/wp-json\/wp\/v2\/categories?post=257832"},{"taxonomy":"post_tag","embeddable":true,"href":"https:\/\/www.europesays.com\/es\/wp-json\/wp\/v2\/tags?post=257832"}],"curies":[{"name":"wp","href":"https:\/\/api.w.org\/{rel}","templated":true}]}}