{"id":257834,"date":"2025-11-27T02:28:16","date_gmt":"2025-11-27T02:28:16","guid":{"rendered":"https:\/\/www.europesays.com\/es\/257834\/"},"modified":"2025-11-27T02:28:16","modified_gmt":"2025-11-27T02:28:16","slug":"manzanares-homenajea-a-las-38-victimas-de-violencia-de-genero-asesinadas-en-2025","status":"publish","type":"post","link":"https:\/\/www.europesays.com\/es\/257834\/","title":{"rendered":"Manzanares homenajea a las 38 v\u00edctimas de violencia de g\u00e9nero asesinadas en 2025"},"content":{"rendered":"<p lang=\"es-ES\" xml:lang=\"es-ES\">Con el encendido de velas, una por cada v\u00edctima mortal de violencia de g\u00e9nero en nuestro pa\u00eds, el homenaje celebrado el 25N en la plaza de la Constituci\u00f3n sirvi\u00f3 para recordar que las cifras \u201ctienen nombres y apellidos\u201d, que detr\u00e1s de los n\u00fameros hay historias, vidas destrozadas y familias rotas, y que la lucha para erradicar la violencia debe seguir siendo una prioridad. Fue, en palabras de la concejala de Pol\u00edticas de Igualdad, Laura Carrillo, una \u201cllamada a la acci\u00f3n para estar alerta y comprometidos en la sensibilizaci\u00f3n y concienciaci\u00f3n sobre una realidad que sigue d\u00e1ndose en muchos hogares\u201d.<\/p>\n<p lang=\"es-ES\" xml:lang=\"es-ES\">La concejala record\u00f3 a las 76 mujeres v\u00edctimas que han sido atendidas en Manzanares y a las 49 que han necesitado una orden de protecci\u00f3n \u201cporque el riesgo que enfrentaban era demasiado grande\u201d.<\/p>\n<p lang=\"es-ES\" xml:lang=\"es-ES\">En este sentido, el alcalde de Manzanares, Juli\u00e1n Nieva, manifest\u00f3 la voluntad pol\u00edtica y el compromiso del Ayuntamiento para seguir invirtiendo recursos econ\u00f3micos y humanos en la prevenci\u00f3n, atenci\u00f3n y ayuda a las v\u00edctimas y destac\u00f3 el trabajo comprometido del personal del Centro de la Mujer como \u201cun ejemplo de profesionalidad\u201d.<\/p>\n<p lang=\"es-ES\" xml:lang=\"es-ES\">El manifiesto al que se dio lectura en la plaza fue elaborado por mujeres de Manzanares, que denunciaron todas las formas ejercidas sobre las mujeres por el hecho de serlo. Adem\u00e1s de hacer hincapi\u00e9 en la necesidad de apostar por la educaci\u00f3n como herramienta clave para la prevenci\u00f3n de las violencias, el texto tambi\u00e9n se\u00f1al\u00f3 que esta lacra \u201cnos atraviesa como sociedad\u201d y est\u00e1 sostenida por una desigualdad que a\u00fan est\u00e1 muy presente.<\/p>\n<p lang=\"es-ES\" xml:lang=\"es-ES\">El acto cont\u00f3 con la colaboraci\u00f3n de diversos colectivos de Manzanares. En representaci\u00f3n del Consejo Local de la Mujer, Carmen Mu\u00f1oz, del Tosfrit F\u00fatbol Femenino Manzanares, y Vicen S\u00e1nchez de Pablo, de la Escuela de Ciudadan\u00eda, fueron las encargadas de nombrar a las 38 v\u00edctimas de violencia de g\u00e9nero asesinadas en Espa\u00f1a en 2025 y los tres menores a los que tambi\u00e9n se les ha arrebatado la vida. Adem\u00e1s, alumnado del CEPA San Blas colabor\u00f3 con la elaboraci\u00f3n y lectura de un emotivo poema.<\/p>\n<p lang=\"es-ES\" xml:lang=\"es-ES\">El acompa\u00f1amiento musical corri\u00f3 a cargo de Patricia Nieto-M\u00e1rquez, clarinetista y presidenta de la AMC \u2018Juli\u00e1n S\u00e1nchez-Maroto\u2019, que con sus notas gui\u00f3 una velada que, como es tradici\u00f3n, se cerr\u00f3 con el simb\u00f3lico vuelo de farolillos en recuerdo a las v\u00edctimas de una lacra social ante la que Manzanares sigue pronunciando un rotundo \u201cno\u201d.<\/p>\n","protected":false},"excerpt":{"rendered":"Con el encendido de velas, una por cada v\u00edctima mortal de violencia de g\u00e9nero en nuestro pa\u00eds, el&hellip;\n","protected":false},"author":2,"featured_media":257835,"comment_status":"","ping_status":"","sticky":false,"template":"","format":"standard","meta":{"footnotes":""},"categories":[8],"tags":[17,18,25,24,13,14,11,19,20,9,10,15,16,23,12,21,22],"class_list":{"0":"post-257834","1":"post","2":"type-post","3":"status-publish","4":"format-standard","5":"has-post-thumbnail","7":"category-espana","8":"tag-breaking-news","9":"tag-breakingnews","10":"tag-es","11":"tag-espana","12":"tag-featured-news","13":"tag-featurednews","14":"tag-headlines","15":"tag-latest-news","16":"tag-latestnews","17":"tag-news","18":"tag-noticias","19":"tag-noticias-destacadas","20":"tag-noticiasdestacadas","21":"tag-spain","22":"tag-titulares","23":"tag-ultimas-noticias","24":"tag-ultimasnoticias"},"share_on_mastodon":{"url":"https:\/\/pubeurope.com\/@es\/115619306286932609","error":""},"_links":{"self":[{"href":"https:\/\/www.europesays.com\/es\/wp-json\/wp\/v2\/posts\/257834","targetHints":{"allow":["GET"]}}],"collection":[{"href":"https:\/\/www.europesays.com\/es\/wp-json\/wp\/v2\/posts"}],"about":[{"href":"https:\/\/www.europesays.com\/es\/wp-json\/wp\/v2\/types\/post"}],"author":[{"embeddable":true,"href":"https:\/\/www.europesays.com\/es\/wp-json\/wp\/v2\/users\/2"}],"replies":[{"embeddable":true,"href":"https:\/\/www.europesays.com\/es\/wp-json\/wp\/v2\/comments?post=257834"}],"version-history":[{"count":0,"href":"https:\/\/www.europesays.com\/es\/wp-json\/wp\/v2\/posts\/257834\/revisions"}],"wp:featuredmedia":[{"embeddable":true,"href":"https:\/\/www.europesays.com\/es\/wp-json\/wp\/v2\/media\/257835"}],"wp:attachment":[{"href":"https:\/\/www.europesays.com\/es\/wp-json\/wp\/v2\/media?parent=257834"}],"wp:term":[{"taxonomy":"category","embeddable":true,"href":"https:\/\/www.europesays.com\/es\/wp-json\/wp\/v2\/categories?post=257834"},{"taxonomy":"post_tag","embeddable":true,"href":"https:\/\/www.europesays.com\/es\/wp-json\/wp\/v2\/tags?post=257834"}],"curies":[{"name":"wp","href":"https:\/\/api.w.org\/{rel}","templated":true}]}}