{"id":257836,"date":"2025-11-27T02:29:26","date_gmt":"2025-11-27T02:29:26","guid":{"rendered":"https:\/\/www.europesays.com\/es\/257836\/"},"modified":"2025-11-27T02:29:26","modified_gmt":"2025-11-27T02:29:26","slug":"la-factura-de-mazon-y-vilaplana-en-el-ventorro-fue-de-165-euros","status":"publish","type":"post","link":"https:\/\/www.europesays.com\/es\/257836\/","title":{"rendered":"La factura de Maz\u00f3n y Vilaplana en El Ventorro fue de 165 euros"},"content":{"rendered":"<p>Val\u00e8ncia (EFE).- El president de la Generalitat en funciones, Carlos Maz\u00f3n, y la periodista Maribel Vilaplana comieron dos men\u00fas por un importe total de 165 euros el 29 de octubre de 2024 en El Ventorro, seg\u00fan consta en la factura emitida por el propietario del restaurante e incorporada ya al sumario de la causa judicial por la gesti\u00f3n de la <a href=\"https:\/\/efe.com\/noticias\/dana\/\" target=\"_blank\" rel=\"noreferrer noopener nofollow\">dana<\/a>.<\/p>\n<p>En esa factura, a la que ha tenido acceso EFE, se hace constar como receptor de la misma al PP de la Comunitat Valenciana.<\/p>\n<p>Ambos comieron en la mesa 106 y disfrutaron de \u00abdos men\u00fas concertados\u00bb, seg\u00fan refleja dicho documento, cuya hora de expedici\u00f3n no consta.<\/p>\n<p>El reservado<\/p>\n<p>El propietario de El Ventorro, que <a href=\"https:\/\/efe.com\/espana\/2025-11-21\/dueno-ventorro-dana-mazon-comida\/\" target=\"_blank\" rel=\"noreferrer noopener nofollow\">declar\u00f3 recientemente como testigo <\/a>ante la jueza de Catarroja que dirige la investigaci\u00f3n, ha aportado tambi\u00e9n dos fotograf\u00edas del reservado, donde se puede ver una mesa ovalada con cinco sillas en una habitaci\u00f3n con dos grandes ventanales y un peque\u00f1o mueble bajo auxiliar.<\/p>\n<p>Adem\u00e1s, ha entregado el plano en planta de dicha habitaci\u00f3n, que tiene 4,43 metros de largo por 2,83 de ancho. <\/p>\n","protected":false},"excerpt":{"rendered":"Val\u00e8ncia (EFE).- El president de la Generalitat en funciones, Carlos Maz\u00f3n, y la periodista Maribel Vilaplana comieron dos&hellip;\n","protected":false},"author":2,"featured_media":257837,"comment_status":"","ping_status":"","sticky":false,"template":"","format":"standard","meta":{"footnotes":""},"categories":[5],"tags":[17,18,1681,25,24,13,14,11,19,20,9,10,15,16,23,12,493,21,22],"class_list":{"0":"post-257836","1":"post","2":"type-post","3":"status-publish","4":"format-standard","5":"has-post-thumbnail","7":"category-titulares","8":"tag-breaking-news","9":"tag-breakingnews","10":"tag-dana","11":"tag-es","12":"tag-espana","13":"tag-featured-news","14":"tag-featurednews","15":"tag-headlines","16":"tag-latest-news","17":"tag-latestnews","18":"tag-news","19":"tag-noticias","20":"tag-noticias-destacadas","21":"tag-noticiasdestacadas","22":"tag-spain","23":"tag-titulares","24":"tag-tribunales","25":"tag-ultimas-noticias","26":"tag-ultimasnoticias"},"share_on_mastodon":{"url":"https:\/\/pubeurope.com\/@es\/115619310054807780","error":""},"_links":{"self":[{"href":"https:\/\/www.europesays.com\/es\/wp-json\/wp\/v2\/posts\/257836","targetHints":{"allow":["GET"]}}],"collection":[{"href":"https:\/\/www.europesays.com\/es\/wp-json\/wp\/v2\/posts"}],"about":[{"href":"https:\/\/www.europesays.com\/es\/wp-json\/wp\/v2\/types\/post"}],"author":[{"embeddable":true,"href":"https:\/\/www.europesays.com\/es\/wp-json\/wp\/v2\/users\/2"}],"replies":[{"embeddable":true,"href":"https:\/\/www.europesays.com\/es\/wp-json\/wp\/v2\/comments?post=257836"}],"version-history":[{"count":0,"href":"https:\/\/www.europesays.com\/es\/wp-json\/wp\/v2\/posts\/257836\/revisions"}],"wp:featuredmedia":[{"embeddable":true,"href":"https:\/\/www.europesays.com\/es\/wp-json\/wp\/v2\/media\/257837"}],"wp:attachment":[{"href":"https:\/\/www.europesays.com\/es\/wp-json\/wp\/v2\/media?parent=257836"}],"wp:term":[{"taxonomy":"category","embeddable":true,"href":"https:\/\/www.europesays.com\/es\/wp-json\/wp\/v2\/categories?post=257836"},{"taxonomy":"post_tag","embeddable":true,"href":"https:\/\/www.europesays.com\/es\/wp-json\/wp\/v2\/tags?post=257836"}],"curies":[{"name":"wp","href":"https:\/\/api.w.org\/{rel}","templated":true}]}}