{"id":257838,"date":"2025-11-27T02:37:10","date_gmt":"2025-11-27T02:37:10","guid":{"rendered":"https:\/\/www.europesays.com\/es\/257838\/"},"modified":"2025-11-27T02:37:10","modified_gmt":"2025-11-27T02:37:10","slug":"carlos-cantero-ha-sido-muy-bonito-nuestro-deporte","status":"publish","type":"post","link":"https:\/\/www.europesays.com\/es\/257838\/","title":{"rendered":"Carlos Cantero: \u00abHa sido muy bonito\u00bb | Nuestro deporte"},"content":{"rendered":"<p>Carlos Cantero, entrenador del Casademont Zaragoza femenino, se ha mostrado satisfecho por el pase de su equipo a la siguiente fase de la Euroliga y <strong>ha agradecido el apoyo a los 9.000 aficionados que se han dado cita en el Pr\u00edncipe Felipe.<\/strong><\/p>\n<p><strong>Estas han sido sus declaraciones m\u00e1s destacadas:<\/strong><\/p>\n<p><strong>Apoyo de la afici\u00f3n<\/strong><\/p>\n<p>Ha sido muy bonito. Cuando hemos visto los 9.000 te llena de orgullo. Hacer nuestro partido es el mejor agradecimiento a que vengan a vernos. Los triples han hecho levantarse y meterse en el partido, adem\u00e1s de estar m\u00e1s ruidosos. Ten\u00edamos un partido importante por delante. Esos \u00faltimos minutos los hemos disfrutado y se han visto cosas muy chulas.<\/p>\n<p><strong>Rotaci\u00f3n en la plantilla<\/strong><\/p>\n<p>Somos un equipo con plantilla larga, ya depende de m\u00ed usar las que use. Necesito tener a las jugadoras listas y ese f\u00edsico extra respecto a otros equipos se nota.\u00a0<\/p>\n<p><strong>Dificultad del grupo<\/strong><\/p>\n<p>Pasar con tres es importante. L\u00e1stima no haber sacado otra por tiros libres o rebotes. Demuestras en partidos como este contra un buen equipo que haces buenos partidos en rebote, tiros libres. Sab\u00edamos que ten\u00edamos calidad para sacar una m\u00e1s. Venimos de mala suerte en la clasificaci\u00f3n y en el grupo, e irnos con el 50% de victorias en el grupo es algo bueno pero no extraordinario. Ha sido un grupo que ha sido una locura. Todos los partidos perdidos han sido peleados. Sacamos el de Landes all\u00ed y se supone que era el flojo del grupo.\u00a0<\/p>\n<p><strong>Pr\u00f3ximos rivales de Euroliga<\/strong><\/p>\n<p>DVTK es una cancha complicada pero el rival m\u00e1s flojo de los tres. Tenemos esa ilusi\u00f3n y motivaci\u00f3n con Fenerbah\u00e7e y Valencia. Nos va a dar igual qui\u00e9n sea el rival. Cada partido enfocarlo como una final y luego ver que hacen las dem\u00e1s.<\/p>\n<p>Si quieres estar al d\u00eda de toda la actualidad deportiva, s\u00edguenos en redes sociales: <a href=\"https:\/\/www.instagram.com\/aragondeporte\/\" target=\"_blank\" rel=\"noindex nofollow noopener\">Instagram<\/a>, <a href=\"https:\/\/www.facebook.com\/aragondeporte\/\" target=\"_blank\" rel=\"noindex nofollow noopener\">Facebook<\/a>, <a href=\"https:\/\/x.com\/ardeportes\" target=\"_blank\" rel=\"noindex nofollow\">X<\/a> y tambi\u00e9n en el canal de <a href=\"https:\/\/whatsapp.com\/channel\/0029Vb8JrUy6rsQrHNE2y41l\" target=\"_blank\" rel=\"noindex nofollow noopener\">WhatsApp<\/a>.<\/p>\n<p>            <script async src=\"\/\/www.instagram.com\/embed.js\"><\/script><\/p>\n","protected":false},"excerpt":{"rendered":"Carlos Cantero, entrenador del Casademont Zaragoza femenino, se ha mostrado satisfecho por el pase de su equipo a&hellip;\n","protected":false},"author":2,"featured_media":257839,"comment_status":"","ping_status":"","sticky":false,"template":"","format":"standard","meta":{"footnotes":""},"categories":[269],"tags":[4499,4502,299,298,4501,4110,634,168,25,24,4500,1448,23,167,214],"class_list":{"0":"post-257838","1":"post","2":"type-post","3":"status-publish","4":"format-standard","5":"has-post-thumbnail","7":"category-baloncesto","8":"tag-aragon","9":"tag-aragonesa","10":"tag-baloncesto","11":"tag-basketball","12":"tag-cartv","13":"tag-corporacion","14":"tag-deporte","15":"tag-deportes","16":"tag-es","17":"tag-espana","18":"tag-publica","19":"tag-radio","20":"tag-spain","21":"tag-sports","22":"tag-tv"},"share_on_mastodon":{"url":"https:\/\/pubeurope.com\/@es\/115619341538021613","error":""},"_links":{"self":[{"href":"https:\/\/www.europesays.com\/es\/wp-json\/wp\/v2\/posts\/257838","targetHints":{"allow":["GET"]}}],"collection":[{"href":"https:\/\/www.europesays.com\/es\/wp-json\/wp\/v2\/posts"}],"about":[{"href":"https:\/\/www.europesays.com\/es\/wp-json\/wp\/v2\/types\/post"}],"author":[{"embeddable":true,"href":"https:\/\/www.europesays.com\/es\/wp-json\/wp\/v2\/users\/2"}],"replies":[{"embeddable":true,"href":"https:\/\/www.europesays.com\/es\/wp-json\/wp\/v2\/comments?post=257838"}],"version-history":[{"count":0,"href":"https:\/\/www.europesays.com\/es\/wp-json\/wp\/v2\/posts\/257838\/revisions"}],"wp:featuredmedia":[{"embeddable":true,"href":"https:\/\/www.europesays.com\/es\/wp-json\/wp\/v2\/media\/257839"}],"wp:attachment":[{"href":"https:\/\/www.europesays.com\/es\/wp-json\/wp\/v2\/media?parent=257838"}],"wp:term":[{"taxonomy":"category","embeddable":true,"href":"https:\/\/www.europesays.com\/es\/wp-json\/wp\/v2\/categories?post=257838"},{"taxonomy":"post_tag","embeddable":true,"href":"https:\/\/www.europesays.com\/es\/wp-json\/wp\/v2\/tags?post=257838"}],"curies":[{"name":"wp","href":"https:\/\/api.w.org\/{rel}","templated":true}]}}