{"id":257840,"date":"2025-11-27T02:38:11","date_gmt":"2025-11-27T02:38:11","guid":{"rendered":"https:\/\/www.europesays.com\/es\/257840\/"},"modified":"2025-11-27T02:38:11","modified_gmt":"2025-11-27T02:38:11","slug":"eintracht-atalanta-en-directo","status":"publish","type":"post","link":"https:\/\/www.europesays.com\/es\/257840\/","title":{"rendered":"Eintracht &#8211; Atalanta en directo"},"content":{"rendered":"\n<p class=\"ue-c-article__paragraph \"><strong>\u00a1Buenas tardes familia! \u00a1\u00a1Bienvenidos a una nueva jornada de la Champions League!!<\/strong> En el d\u00eda de hoy tenemos un enfrentamiento entre<strong> Eintracht Frankfurt y Atalanta<\/strong>, correspondiente a la quinta jornada de la Liga de Campeones.<\/p>\n<p class=\"ue-c-article__paragraph \">Partido importante para el <strong>Eintracht Frankfurt<\/strong>, que busca meterse en la zona playoff, tras un inicio de competici\u00f3n lleno de altibajos. Las \u00c1guilas comenzaron su andadura en la m\u00e1xima competici\u00f3n europea con una ilusionante <strong>victoria por 5-1 ante el Galtasaray<\/strong>. Luego, llegaron dos importantes derrotas ante Atl\u00e9tico de Madrid y Liverpool, curiosamente tambi\u00e9n por 5 goles a 1.<strong> Y en su \u00faltima cita europea, empataron sin goles ante el N\u00e1poles en Italia, lo cual da esperanza a los de Topmoller para sacar un resultado positivo ante los bergamascos<\/strong>. <strong>Actualmente ocupan la vig\u00e9simo s\u00e9ptima posici\u00f3n en la tabla, y afrontan el partido como una oportunidad de alcanzar a la Atalanta con 7 puntos.<\/strong><\/p>\n<p class=\"ue-c-article__paragraph \">Enfrente tendr\u00e1n a la <strong>Atalanta,<\/strong> que se estrena con Palladino en la Champions. Ivan Juric fue destituido el pasado mes de noviembre, provocando la llegada de Raffaele Palladino como sustituto. En su debut con los lombardos, perdi\u00f3 3-1 ante el N\u00e1poles. Hoy, con la ilusi\u00f3n de conseguir su primera victoria con <strong>&#8216;La Dea&#8217;, afronta el partido con su equipo d\u00e9cimo s\u00e9ptimo en la clasificaci\u00f3n, con siete unidades en el casillero. Lo han conseguido tras vencer al Brujas (2-1) y al Marsella con pol\u00e9mica (0-1), adem\u00e1s de empatar a cero ante el Slavia Praga y perder en su debut ante el PSG (4-0)<\/strong>. Una victoria les encarrilar\u00eda hacia la clasificaci\u00f3n a la siguiente ronda con 10 puntos.<\/p>\n<p class=\"ue-c-article__paragraph \">De esta manera queda presentado el enfrentamiento. Seg\u00fan eche a rodar el bal\u00f3n, a eso de las 21:00 horas, podr\u00e9is seguir los comentarios en directo con todo lo que ocurra sobre el terreno de juego. Por \u00faltimo, la cr\u00f3nica estar\u00e1 disponible en <strong>MARCA.com<\/strong>.<strong> \u00a1COMENZAMOOOOOSSSS!<\/strong><\/p>\n","protected":false},"excerpt":{"rendered":"\u00a1Buenas tardes familia! \u00a1\u00a1Bienvenidos a una nueva jornada de la Champions League!! En el d\u00eda de hoy tenemos&hellip;\n","protected":false},"author":2,"featured_media":257841,"comment_status":"","ping_status":"","sticky":false,"template":"","format":"standard","meta":{"footnotes":""},"categories":[268],"tags":[54256,1241,168,30151,25,24,280,282,281,23,167],"class_list":{"0":"post-257840","1":"post","2":"type-post","3":"status-publish","4":"format-standard","5":"has-post-thumbnail","7":"category-futbol","8":"tag-atalanta-bc","9":"tag-champions-league","10":"tag-deportes","11":"tag-eintracht-frankfurt","12":"tag-es","13":"tag-espana","14":"tag-football","15":"tag-futbol","16":"tag-soccer","17":"tag-spain","18":"tag-sports"},"share_on_mastodon":{"url":"https:\/\/pubeurope.com\/@es\/115619345477704542","error":""},"_links":{"self":[{"href":"https:\/\/www.europesays.com\/es\/wp-json\/wp\/v2\/posts\/257840","targetHints":{"allow":["GET"]}}],"collection":[{"href":"https:\/\/www.europesays.com\/es\/wp-json\/wp\/v2\/posts"}],"about":[{"href":"https:\/\/www.europesays.com\/es\/wp-json\/wp\/v2\/types\/post"}],"author":[{"embeddable":true,"href":"https:\/\/www.europesays.com\/es\/wp-json\/wp\/v2\/users\/2"}],"replies":[{"embeddable":true,"href":"https:\/\/www.europesays.com\/es\/wp-json\/wp\/v2\/comments?post=257840"}],"version-history":[{"count":0,"href":"https:\/\/www.europesays.com\/es\/wp-json\/wp\/v2\/posts\/257840\/revisions"}],"wp:featuredmedia":[{"embeddable":true,"href":"https:\/\/www.europesays.com\/es\/wp-json\/wp\/v2\/media\/257841"}],"wp:attachment":[{"href":"https:\/\/www.europesays.com\/es\/wp-json\/wp\/v2\/media?parent=257840"}],"wp:term":[{"taxonomy":"category","embeddable":true,"href":"https:\/\/www.europesays.com\/es\/wp-json\/wp\/v2\/categories?post=257840"},{"taxonomy":"post_tag","embeddable":true,"href":"https:\/\/www.europesays.com\/es\/wp-json\/wp\/v2\/tags?post=257840"}],"curies":[{"name":"wp","href":"https:\/\/api.w.org\/{rel}","templated":true}]}}