{"id":257846,"date":"2025-11-27T02:43:12","date_gmt":"2025-11-27T02:43:12","guid":{"rendered":"https:\/\/www.europesays.com\/es\/257846\/"},"modified":"2025-11-27T02:43:12","modified_gmt":"2025-11-27T02:43:12","slug":"loquillo-me-considero-de-clase-obrera-absolutamente-y-es-algo-que-no-tiene-nada-que-ver-con-una-ideologia-u-otra-el-pais-semanal","status":"publish","type":"post","link":"https:\/\/www.europesays.com\/es\/257846\/","title":{"rendered":"Loquillo: \u201cMe considero de clase obrera. Absolutamente. Y es algo que no tiene nada que ver con una ideolog\u00eda u otra\u201d | EL PA\u00cdS Semanal"},"content":{"rendered":"<p class=\"\">Loquillo protagoniz\u00f3 el cuarto episodio de la nueva temporada de <a href=\"https:\/\/elpais.com\/videos\/2025-10-17\/segunda-temporada-de-tercer-acto-el-videopodcast-de-el-pais-semanal-sobre-el-valor-de-envejecer.html\" target=\"_self\" rel=\"nofollow noopener\" title=\"https:\/\/elpais.com\/videos\/2025-10-17\/segunda-temporada-de-tercer-acto-el-videopodcast-de-el-pais-semanal-sobre-el-valor-de-envejecer.html\">Tercer Acto<\/a>, el podcast sobre el valor de envejecer de EL PA\u00cdS Semanal. En esta ocasi\u00f3n el artista conversa con Fernando Navarro sobre sus or\u00edgenes, c\u00f3mo ve la muerte o su trayectoria en la m\u00fasica: \u201cEl verdadero tipo duro es, como cuenta Robert De Niro en Una historia del Bronx, el tipo que se levanta a las cinco de la ma\u00f1ana para mantener a su familia\u201d. El rockero asegura que ha crecido con esa mentalidad y que es eso lo que ha intentado inculcar a su hijo. <\/p>\n<p class=\"\">El catal\u00e1n destaca \u201cel valor del trabajo, el valor de la dignidad, el valor de ser de clase obrera\u201d. Y subraya que se siente de clase obrera: \u201cAbsolutamente, absolutamente. Y es algo que no tiene nada que ver con una ideolog\u00eda u otra. Ser de clase obrera es un ADN determinado. A m\u00ed nadie me ha regalado nada, de hecho a nosotros nos llamaban los hijos de nadie\u201d. Precisamente Hijos de nadie es el t\u00edtulo de una de sus canciones y de un libro de poemas que public\u00f3.<\/p>\n<blockquote class=\"tiktok-embed\" cite=\"https:\/\/www.tiktok.com\/@elpais\/video\/7572900335023426838\" data-video-id=\"7572900335023426838\" data-embed-from=\"oembed\" style=\"max-width:605px; min-width:325px;\"><p>  <a target=\"_blank\" title=\"@elpais\" href=\"https:\/\/www.tiktok.com\/@elpais?refer=embed\" rel=\"nofollow noopener\">@elpais<\/a> <\/p>\n<p>Loquillo: \u00abHe intentado traspasar tambi\u00e9n a mi hijo no el valor del trabajo: el valor de la dignidad, el valor de ser de clase obrera\u00bb En el cuarto episodio de esta temporada de \u2018Tercer Acto\u2019, Loquillo con Fernando Navarro sobre sus or\u00edgenes, c\u00f3mo ve la muerte o su trayectoria en la m\u00fasica: \u201cCuando vuelves al hotel est\u00e1s solo y eso solo puedes equilibrarlo con drogas y alcohol\u201d <a title=\"loquillo\" target=\"_blank\" href=\"https:\/\/www.tiktok.com\/tag\/loquillo?refer=embed\" rel=\"nofollow noopener\">#loquillo<\/a> <a title=\"terceracto\" target=\"_blank\" href=\"https:\/\/www.tiktok.com\/tag\/terceracto?refer=embed\" rel=\"nofollow noopener\">#terceracto<\/a> <a title=\"videopodcast\" target=\"_blank\" href=\"https:\/\/www.tiktok.com\/tag\/videopodcast?refer=embed\" rel=\"nofollow noopener\">#videopodcast<\/a> <a title=\"musicatiktok\" target=\"_blank\" href=\"https:\/\/www.tiktok.com\/tag\/musicatiktok?refer=embed\" rel=\"nofollow noopener\">#musicatiktok<\/a> <a title=\"musica\" target=\"_blank\" href=\"https:\/\/www.tiktok.com\/tag\/musica?refer=embed\" rel=\"nofollow noopener\">#musica<\/a> <\/p>\n<p> <a target=\"_blank\" title=\"\u266c sonido original - El Pa\u00eds\" href=\"https:\/\/www.tiktok.com\/music\/sonido-original-7572900324374661910?refer=embed\" rel=\"nofollow noopener\">\u266c sonido original &#8211; El Pa\u00eds<\/a>  <\/p><\/blockquote>\n<p class=\"\">Loquillo tambi\u00e9n habl\u00f3 de las dificultades de la vida de un artista: \u201cCuando vuelves al hotel est\u00e1s solo y eso solo puedes equilibrarlo con drogas y alcohol\u201d.<\/p>\n<p>M\u00e1s informaci\u00f3n<\/p>\n<p class=\"\">Tambi\u00e9n de las dificultades vitales que ha sufrido personalmente y que, dice, nada tiene que ver con las que ha padecido su familia, raz\u00f3n por la que no le gusta quejarse. \u201cNo me quejo. Me cabreo y me cago en todo, pero jam\u00e1s me quejo porque es que miro para atr\u00e1s y pienso: \u00bfde qu\u00e9 co\u00f1o me voy a quejar?. Hago lo que quiero\u201d, apunta. Puedes ver la primera temporada de <a href=\"https:\/\/elpais.com\/eps\/2025-06-17\/tercer-acto-o-el-valor-de-envejecer.html\" target=\"_self\" rel=\"nofollow noopener\" title=\"https:\/\/elpais.com\/eps\/2025-06-17\/tercer-acto-o-el-valor-de-envejecer.html\">\u2018Tercer acto\u2019, aqu\u00ed<\/a>.<\/p>\n<p><script async src=\"\/\/www.tiktok.com\/embed.js\"><\/script><\/p>\n","protected":false},"excerpt":{"rendered":"Loquillo protagoniz\u00f3 el cuarto episodio de la nueva temporada de Tercer Acto, el podcast sobre el valor de&hellip;\n","protected":false},"author":2,"featured_media":257847,"comment_status":"","ping_status":"","sticky":false,"template":"","format":"standard","meta":{"footnotes":""},"categories":[170],"tags":[3061,146,147,25,24,256,33025,64689,184,185,23],"class_list":{"0":"post-257846","1":"post","2":"type-post","3":"status-publish","4":"format-standard","5":"has-post-thumbnail","7":"category-musica","8":"tag-cantantes","9":"tag-entertainment","10":"tag-entretenimiento","11":"tag-es","12":"tag-espana","13":"tag-famosos","14":"tag-loquillo","15":"tag-loquillo-y-los-trogloditas","16":"tag-music","17":"tag-musica","18":"tag-spain"},"share_on_mastodon":{"url":"https:\/\/pubeurope.com\/@es\/115619365279556851","error":""},"_links":{"self":[{"href":"https:\/\/www.europesays.com\/es\/wp-json\/wp\/v2\/posts\/257846","targetHints":{"allow":["GET"]}}],"collection":[{"href":"https:\/\/www.europesays.com\/es\/wp-json\/wp\/v2\/posts"}],"about":[{"href":"https:\/\/www.europesays.com\/es\/wp-json\/wp\/v2\/types\/post"}],"author":[{"embeddable":true,"href":"https:\/\/www.europesays.com\/es\/wp-json\/wp\/v2\/users\/2"}],"replies":[{"embeddable":true,"href":"https:\/\/www.europesays.com\/es\/wp-json\/wp\/v2\/comments?post=257846"}],"version-history":[{"count":0,"href":"https:\/\/www.europesays.com\/es\/wp-json\/wp\/v2\/posts\/257846\/revisions"}],"wp:featuredmedia":[{"embeddable":true,"href":"https:\/\/www.europesays.com\/es\/wp-json\/wp\/v2\/media\/257847"}],"wp:attachment":[{"href":"https:\/\/www.europesays.com\/es\/wp-json\/wp\/v2\/media?parent=257846"}],"wp:term":[{"taxonomy":"category","embeddable":true,"href":"https:\/\/www.europesays.com\/es\/wp-json\/wp\/v2\/categories?post=257846"},{"taxonomy":"post_tag","embeddable":true,"href":"https:\/\/www.europesays.com\/es\/wp-json\/wp\/v2\/tags?post=257846"}],"curies":[{"name":"wp","href":"https:\/\/api.w.org\/{rel}","templated":true}]}}