{"id":257852,"date":"2025-11-27T02:52:34","date_gmt":"2025-11-27T02:52:34","guid":{"rendered":"https:\/\/www.europesays.com\/es\/257852\/"},"modified":"2025-11-27T02:52:34","modified_gmt":"2025-11-27T02:52:34","slug":"caceres-participa-en-un-encuentro-empresarial-transfronterizo-en-castelo-branco-con-mas-de-100-empresas-rayanas-asistentes","status":"publish","type":"post","link":"https:\/\/www.europesays.com\/es\/257852\/","title":{"rendered":"C\u00e1ceres participa en un encuentro empresarial transfronterizo en Castelo Branco con m\u00e1s de 100 empresas rayanas asistentes"},"content":{"rendered":"<p style=\"font-weight: 400\"><strong>La jornada de trabajo surgi\u00f3 a propuesta del alcalde de C\u00e1ceres, Rafa Mateos, actual presidente de TRIURBIR<\/strong><\/p>\n<p style=\"font-weight: 400\"><strong>\u00a0<\/strong><\/p>\n<p style=\"font-weight: 400\">El alcalde de C\u00e1ceres, Rafa Mateos, ha participado\u00a0hoy\u00a0en un el\u00a0<strong>I Encuentro Hispano Portugu\u00e9s \u2018Innovaci\u00f3n, alianzas y oportunidades\u2019<\/strong>, celebrado en el municipio luso de Castelo Branco y enmarcado en la red\u00a0<strong>TRIURBIR<\/strong>\u00a0integrada por C\u00e1ceres, Plasencia, Castelo Branco y Portalegre.<\/p>\n<p style=\"font-weight: 400\">La jornada de trabajo se ha puesto en marcha a propuesta del alcalde cacere\u00f1o, que al asumir la presidencia de TRIURBIR plante\u00f3 la necesidad de que esta red transfronteriza se convirtiera en herramienta pr\u00e1ctica para el impulso de ambos territorios.<\/p>\n<p style=\"font-weight: 400\"><strong>\u201cSon muchos los puntos que tenemos con com\u00fan con nuestros vecinos de Castelo Branco y Portalegre y alianzas como TRIURBIR nos ayudan a reforzarlos. Pero entend\u00eda que esta red deb\u00eda dar un paso m\u00e1s y convertirse en trampol\u00edn para generar oportunidades de empleo y de crecimiento. En esta ocasi\u00f3n, nos hemos propuesto que empresas de ambos lados de la Raya pudieran entablar relaciones comerciales y abrir nuevos mercados. Una idea que ha tenido una gran aceptaci\u00f3n en el empresariado cacere\u00f1o y que estoy convencido de que obtendr\u00e1 grandes frutos. Este encuentro me ha permitido adem\u00e1s explicar a nuestros vecinos portugueses por qu\u00e9 C\u00e1ceres es un lugar muy atractivo para invertir y qu\u00e9 proyectos estamos desarrollando\u201d<\/strong>, ha se\u00f1alado Mateos.<\/p>\n<p style=\"font-weight: 400\">\u00a0\u00a0\u00a0\u00a0\u00a0\u00a0\u00a0\u00a0\u00a0\u00a0\u00a0\u00a0As\u00ed, y de la mano de la\u00a0<strong>C\u00e1mara de Comercio de C\u00e1ceres y de la Oficina de Europa Direct del Ayuntamiento cacere\u00f1o<\/strong>, se ha logrado reunir a m\u00e1s de cien empresas de la provincia de C\u00e1ceres y de las zonas lim\u00edtrofes del territorio portugu\u00e9s, que han participado en\u00a0<strong>sesiones de networking y mesas de debate<\/strong>\u00a0con el fin de buscar sinergias empresariales y sociales.<\/p>\n<p style=\"font-weight: 400\">\u00a0\u00a0\u00a0\u00a0\u00a0\u00a0\u00a0\u00a0\u00a0\u00a0\u00a0\u00a0Mateos ha intervenido en el foro de debate titulado\u00a0<strong>\u2018Construyendo puentes desde lo local: pol\u00edticas municipales para el desarrollo transfronterizo de La Raya\u2019<\/strong>\u00a0en el que ha explicado cu\u00e1les son las fortalezas de nuestra ciudad, las posibilidades de negocio que hay, los proyectos que se est\u00e1n desarrollando y los retos de futuro que afrontamos. Nuestra situaci\u00f3n estrat\u00e9gica entre Madrid y Lisboa, el impulso a los pol\u00edgonos con la ampliaci\u00f3n de suelo industrial, las posibilidades que ofrece Aldealab o polos de investigaci\u00f3n como el CCMI o el CIIAE, son algunos elementos que han resultado m\u00e1s atractivos para los asistentes al encuentro hispanoluso.<\/p>\n<p style=\"font-weight: 400\">El alcalde ha detallado adem\u00e1s c\u00f3mo la candidatura de C\u00e1ceres en 2031 puede ser un impulso contundente para esta zona transfronteriza. Cabe recordar que TRIURBIR ya firm\u00f3 la adhesi\u00f3n a la candidatura en la reciente reuni\u00f3n que mantuvo la red en C\u00e1ceres, en la que Mateos asumi\u00f3 la presidencia del grupo.<\/p>\n","protected":false},"excerpt":{"rendered":"La jornada de trabajo surgi\u00f3 a propuesta del alcalde de C\u00e1ceres, Rafa Mateos, actual presidente de TRIURBIR \u00a0&hellip;\n","protected":false},"author":2,"featured_media":257853,"comment_status":"","ping_status":"","sticky":false,"template":"","format":"standard","meta":{"footnotes":""},"categories":[5],"tags":[17,18,25,24,13,14,11,19,20,9,10,15,16,23,12,21,22],"class_list":{"0":"post-257852","1":"post","2":"type-post","3":"status-publish","4":"format-standard","5":"has-post-thumbnail","7":"category-titulares","8":"tag-breaking-news","9":"tag-breakingnews","10":"tag-es","11":"tag-espana","12":"tag-featured-news","13":"tag-featurednews","14":"tag-headlines","15":"tag-latest-news","16":"tag-latestnews","17":"tag-news","18":"tag-noticias","19":"tag-noticias-destacadas","20":"tag-noticiasdestacadas","21":"tag-spain","22":"tag-titulares","23":"tag-ultimas-noticias","24":"tag-ultimasnoticias"},"share_on_mastodon":{"url":"https:\/\/pubeurope.com\/@es\/115619400442665871","error":""},"_links":{"self":[{"href":"https:\/\/www.europesays.com\/es\/wp-json\/wp\/v2\/posts\/257852","targetHints":{"allow":["GET"]}}],"collection":[{"href":"https:\/\/www.europesays.com\/es\/wp-json\/wp\/v2\/posts"}],"about":[{"href":"https:\/\/www.europesays.com\/es\/wp-json\/wp\/v2\/types\/post"}],"author":[{"embeddable":true,"href":"https:\/\/www.europesays.com\/es\/wp-json\/wp\/v2\/users\/2"}],"replies":[{"embeddable":true,"href":"https:\/\/www.europesays.com\/es\/wp-json\/wp\/v2\/comments?post=257852"}],"version-history":[{"count":0,"href":"https:\/\/www.europesays.com\/es\/wp-json\/wp\/v2\/posts\/257852\/revisions"}],"wp:featuredmedia":[{"embeddable":true,"href":"https:\/\/www.europesays.com\/es\/wp-json\/wp\/v2\/media\/257853"}],"wp:attachment":[{"href":"https:\/\/www.europesays.com\/es\/wp-json\/wp\/v2\/media?parent=257852"}],"wp:term":[{"taxonomy":"category","embeddable":true,"href":"https:\/\/www.europesays.com\/es\/wp-json\/wp\/v2\/categories?post=257852"},{"taxonomy":"post_tag","embeddable":true,"href":"https:\/\/www.europesays.com\/es\/wp-json\/wp\/v2\/tags?post=257852"}],"curies":[{"name":"wp","href":"https:\/\/api.w.org\/{rel}","templated":true}]}}