{"id":257856,"date":"2025-11-27T03:01:15","date_gmt":"2025-11-27T03:01:15","guid":{"rendered":"https:\/\/www.europesays.com\/es\/257856\/"},"modified":"2025-11-27T03:01:15","modified_gmt":"2025-11-27T03:01:15","slug":"la-euroliga-asiste-a-su-segunda-dimision-en-tres-dias-se-acabo-la-era-obradovic-mundo-deportivo","status":"publish","type":"post","link":"https:\/\/www.europesays.com\/es\/257856\/","title":{"rendered":"La Euroliga asiste a su segunda dimisi\u00f3n en tres d\u00edas: \u00a1se acab\u00f3 la era Obradovic! &#8211; Mundo Deportivo"},"content":{"rendered":"<ol>\n<li><a href=\"https:\/\/news.google.com\/rss\/articles\/CBMizwFBVV95cUxPQXhpYjhYSnFjSGtaT3VkanBYQzl4R1lEM1lQZlJYalAzb0g2MTRhSGhRUWlDS2h4elN1QVZuVS1QYVNiOGtFLWFocUNhQlJoZ3dMTWlEbzU0VmR4OXp1OVR4cGNheEhZRVB1MWh2MjhiVjVvTlFXdWRuS1ZNdERCeGVEREtzRkh3Y002RGtGY01hVDN1MkE2Z2VpNTZ0Y3lsM0kyalhiS1pSWU1pZ1FjMTZjcTd4blFxLUU0bHA2UjU0bDlTbTBmYV82ZTNRdXPSAdwBQVVfeXFMUEVlTjdLRGdxY0pWbWVNYWdraVFOUzRTU19sX0E5Z3g5WmhOa0wza3ctdkxmLXllWHNKWTRfRlI3aDBPSGowU1lLSWRZYVhOblJZR0tiLUJub2g4WVBOS3JPMDc2ZHpRd2hRbk1sSFRjWGVvSlpMWWJfODJ6c2hzdWJTSG9yQklWd2NRSG5wbVVub2k2ZTQ5QUd1Nmw3emp3REtCVEVZSC1wRGhlaTRNMExpOGJBRzhGNWtrV0pJWkZtd2NzTlYxTG9NRnJScnlsb3dMNDFDR3hGOTFCcg?oc=5\" target=\"_blank\" rel=\"nofollow noopener\">La Euroliga asiste a su segunda dimisi\u00f3n en tres d\u00edas: \u00a1se acab\u00f3 la era Obradovic!<\/a>&nbsp;&nbsp;Mundo Deportivo<\/li>\n<li><a href=\"https:\/\/news.google.com\/rss\/articles\/CBMisAFBVV95cUxNWXNQWG13Z1UxTFlaWXRVa1VqOTBwWlhtTTJSb1pqUlk1NFVtT3dWTF96eEI4U3hJOFpzMXRPMVdsQWZ5TW1qOC1WaHBERU40SExzWVBVQjBPLUduRlZPNWh2bWRjVnkyNWxlWi16UVcxc2xLX0lsVFhMRkNjb3VNb2ViVjZfMWpFZUFrMEItcXNXLUNNQ1JEOHk5b3RyUEtRMUJjU2xmR0VlUFNKZmQ0Wg?oc=5\" target=\"_blank\" rel=\"nofollow noopener\">\u00a1Bombazo en la Euroliga! Obradovic dimite como entrenador del Partizan<\/a>&nbsp;&nbsp;MARCA<\/li>\n<li><a href=\"https:\/\/news.google.com\/rss\/articles\/CBMilwFBVV95cUxQN3k3ZS16UU5QdEdZdmozZ2VlSlFJaXdwWEMxZE5CSkhVNF8yU2ZPOTlvWk5MZzR5M2Eyc0hianZkMWNYR3l4dGlqQUFsZE5VOXR0dU1pTV9hZGpOMU1KajZjVkZCTUJMSGxKendvUi1DejFxdXRfX3FkUTUySVlLOTZEMEpQUjNQUnplN0RtaC1QT0Y2aWE40gGXAUFVX3lxTFBhc29KeFZDSDVNTGVoMnV6UWdKTGVwc0VVYmstb2U5dG1qSDNaYkEzRktEaFI5U0MzYUV6anRzdTRweUlYV0lvbk5VTmQyZ1E4Y2g1R2c1akRvbFJMcGR3dzN6ZWcwb1p6Qkg4ZHZqM0hQcmp3MjZQbFFrcGZBaHJGYWlVV2tGQ256RkEtX3Q5VnBnQjU2MUE?oc=5\" target=\"_blank\" rel=\"nofollow noopener\">Obradovic presenta su dimisi\u00f3n como entrenador del Partizan<\/a>&nbsp;&nbsp;El Mundo<\/li>\n<li><a href=\"https:\/\/news.google.com\/rss\/articles\/CBMikwFBVV95cUxQSmxhTGFtQWEyRktzZ255WUFEdUJuYV9ZdjUxUG5DQnFVb2RPZjVTaTFmLTNfZGNGcHY2ZXBKbUVmdDRWa0RWSVM3NFo5eXdVcW5HY0ZYNnB0YTNNUnNjWTZWMlpvUVM5T0JHeHd0T0lDTktfdERvZGFKN19yYWpJZWZDMWMyc3J3TW00d2JRUXFoYlk?oc=5\" target=\"_blank\" rel=\"nofollow noopener\">Adi\u00f3s a una leyenda: dimite Zeljko Obradovic<\/a>&nbsp;&nbsp;Diario AS<\/li>\n<li><a href=\"https:\/\/news.google.com\/rss\/articles\/CBMilwJBVV95cUxOUVVXdzkyY1M0M012aDRXdElYZmxaMzNpMG95eU5sNnJfVVh5N3pUV2tRMHdial82S1BlNXhjWC1PdHhDck5iTjZiNEpEUjdXSkM5dXB4OVNKZWgwZDNid1o2NnJoTl85aGRlNV9tU2paUVJDMnMzVlJJaG85bnZvS0I3ZVE0TEdmc09UaVpyRHFjZnMwLXBhM0hxUERBUVdEcEJLQzQwZ2dUcWFwSDliUWVJSW5QcTJ2b1lxN2ZrTVVwYkw2Z1VOVE1tYjdQanVLTDh0ZDg4NVRCQlI3TVJnNlc4QlZDbzI1RWx1WmI3dXF1ME1fSkcxRkVTNUU4SUpraDE4THhTQkhqSGtjVjRyWjhmb0dmSnfSAasCQVVfeXFMUHMyT2ZyNjlHdnNPRktsSXNCbEx3ejd2OXFQcTFqRWpWVmNCN2EyeWtOSUtES3kzMmpFbVpWX3VoZ3poZUhyYjQ2QkFVaXVtdHNaVnBRX21FdVc2Zk1MTmlBc2hlSDhuVUR2UXBINjRLRldBYXdicEVjcDk5dUF0ZXBQVTJhWWMxdHhKWGRfYVRQUDZXa2xLTGtickRPLU53QVpQX050MFZEZEt5SmVGWUhwTzZkTHdsQ09yRnJmNjhQMlczTG9ZQUJzUDBGQ3dHZjJ0cG9hWXlaU3BOSmtweFl2VEpPYnF0VEVVZG9IWEw1MUhnMGluLWhIbDZOanlVTFJNR2FNbWd5aUNVYnZ0bkVxNWstN1JKRVlfWjFsbVhWSnY0Ti03cGRfUzA?oc=5\" target=\"_blank\" rel=\"nofollow noopener\">Dos hist\u00f3ricos de los banquillos dicen adi\u00f3s con 48 horas de diferencia: Obradovic sigue a Messina y dimite como entrenador de Partiz\u00e1n<\/a>&nbsp;&nbsp;Cadena SER<\/li>\n<\/ol>\n","protected":false},"excerpt":{"rendered":"La Euroliga asiste a su segunda dimisi\u00f3n en tres d\u00edas: \u00a1se acab\u00f3 la era Obradovic!&nbsp;&nbsp;Mundo Deportivo \u00a1Bombazo en&hellip;\n","protected":false},"author":2,"featured_media":257857,"comment_status":"","ping_status":"","sticky":false,"template":"","format":"standard","meta":{"footnotes":""},"categories":[268],"tags":[168,25,24,280,282,281,23,167],"class_list":{"0":"post-257856","1":"post","2":"type-post","3":"status-publish","4":"format-standard","5":"has-post-thumbnail","7":"category-futbol","8":"tag-deportes","9":"tag-es","10":"tag-espana","11":"tag-football","12":"tag-futbol","13":"tag-soccer","14":"tag-spain","15":"tag-sports"},"share_on_mastodon":{"url":"https:\/\/pubeurope.com\/@es\/115619435941204324","error":""},"_links":{"self":[{"href":"https:\/\/www.europesays.com\/es\/wp-json\/wp\/v2\/posts\/257856","targetHints":{"allow":["GET"]}}],"collection":[{"href":"https:\/\/www.europesays.com\/es\/wp-json\/wp\/v2\/posts"}],"about":[{"href":"https:\/\/www.europesays.com\/es\/wp-json\/wp\/v2\/types\/post"}],"author":[{"embeddable":true,"href":"https:\/\/www.europesays.com\/es\/wp-json\/wp\/v2\/users\/2"}],"replies":[{"embeddable":true,"href":"https:\/\/www.europesays.com\/es\/wp-json\/wp\/v2\/comments?post=257856"}],"version-history":[{"count":0,"href":"https:\/\/www.europesays.com\/es\/wp-json\/wp\/v2\/posts\/257856\/revisions"}],"wp:featuredmedia":[{"embeddable":true,"href":"https:\/\/www.europesays.com\/es\/wp-json\/wp\/v2\/media\/257857"}],"wp:attachment":[{"href":"https:\/\/www.europesays.com\/es\/wp-json\/wp\/v2\/media?parent=257856"}],"wp:term":[{"taxonomy":"category","embeddable":true,"href":"https:\/\/www.europesays.com\/es\/wp-json\/wp\/v2\/categories?post=257856"},{"taxonomy":"post_tag","embeddable":true,"href":"https:\/\/www.europesays.com\/es\/wp-json\/wp\/v2\/tags?post=257856"}],"curies":[{"name":"wp","href":"https:\/\/api.w.org\/{rel}","templated":true}]}}