{"id":257860,"date":"2025-11-27T03:06:32","date_gmt":"2025-11-27T03:06:32","guid":{"rendered":"https:\/\/www.europesays.com\/es\/257860\/"},"modified":"2025-11-27T03:06:32","modified_gmt":"2025-11-27T03:06:32","slug":"como-elige-dua-lipa-las-canciones-locales-para-sus-conciertos-en-latinoamerica","status":"publish","type":"post","link":"https:\/\/www.europesays.com\/es\/257860\/","title":{"rendered":"\u00bfC\u00f3mo elige Dua Lipa las canciones locales para sus conciertos en Latinoam\u00e9rica?"},"content":{"rendered":"<p>      CNN Espa\u00f1ol<br \/>\n        \u00a0\u2014\u00a0<\/p>\n<p class=\"paragraph inline-placeholder vossi-paragraph\" data-uri=\"es.cms.cnn.com\/_components\/paragraph\/instances\/cmi8wk2ez004m26p5861wcy6c@published\" data-editable=\"text\" data-component-name=\"paragraph\" data-article-gutter=\"true\">\n            La cantante Dua Lipa ha sorprendido a sus fans en Latinoam\u00e9rica y el mundo con el paso de su tour \u201cRadical Optimism\u201d, que recorre su \u00faltimo disco hom\u00f3nimo y tambi\u00e9n sus mayores hits como \u201cNew Rules\u201d o \u201cBe the One\u201d. Pero esto no solo ha sido por la calidad vocal y la presencia esc\u00e9nica de la artista brit\u00e1nica de origen alban\u00e9s: sino que tambi\u00e9n por los covers de canciones locales del pa\u00eds que visita.\n    <\/p>\n<p class=\"paragraph inline-placeholder vossi-paragraph\" data-uri=\"es.cms.cnn.com\/_components\/paragraph\/instances\/cmi8x78ai00083b6iccyfmm5s@published\" data-editable=\"text\" data-component-name=\"paragraph\" data-article-gutter=\"true\">\n            Desde Green Day hasta TLC, pasando por AC\/DC, la cantante ha realizado al menos 57 covers durante toda su gira, todos vinculados a alg\u00fan artista local y, en m\u00e1s de una ocasi\u00f3n, incluso comparti\u00f3 escenario con los int\u00e9rpretes originales.\n    <\/p>\n<p class=\"paragraph inline-placeholder vossi-paragraph\" data-uri=\"es.cms.cnn.com\/_components\/paragraph\/instances\/cmi8x78aj00093b6iquhfxr6h@published\" data-editable=\"text\" data-component-name=\"paragraph\" data-article-gutter=\"true\">\n            Seg\u00fan una reciente entrevista <a href=\"https:\/\/variety.com\/2025\/music\/news\/dua-lipa-56-covers-tour-green-day-tlc-acdc-1236554566\/\" target=\"_blank\" rel=\"nofollow noopener\">que la cantante dio a la revista \u201cVariety\u201d<\/a>, ella misma \u201ctuvo que aprender canciones en idiomas que no habla, y no cualquier canci\u00f3n, sino canciones emblem\u00e1ticas que muestran respeto por las ciudades y los pa\u00edses anfitriones\u201d.\n    <\/p>\n<p class=\"paragraph inline-placeholder vossi-paragraph\" data-uri=\"es.cms.cnn.com\/_components\/paragraph\/instances\/cmi8x78aj000a3b6i6b802qw8@published\" data-editable=\"text\" data-component-name=\"paragraph\" data-article-gutter=\"true\">\n            Dua Lipa, de 30 a\u00f1os, se\u00f1al\u00f3 a la revista que \u201cfue idea m\u00eda. Se me ocurri\u00f3 simplemente porque hab\u00eda grabado una canci\u00f3n para los American Country Music Awards con Chris Stapleton y me lo pas\u00e9 tan bien que se lo propuse al grupo y al equipo: \u00bfno ser\u00eda divertido tocar cada noche una canci\u00f3n diferente? Y todos me dijeron que era un proyecto bastante ambicioso\u201d.\n    <\/p>\n<p class=\"paragraph inline-placeholder vossi-paragraph\" data-uri=\"es.cms.cnn.com\/_components\/paragraph\/instances\/cmi8x78aj000b3b6i2mavb289@published\" data-editable=\"text\" data-component-name=\"paragraph\" data-article-gutter=\"true\">\n            Sobre qui\u00e9n elige las canciones que se cantar\u00e1n en cada pa\u00eds, la cantante se\u00f1al\u00f3 a la revista que \u201cal final, sin duda es un trabajo en equipo, pero antes de cada etapa de la gira, hago una peque\u00f1a lista de reproducci\u00f3n, aunque cuando empezamos a hacerlo, en Australia, est\u00e1bamos todos juntos en la sala de ensayo: \u2018\u00a1Hagamos \u00abHighway to Hell\u00bb [de AC\/DC]!\u2019, porque nos parec\u00eda una locura. As\u00ed que nos levantamos y la ensayamos, y luego dijimos: \u2018Probemos con otra cosa\u2019. Al final no la tocamos, pero creo que era de Savage Garden. Luego tocamos \u00abNever Tear Us Apart\u00bb de INXS y despu\u00e9s fuimos a Nueva Zelandia y tocamos \u00abRoyals\u00bb [de Lorde] y \u00abDon\u2019t Dream It\u2019s Over\u00bb [el \u00e9xito de Crowded House de 1986]\u201d, explic\u00f3 Dua Lipa.\n    <\/p>\n<p>       <img decoding=\"async\" src=\"https:\/\/www.europesays.com\/es\/wp-content\/uploads\/2025\/11\/dua-lipa-gettyimages-2245298505.jpg\" alt=\"Dua Lipa en su concierto en en Buenos Aires, Argentina.\" class=\"image__dam-img image__dam-img--loading\" onload=\"this.classList.remove('image__dam-img--loading')\" onerror=\"imageLoadError(this)\" height=\"3303\" width=\"4954\" loading=\"lazy\"\/><\/p>\n<p class=\"paragraph inline-placeholder vossi-paragraph\" data-uri=\"es.cms.cnn.com\/_components\/paragraph\/instances\/cmi8x78aj000c3b6ilv3iic4k@published\" data-editable=\"text\" data-component-name=\"paragraph\" data-article-gutter=\"true\">\n            Sin ir muy lejos, en Buenos Aires, Argentina, el p\u00fablico vibr\u00f3 con la canci\u00f3n \u201cDe m\u00fasica ligera\u201d de Soda Stereo, uno de los mayores himnos del rock latinoamericano. Adem\u00e1s, en su otro show en el mismo pa\u00eds, cant\u00f3 la canci\u00f3n \u201cTu misterioso alguien\u201d, de Miranda!.\n    <\/p>\n<p class=\"paragraph inline-placeholder vossi-paragraph\" data-uri=\"es.cms.cnn.com\/_components\/paragraph\/instances\/cmi8x78aj000d3b6iet8pzh7e@published\" data-editable=\"text\" data-component-name=\"paragraph\" data-article-gutter=\"true\">\n            \u201cNos hab\u00edamos llamado para ver si pod\u00edamos ir a cantar, pero no pod\u00edamos porque ten\u00edamos un show muy importante en Chile. As\u00ed que nada, dijimos \u2018bueno, nos la perdemos\u2019. Y despu\u00e9s el mismo d\u00eda del concierto, vimos un par de videos de que ella la hab\u00eda topado en la prueba de sonido\u2026 No pod\u00edamos cancelar lo otro. Igual le dijimos qu\u00e9 honor, mil disculpas, pero ten\u00edamos este otro compromiso. Y cuando terminamos de tocar en Santiago viene Juli y me dice que Dua Lipa toc\u00f3 nuestra canci\u00f3n. No lo pod\u00edamos creer\u201d,<a href=\"https:\/\/www.facebook.com\/watch\/?v=1163047018734936\" target=\"_blank\" rel=\"nofollow noopener\"> dijo Ale Sergi, de Miranda!, en una entrevista a una radio local.<\/a>\n    <\/p>\n<p class=\"paragraph inline-placeholder vossi-paragraph\" data-uri=\"es.cms.cnn.com\/_components\/paragraph\/instances\/cmi8x78aj000e3b6i9seim9ll@published\" data-editable=\"text\" data-component-name=\"paragraph\" data-article-gutter=\"true\">\n            D\u00edas despu\u00e9s, en Santiago de Chile, la artista emocion\u00f3 a la audiencia con su versi\u00f3n de \u201cTu falta de querer\u201d, uno de los mayores \u00e9xitos de la cantautora chilena Mon Laferte. Y al d\u00eda siguiente, Dua Lipa escogi\u00f3 un cl\u00e1sico chileno de la banda \u201cLa ley\u201d: \u201cEl duelo\u201d.\n    <\/p>\n<p class=\"paragraph inline-placeholder vossi-paragraph\" data-uri=\"es.cms.cnn.com\/_components\/paragraph\/instances\/cmi8x78aj000f3b6ihixjfol8@published\" data-editable=\"text\" data-component-name=\"paragraph\" data-article-gutter=\"true\">\n            \u201cFue una hermosa sorpresa. Debo confesar: Dua Lipa me invit\u00f3 a cantar con ella en Chile, pero yo no alcanzaba a ir. Yo me dec\u00eda \u2018no, no puede ser, \u00a1me estoy perdiendo de cantar con Dua Lipa!\u2019\u201d,<a href=\"https:\/\/www.instagram.com\/reel\/DRBKYVHjYHz\/\" target=\"_blank\" rel=\"nofollow noopener\"> dijo Mon Laferte en una entrevista<\/a>. \u201cCant\u00f3 con mucho sentimiento, se not\u00f3 que estaba viviendo la canci\u00f3n\u201d, asegur\u00f3 la chilena.\n    <\/p>\n<p class=\"paragraph inline-placeholder vossi-paragraph\" data-uri=\"es.cms.cnn.com\/_components\/paragraph\/instances\/cmi8x78aj000g3b6il8svzeh7@published\" data-editable=\"text\" data-component-name=\"paragraph\" data-article-gutter=\"true\">\n            Los fans, por otro lado, estuvieron m\u00e1s que satisfechos con el espect\u00e1culo.\n    <\/p>\n<p class=\"paragraph inline-placeholder vossi-paragraph\" data-uri=\"es.cms.cnn.com\/_components\/paragraph\/instances\/cmi8x78aj000h3b6iillxhin0@published\" data-editable=\"text\" data-component-name=\"paragraph\" data-article-gutter=\"true\">\n            \u201cTuve la suerte de ir al segundo concierto y si bien hab\u00eda escuchado que era un gran show, nunca imagin\u00e9 la calidad vocal, esc\u00e9nica, el vestuario y toda la energ\u00eda que le pone Dua Lipa junto a todos sus bailarines y m\u00fasicos. Es espectacular de principio a fin, las dos horas se pasan volando\u201d, afirma Felipe D\u00edaz a CNN, uno de los seguidores chilenos que acudi\u00f3 al segundo concierto.\n    <\/p>\n<p class=\"paragraph inline-placeholder vossi-paragraph\" data-uri=\"es.cms.cnn.com\/_components\/paragraph\/instances\/cmi8x78aj000i3b6ijlferfrh@published\" data-editable=\"text\" data-component-name=\"paragraph\" data-article-gutter=\"true\">\n            \u201cSoy fan de Dua desde su primer \u00e1lbum hom\u00f3nimo y estos dos conciertos que brind\u00f3 este a\u00f1o fueron una prueba de su enorme evoluci\u00f3n como artista. Asist\u00ed a su show en el a\u00f1o 2022 en el Estadio Bicentenario y desde entonces no ha parado de crecer y profesionalizarse m\u00e1s\u201d, afirma Mat\u00edas Riquelme, otro fan que tambi\u00e9n lleg\u00f3 al show de la artista.\n    <\/p>\n<p class=\"paragraph inline-placeholder vossi-paragraph\" data-uri=\"es.cms.cnn.com\/_components\/paragraph\/instances\/cmi8x78aj000j3b6i3ddvs2m2@published\" data-editable=\"text\" data-component-name=\"paragraph\" data-article-gutter=\"true\">\n            A continuaci\u00f3n, una lista de los covers que ha interpretado Dua Lipa en diferentes pa\u00edses, incluyendo su tramo por Latinoam\u00e9rica:\n    <\/p>\n<p class=\"paragraph inline-placeholder vossi-paragraph\" data-uri=\"es.cms.cnn.com\/_components\/paragraph\/instances\/cmi8x78aj000k3b6ikrnhuwj6@published\" data-editable=\"text\" data-component-name=\"paragraph\" data-article-gutter=\"true\">\n            Argentina | \u201cDe m\u00fasica ligera\u201d | Soda Stereo |<br \/>Argentina | \u201cTu misterioso alguien\u201d | Miranda! |<br \/>Chile | \u201cTu falta de querer\u201d | Mon Laferte |<br \/>Chile | \u201cEl duelo\u201d | La Ley |<br \/>Australia (Melbourne) | \u201cHighway to Hell\u201d | AC\/DC |<br \/>Australia (Melbourne) | \u201cTorn\u201d | Natalie Imbruglia |<br \/>Australia (Melbourne) | \u201cCan\u2019t Get You Out of My Head\u201d | Kylie Minogue |<br \/>Nueva Zelanda (Auckland) | \u201cRoyals\u201d | Lorde |<br \/>Nueva Zelanda (Auckland) | \u201cDon\u2019t Dream It\u2019s Over\u201d | Crowded House |<br \/>Espa\u00f1a (Madrid) | \u201cH\u00e9roe\u201d | Enrique Iglesias |<br \/>Espa\u00f1a (Madrid) | \u201cMe Gustas T\u00fa\u201d | Manu Chao |<br \/>Italia (Mil\u00e1n) | \u201cA far l\u2019amore comincia tu\u201d | Raffaella Carr\u00e0 |<br \/>Estados Unidos (Chicago) | \u201cSeptember\u201d | Earth, Wind &amp; Fire |<br \/>Estados Unidos (Boston) | \u201cI Don\u2019t Want to Miss a Thing\u201d | Aerosmith |<br \/>Estados Unidos (Miami) | \u201cConga\u201d | Gloria Estefan |<br \/>Estados Unidos (Los \u00c1ngeles) | \u201cDon\u2019t Speak\u201d (con Gwen Stefani) | No Doubt |<br \/>Estados Unidos (San Francisco) | \u201cWake Me Up When September Ends\u201d with Billie Joe Armstrong<br \/>S\u00e3o Paulo &#8211; \u201cMagalenha\u201d de S\u00e9rgio Mendes junto a Carlinhos Brown y \u201cMargarida Perfumada\u201d junto a Caetano Veloso.\n    <\/p>\n<p class=\"paragraph inline-placeholder vossi-paragraph\" data-uri=\"es.cms.cnn.com\/_components\/paragraph\/instances\/cmi8x78aj000l3b6intuvgowk@published\" data-editable=\"text\" data-component-name=\"paragraph\" data-article-gutter=\"true\">\n            El tour Radical Optimism a\u00fan tiene un tramo antes de acabar. <a href=\"https:\/\/www.dualipa.com\/tour\/\" target=\"_blank\" rel=\"nofollow noopener\">El 15 de noviembre Dua Lipa estar\u00e1<\/a> en el Estadio Morumbis de S\u00e3o Paulo, el 22 de noviembre en R\u00edo de Janeiro, el 25 de noviembre en Per\u00fa, el 28 de noviembre en Colombia, el 1, 2 y 5 de diciembre en Ciudad de M\u00e9xico.\n    <\/p>\n<p>              <script async src=\"\/\/www.instagram.com\/embed.js\"><\/script><\/p>\n","protected":false},"excerpt":{"rendered":"CNN Espa\u00f1ol \u00a0\u2014\u00a0 La cantante Dua Lipa ha sorprendido a sus fans en Latinoam\u00e9rica y el mundo con&hellip;\n","protected":false},"author":2,"featured_media":257861,"comment_status":"","ping_status":"","sticky":false,"template":"","format":"standard","meta":{"footnotes":""},"categories":[170],"tags":[14008,146,147,25,24,150,184,185,23],"class_list":{"0":"post-257860","1":"post","2":"type-post","3":"status-publish","4":"format-standard","5":"has-post-thumbnail","7":"category-musica","8":"tag-dua-lipa","9":"tag-entertainment","10":"tag-entretenimiento","11":"tag-es","12":"tag-espana","13":"tag-instanoticias","14":"tag-music","15":"tag-musica","16":"tag-spain"},"share_on_mastodon":{"url":"https:\/\/pubeurope.com\/@es\/115619455926909580","error":""},"_links":{"self":[{"href":"https:\/\/www.europesays.com\/es\/wp-json\/wp\/v2\/posts\/257860","targetHints":{"allow":["GET"]}}],"collection":[{"href":"https:\/\/www.europesays.com\/es\/wp-json\/wp\/v2\/posts"}],"about":[{"href":"https:\/\/www.europesays.com\/es\/wp-json\/wp\/v2\/types\/post"}],"author":[{"embeddable":true,"href":"https:\/\/www.europesays.com\/es\/wp-json\/wp\/v2\/users\/2"}],"replies":[{"embeddable":true,"href":"https:\/\/www.europesays.com\/es\/wp-json\/wp\/v2\/comments?post=257860"}],"version-history":[{"count":0,"href":"https:\/\/www.europesays.com\/es\/wp-json\/wp\/v2\/posts\/257860\/revisions"}],"wp:featuredmedia":[{"embeddable":true,"href":"https:\/\/www.europesays.com\/es\/wp-json\/wp\/v2\/media\/257861"}],"wp:attachment":[{"href":"https:\/\/www.europesays.com\/es\/wp-json\/wp\/v2\/media?parent=257860"}],"wp:term":[{"taxonomy":"category","embeddable":true,"href":"https:\/\/www.europesays.com\/es\/wp-json\/wp\/v2\/categories?post=257860"},{"taxonomy":"post_tag","embeddable":true,"href":"https:\/\/www.europesays.com\/es\/wp-json\/wp\/v2\/tags?post=257860"}],"curies":[{"name":"wp","href":"https:\/\/api.w.org\/{rel}","templated":true}]}}