{"id":257862,"date":"2025-11-27T03:07:15","date_gmt":"2025-11-27T03:07:15","guid":{"rendered":"https:\/\/www.europesays.com\/es\/257862\/"},"modified":"2025-11-27T03:07:15","modified_gmt":"2025-11-27T03:07:15","slug":"asi-es-la-fiera-pelicula-protagonizada-por-miguel-angel-silvestre-carlos-cuevas-y-miguel-bernardeau","status":"publish","type":"post","link":"https:\/\/www.europesays.com\/es\/257862\/","title":{"rendered":"As\u00ed es \u00abLa fiera\u00bb, pel\u00edcula protagonizada por Miguel \u00c1ngel Silvestre, Carlos Cuevas y Miguel Bernardeau"},"content":{"rendered":"<p>El pr\u00f3ximo 6 de febrero llega a las salas una de las grandes apuestas del cine espa\u00f1ol: <b>\u00abLa fiera\u00bb<\/b>, cinta dirigida por el ganador del Goya Salvador Calvo (\u00abValle de sombras\u00bb) y producida por Atresmedia Cine y MOD Producciones. Protagonizada por <a title=\"Carlos Cuevas\" href=\"https:\/\/www.larazon.es\/television\/20210405\/arrnz76edvdlfcuotdsebhoem4.html\" target=\"_blank\" rel=\"nofollow noopener\">Carlos Cuevas<\/a>, Miguel Bernardeau y Miguel \u00c1ngel Silvestre, el reparto se completa con Candela Gonz\u00e1lez, St\u00e9phanie Magnin, David Marc\u00e9 y la colaboraci\u00f3n especial de Jos\u00e9 Manuel Poga. Con guion de Alejandro Hern\u00e1ndez, la pel\u00edcula est\u00e1 inspirada en una historia real y relata la amistad y la pasi\u00f3n compartida por los pioneros del salto BASE con traje de alas en Espa\u00f1a.<\/p>\n<p>La trama sigue los pasos de Carlos, quien ha dedicado su juventud a la escalada, hasta que descubre la experiencia m\u00e1s cercana a volar: el salto B.A.S.E. con traje de alas. Sus amigos Dar\u00edo y Armando quedan tambi\u00e9n atrapados en la pr\u00e1ctica de este deporte extremo, ya que comparten con Carlos una misma filosof\u00eda de vida. \u00abLa fiera\u00bb<b> es la historia de estos amantes del riesgo<\/b>: Un relato real contado desde sus miedos y anhelos; un viaje duro y fascinante, lleno de v\u00e9rtigo y p\u00e1nico&#8230; pero que tambi\u00e9n nos acerca a la camarader\u00eda y la amistad desde lo m\u00e1s ancestral. Un viaje \u00e9pico alimentado del mejor conflicto posible: la lucha contra uno mismo.<\/p>\n<p>Con el lanzamiento del tr\u00e1iler, que se incluye al inicio de este art\u00edculo, se observa a los tres protagonistas hablando de un reto: el de saltar con el traje de alas, mientras se suceden im\u00e1genes de la pel\u00edcula donde se tiran desde grandes alturas para sobrevolar imponentes paisajes. Aporta adem\u00e1s detalles del filme que, adem\u00e1s de estar inspirado en una historia real, se desarrolla como una suerte de documental, pues cuenta con los testimonios de los personajes ante una c\u00e1mara, ante la que van relatando lo sucedido.<\/p>\n<p><img decoding=\"async\" loading=\"lazy\" src=\"https:\/\/www.europesays.com\/es\/wp-content\/uploads\/2025\/11\/escena-trailer-fiera_58.jpg\" alt=\"Escena del tr\u00e1iler de &quot;La fiera&quot;\" width=\"6048\" height=\"3402\"\/><b>Escena del tr\u00e1iler de \u00abLa fiera\u00bb<\/b>Nico de Assas<\/p>\n<p>La producci\u00f3n cuenta con la participaci\u00f3n de Atresmedia y Netflix, con la financiaci\u00f3n del Instituto de la Cinematograf\u00eda y de las Artes Audiovisuales O.A. \/ Ministerio de Cultura \/ Gobierno de Espa\u00f1a, con la financiaci\u00f3n de Arcano Financiaci\u00f3n Audiovisual y con la participaci\u00f3n de CREA SGR. Por su parte, el rodaje se ha desarrollado en localizaciones naturales de Espa\u00f1a (Arag\u00f3n, Castilla-La-Mancha, Castilla-Le\u00f3n, Comunidad de Madrid) y Suiza (Wallendstadt y Lauterbrunnen).<\/p>\n<p>De la mano de esta apuesta cinematogr\u00e1fica, Atresmedia Cine contin\u00faa, como durante los \u00faltimos 25 a\u00f1os, siendo uno de los principales motores de la industria cinematogr\u00e1fica espa\u00f1ola. Una productora del grupo Atresmedia que naci\u00f3 con el objetivo de fomentar el cine de nuestro pa\u00eds en la gran pantalla, y que durante los \u00faltimos 6 a\u00f1os ha ostentado el t\u00edtulo de l\u00edder de taquilla del cine espa\u00f1ol.<\/p>\n","protected":false},"excerpt":{"rendered":"El pr\u00f3ximo 6 de febrero llega a las salas una de las grandes apuestas del cine espa\u00f1ol: \u00abLa&hellip;\n","protected":false},"author":2,"featured_media":257863,"comment_status":"","ping_status":"","sticky":false,"template":"","format":"standard","meta":{"footnotes":""},"categories":[169],"tags":[177,146,147,25,24,176,175,23],"class_list":{"0":"post-257862","1":"post","2":"type-post","3":"status-publish","4":"format-standard","5":"has-post-thumbnail","7":"category-cine","8":"tag-cine","9":"tag-entertainment","10":"tag-entretenimiento","11":"tag-es","12":"tag-espana","13":"tag-film","14":"tag-movies","15":"tag-spain"},"share_on_mastodon":{"url":"https:\/\/pubeurope.com\/@es\/115619459726476378","error":""},"_links":{"self":[{"href":"https:\/\/www.europesays.com\/es\/wp-json\/wp\/v2\/posts\/257862","targetHints":{"allow":["GET"]}}],"collection":[{"href":"https:\/\/www.europesays.com\/es\/wp-json\/wp\/v2\/posts"}],"about":[{"href":"https:\/\/www.europesays.com\/es\/wp-json\/wp\/v2\/types\/post"}],"author":[{"embeddable":true,"href":"https:\/\/www.europesays.com\/es\/wp-json\/wp\/v2\/users\/2"}],"replies":[{"embeddable":true,"href":"https:\/\/www.europesays.com\/es\/wp-json\/wp\/v2\/comments?post=257862"}],"version-history":[{"count":0,"href":"https:\/\/www.europesays.com\/es\/wp-json\/wp\/v2\/posts\/257862\/revisions"}],"wp:featuredmedia":[{"embeddable":true,"href":"https:\/\/www.europesays.com\/es\/wp-json\/wp\/v2\/media\/257863"}],"wp:attachment":[{"href":"https:\/\/www.europesays.com\/es\/wp-json\/wp\/v2\/media?parent=257862"}],"wp:term":[{"taxonomy":"category","embeddable":true,"href":"https:\/\/www.europesays.com\/es\/wp-json\/wp\/v2\/categories?post=257862"},{"taxonomy":"post_tag","embeddable":true,"href":"https:\/\/www.europesays.com\/es\/wp-json\/wp\/v2\/tags?post=257862"}],"curies":[{"name":"wp","href":"https:\/\/api.w.org\/{rel}","templated":true}]}}