{"id":257866,"date":"2025-11-27T03:10:11","date_gmt":"2025-11-27T03:10:11","guid":{"rendered":"https:\/\/www.europesays.com\/es\/257866\/"},"modified":"2025-11-27T03:10:11","modified_gmt":"2025-11-27T03:10:11","slug":"gala-12-de-la-isla-de-las-tentaciones-9-avance-del-proximo-programa-y-ultima-hora-de-la-expulsion-de-mayeli-el-televisero","status":"publish","type":"post","link":"https:\/\/www.europesays.com\/es\/257866\/","title":{"rendered":"Gala 12 de &#039;La Isla de las Tentaciones 9&#039;: Avance del pr\u00f3ximo programa y \u00faltima hora de la expulsi\u00f3n de Mayeli &#8211; El Televisero"},"content":{"rendered":"<ol>\n<li><a href=\"https:\/\/news.google.com\/rss\/articles\/CBMi_wFBVV95cUxQMnNIbjh4SUJQZWpPTGI1RWFUYkpoWWxWZjFOREVkbkNrWjh5OXk2XzRUN0ZhU24za0RHaXY1TUtTcUNfb0tnbHZxd1lRXzFBdFZuaTlNT1FXOWNYVjcyTm5YUmlFLUMzeXlpVzJUeVh1Q3MycHIwOHh2M1ZRaDJwbmd0eUFSMDVWRG5lVXFzNEpDYXZ0OEZpaG56UWxLSDZoWERVTkdjUzdJSWkwVFVXeGtjdzJzckVtYjNmRXdsTURkek9zMWoyQ09XNTlRa3lXTTZFS1BhQXVzWks2eGMyMUotdi1tZVJ3WGg0S29xMEFmX3dzQzRNak5IM0xKTlHSAfIDQVVfeXFMTkp2elZta1QwYzRhVThqUTRvczF3bnNpeV90Y0ZQVVNydExwYmpOY05vMFltd3poeG81ZEVFTW9Hb213MzhOLUhhaXhQeW9UeXhObW5sXzRfRkN3S09jOEZOOTgyVUpIXzFieXQwRXdzRnBPcG82U0NwN0hqaXk0MmJxVl9xY0pBczZlejFkUmR2RlpCSk00a216SnRVMXU4TnRoejZ5WDc2dlE0MEZaNW8wSTlmRF9sMjJBTGtCUGIzMHFIWGZENEEzR0o4azBSTlhXWW5oYnNBYnR4TFJLR0tFWFZaNk5GWElBVzk2TkJJaW5NUVhaMUlpWGs1REx0RjVMNGdrS1R3Q0RvdDdIWk91WnFMR2Y1NThTQ19rN1BQSVNrMkpaOTQxZC1wNm8xLTBZQTB5SjMwN1RmLVI1UHlzaVdHWGdScjRvOGJJYnlBQjdSbVhTSkdFdVktVWlCTFBDc280NF81UWxHWFFQM1pQM1hsZnVyejUzdFFDSkoxM3F5TTdEcnJScEUyR1BacE44VVB2SG1ybGdPRmI3R1dGaURxQTNVVWZ3cUlLMmJRcDVKQkxBZEhIdFE1M2dlZHJUck8tVkwtU0h0N2dMTzhmcnNYMVh4UXc3OFRBcWRVRW5jUHFwM2dvNUxndmxndmtR?oc=5\" target=\"_blank\" rel=\"nofollow noopener\">Gala 12 de &#8216;La Isla de las Tentaciones 9&#8217;: Avance del pr\u00f3ximo programa y \u00faltima hora de la expulsi\u00f3n de Mayeli<\/a>&nbsp;&nbsp;El Televisero<\/li>\n<li><a href=\"https:\/\/news.google.com\/rss\/articles\/CBMiyAFBVV95cUxQVTZKLUgyZHZDUDJxeC1LUmplMWxoSW5fZDU5a1k4VlNnTjN0Qm5XeUcyeUthY2hnNlhId2plTU8tVHFUdndEZjBCbUFqU1dYNXEtdGR5Q0RpZmxodThRckp1S0tTXy0taW1JRS1FeTluWXRLYm81QlpjUjJQX2VuWHlqeWF1eEZENkRYckM5bGJqVloxSXZjamxwQmdtbTdsaHlDcFVMWnZobDBfaXZpS20yZnNTbWxJWUVBT2pwbmc4NnVzMVc4UNIB1AFBVV95cUxOVGxhZVVKd08tU2lGZVdVeEZxWTFJWkRSanNQNmxwRzZNejE2WE5Na0w4TTdaS18zRlhBSjZSR3JwcTRlZjVWeF9VN3d2amthaXhXN1BQb2I3T01HNDItamwwYUZrelhPZXlGbDBpeVMycmJ1ZmZwRjhheC1ZUjJURHI3akJQanZZRnVwZTJJbEN2SG03MGVLb2xwZ09hcG5OUy1ta3IzQUxVTWl4cjhBNFBNWGhjVDNUSmV0MEE0aTcwV0ptUjFQRXA1ZnJhaVBfZ05aVA?oc=5\" target=\"_blank\" rel=\"nofollow noopener\">&#8216;La isla de las tentaciones&#8217;: Temporada 9 programa 12, completo<\/a>&nbsp;&nbsp;Telecinco<\/li>\n<li><a href=\"https:\/\/news.google.com\/rss\/articles\/CBMi3wFBVV95cUxQdzhwaTVlbmtMVjcwbHd6amp5cUllZUZMTHhEb2N3RTV1YndNMmw4eHZBZG1WUFZTN2FZbGtsc1l1ck5XWDJGMlRodTdNZlU4VmZOR1FEbTl6cGlJc29fZ2o5Q2ZURmZueDNTNXp6SHpLUEtSTzRyeFhNT2NXWDA5VXR5VTQ5dFpCYk5Tdnl4TXBjRWJRU2hLOG1tNDJWVk5CSG9uaFRmNzQzQ0RUZmVzR0dkaVh6TlM5TEcwZ0gtd3pKblBrZmo1TmpXX24wdU5OSERwczl6eWp5MnE3U3Jz0gHzAUFVX3lxTFBFZ21iX3lzX05jRWE2TmNjOGlKMlFvSnFnN2RCRmozeXJEd1M3UXFYTFBlZVpNd25mZG04OFBQVlJvMmVmU2piNF9Xel9IUG1ldDRwTGVsRGpMTXJWR2FMdzRjV2l0Nmdub0FlVklwVlV2MmpOODJBNzBDTjVoOWtmbkRfVkJNc0NwMTNVSzkxeDlRYXY1WDN5TXJTM1ZPZURWWjNCNGl5MkxScWZmYTZ4Z0pDVVBOeWVjNTJyWEl0WHU0MW5ONGNUTms5VnVYQkN0RjZQWm1PTzZLQTJLV1ZqSXU5WlI5Z2lGY3phYzJ4VXpTWQ?oc=5\" target=\"_blank\" rel=\"nofollow noopener\">Sandra Barneda estalla en \u2018La isla de las tentaciones\u2019 contra una de las concursantes: \u201cEst\u00e1s expulsada\u201d<\/a>&nbsp;&nbsp;Diario AS<\/li>\n<li><a href=\"https:\/\/news.google.com\/rss\/articles\/CBMixAFBVV95cUxNWlcxNzBnMnJIYTE0VEp4bVJiYVlPaU8zVXFMQlR0SFdYVUJOeEtuYUJLN2VzclhqOWRETmptcUEyWG9ScU9aZGtxa3IzdzBJNTRQVUE4VHNlVl8zYTB5QUFRUE9Hcl90NkkwOUVKVDRBLWhCbnVLa1FCRmktR20zVnNDc09ZN2w5cTE1Y3p1RlNab28tSGt4Mi1sMjRxdEtqeVVSOTdrU2dVQmh5R3hIdVB6bjZtSWJrbURYZXVmOXJEdlBO0gHKAUFVX3lxTE5GTXVRTlFTcXpZRHdIQjhxbENvbmJiaDVGeGUwcEdhMW83aXNlRjhocUdfOHFZNWp6MXBUaDVTMVlxaHFtaUpzd2lRNmN3WElCWUwzUWxyNllseFNOaXowc0thaGF4NVFaTVBfLTJNZ0lvYnRBQmZ3dXl1d25ZbEFyM3R3TVZ0dXVQelQzZDlCNEZIRGRieW8zcHJRc2dlYnhxeTVXUFgtYTFEOGZBLV9mcFBNNHBwdUlxRUpOZVhOc2hTUmRXdmFfT3c?oc=5\" target=\"_blank\" rel=\"nofollow noopener\">Mayeli, expulsi\u00f3n fulminante (e hist\u00f3rica) en &#8216;La isla de las tentaciones&#8217;: revive el m\u00edtico momento de Indhira en &#8216;Gran Hermano&#8217;<\/a>&nbsp;&nbsp;El Confidencial<\/li>\n<li><a href=\"https:\/\/news.google.com\/rss\/articles\/CBMisAFBVV95cUxQbHpWOTAxM2pBMmY4cmVoZ2xrOHhORUtRbTVwRHFDQk5pZDVfa01QTkRHUWwtSEtkUzVwS1hMNWo3Rk91bENnemRxQjBld0trUXZfU0l4WmRsWlhHVklac3ZDbDBtYkdOS00yUmVSYTRiR1R3LUhuVU45WWxPQlZrR0R3UG1kSnFKY1lFMkRXdmFxVU54NlgtLUl3aDRZdjhfM3BBUHU1SnpmNnA0S1d3dtIBtgFBVV95cUxQbTBmYXNRX2VmbkFOMTcxU19QczJQdXUtajBHNk9wQWlieV9jYlQxRDBGZmdvTGN0czZQQ1d1Z2FWX2RvZzNEamxLNUdPRm5IY1o3UG9KT1lKUnM4NXFySm0zRmk2MmZYSzdtS1FvRi1Mam95bmljcHhuRjVXalcwalBWbzBCQWJUNU5CRVFpd0Q2QVpsYXplZ2hTS0JuazR3N2VDeWxINjR0eUtPNlNFTGhzcFlVZw?oc=5\" target=\"_blank\" rel=\"nofollow noopener\">Mayeli, expulsada de &#8216;La isla de las tentaciones&#8217; por un motivo ya visto otras veces: \u00bfha sido injusto?<\/a>&nbsp;&nbsp;El Peri\u00f3dico<\/li>\n<\/ol>\n","protected":false},"excerpt":{"rendered":"Gala 12 de &#8216;La Isla de las Tentaciones 9&#8217;: Avance del pr\u00f3ximo programa y \u00faltima hora de la&hellip;\n","protected":false},"author":2,"featured_media":248356,"comment_status":"","ping_status":"","sticky":false,"template":"","format":"standard","meta":{"footnotes":""},"categories":[91],"tags":[146,147,25,24,23],"class_list":{"0":"post-257866","1":"post","2":"type-post","3":"status-publish","4":"format-standard","5":"has-post-thumbnail","7":"category-entretenimiento","8":"tag-entertainment","9":"tag-entretenimiento","10":"tag-es","11":"tag-espana","12":"tag-spain"},"share_on_mastodon":{"url":"https:\/\/pubeurope.com\/@es\/115619471260946831","error":""},"_links":{"self":[{"href":"https:\/\/www.europesays.com\/es\/wp-json\/wp\/v2\/posts\/257866","targetHints":{"allow":["GET"]}}],"collection":[{"href":"https:\/\/www.europesays.com\/es\/wp-json\/wp\/v2\/posts"}],"about":[{"href":"https:\/\/www.europesays.com\/es\/wp-json\/wp\/v2\/types\/post"}],"author":[{"embeddable":true,"href":"https:\/\/www.europesays.com\/es\/wp-json\/wp\/v2\/users\/2"}],"replies":[{"embeddable":true,"href":"https:\/\/www.europesays.com\/es\/wp-json\/wp\/v2\/comments?post=257866"}],"version-history":[{"count":0,"href":"https:\/\/www.europesays.com\/es\/wp-json\/wp\/v2\/posts\/257866\/revisions"}],"wp:featuredmedia":[{"embeddable":true,"href":"https:\/\/www.europesays.com\/es\/wp-json\/wp\/v2\/media\/248356"}],"wp:attachment":[{"href":"https:\/\/www.europesays.com\/es\/wp-json\/wp\/v2\/media?parent=257866"}],"wp:term":[{"taxonomy":"category","embeddable":true,"href":"https:\/\/www.europesays.com\/es\/wp-json\/wp\/v2\/categories?post=257866"},{"taxonomy":"post_tag","embeddable":true,"href":"https:\/\/www.europesays.com\/es\/wp-json\/wp\/v2\/tags?post=257866"}],"curies":[{"name":"wp","href":"https:\/\/api.w.org\/{rel}","templated":true}]}}