{"id":257867,"date":"2025-11-27T03:12:14","date_gmt":"2025-11-27T03:12:14","guid":{"rendered":"https:\/\/www.europesays.com\/es\/257867\/"},"modified":"2025-11-27T03:12:14","modified_gmt":"2025-11-27T03:12:14","slug":"endesa-impide-la-entrada-de-monica-espinosa-como-vocal-independiente-al-consejo-de-indra","status":"publish","type":"post","link":"https:\/\/www.europesays.com\/es\/257867\/","title":{"rendered":"Endesa impide la entrada de M\u00f3nica Espinosa como vocal independiente al consejo de Indra"},"content":{"rendered":"<p><b>M\u00f3nica Helena Espinosa<\/b>, candidata a consejera independiente de <a href=\"https:\/\/www.eleconomista.es\/tecnologia\/noticias\/13664151\/11\/25\/indra-y-la-valenciana-s2grupo-sellan-un-acuerdo-estrategico-para-ciberdefensa.html\" rel=\"nofollow noopener\" target=\"_blank\"><b>Indra<\/b><\/a>, ha renunciado a entrar en el \u00f3rgano de mayor decisi\u00f3n de<b> la empresa despu\u00e9s de que Endesa se lo impidiera<\/b>, seg\u00fan ha trasladado por carta, en una informaci\u00f3n que ha remitido la Comisi\u00f3n Nacional del Mercado de Valores (CNMV).<\/p>\n<p>En la misiva, la que iba a ser vocal independiente en el consejo de Indra ha comunicado que <b>ser\u00e1 imposible aceptar el puesto de consejera<\/b> en la pr\u00f3xima junta de accionistas extraordinaria que se celebrar\u00e1 el 28 de noviembre.<\/p>\n<p><b>Endesa ha rechazado mi solicitud de incorporaci\u00f3n<\/b> al Consejo de Indra dado que esta es proveedor de Endesa, dato que yo desconoc\u00eda\u00bb, ha explicado Espinosa, que ha aclarado que la empresa el\u00e9ctrica le respondi\u00f3 este mismo mi\u00e9rcoles \u00aba pesar de haber enviado la solicitud cuando se inici\u00f3 el proceso\u00bb y tener la \u00abobligaci\u00f3n\u00bb de haber contestado \u00aben cinco d\u00edas\u00bb.<\/p>\n<p>M\u00f3nica Espinosa Caldas es licenciada en Medicina y Cirug\u00eda por la Universidad Aut\u00f3noma de Madrid y <b>en la actualidad es consejera independiente<\/b> y vocal de la Comisi\u00f3n de Auditor\u00eda, Riesgos y Sostenibilidad de Seguros Santaluc\u00eda, miembro del Consejo Asesor de &#8216;FOQUM&#8217; y de McKinsey Alumni. Antes de ello fue consejera ejecutiva de Enel Energ\u00eda, Enel Servici Elettrico y Sodea, as\u00ed como consejera independiente de Auqanex y Amper.<\/p>\n<p>\u00ab<b>Ha desarrollado la mayor parte de su carrera profesional en Endesa<\/b>, ostentando cargos directivos en estrategia, negocio y gesti\u00f3n tanto en Iberia como en Latinoam\u00e9rica. Tiene experiencia en el \u00e1mbito de la consultor\u00eda estrat\u00e9gica, en compa\u00f1\u00edas como McKinsey y Accenture\u00bb, detall\u00f3 entonces Indra.<\/p>\n<p>Con todo, Indra ha se\u00f1alado posteriormente que \u00abcomo consecuencia de esta circunstancia sobrevenida\u00bb, la composici\u00f3n del Consejo, en caso de resultar aprobadas las restantes propuestas, \u00abquedar\u00e1 integrada por quince miembros, <b>reduci\u00e9ndose el porcentaje de consejeros independientes<\/b> a un 46,66% y la presencia de mujeres a un 33,33%\u00bb.<\/p>\n<p>Esta composici\u00f3n, seg\u00fan Indra, \u00abdifiere de la propuesta\u00bb del Consejo de Administraci\u00f3n a la junta extraordinaria y, por ello, tras la celebraci\u00f3n de la misma, pondr\u00e1 en marcha las \u00abactuaciones necesarias\u00bb para <b>iniciar el proceso de selecci\u00f3n de una nueva consejera independiente<\/b>, \u00abque ser\u00e1 liderado por la Comisi\u00f3n de Nombramientos, Retribuciones y Gobierno Corporativo, con el asesoramiento de una consultora especializada\u00bb.<\/p>\n<p>\u00abFinalizado dicho proceso, se someter\u00e1n a una nueva Junta General de accionistas las propuestas correspondientes para <b>recuperar la representaci\u00f3n de consejeros independientes<\/b> y mujeres propuesta\u00bb, ha a\u00f1adido.<\/p>\n<p>Indra someter\u00e1 al escrutinio de sus accionistas la autorizaci\u00f3n de la compra del 89,68% de Hispasat por 725 millones de euros en una junta extraordinaria, una cita en la que tambi\u00e9n <b>estaba previsto la entrada en el m\u00e1ximo \u00f3rgano de decisi\u00f3n de la empresa a dos nuevas vocales<\/b>, en concreto, M\u00f3nica Helena Espinosa y Mar\u00eda Ar\u00e1nzazu D\u00edaz-Llad\u00f3.<\/p>\n<p>Por un lado, <b>la operaci\u00f3n ya recibi\u00f3 el visto bueno<\/b> de la Comisi\u00f3n Nacional de los Mercados y la Competencia (CNMC), que aprob\u00f3 el movimiento en primera fase y sin condiciones el pasado 12 de noviembre.<\/p>\n<p>WhatsApp<a href=\"https:\/\/api.whatsapp.com\/send?text=https:\/\/www.eleconomista.es\/tecnologia\/noticias\/13664266\/11\/25\/endesa-impide-la-entrada-de-monica-espinosa-como-vocal-independiente-al-consejo-de-indra.html?utm_source%3Dwhatsapp%26utm_medium%3Dshare_button&amp;id=1648118629957_whatsapp\" target=\"_blank\" data-action=\"share\/whatsapp\/share\" aria-label=\"Compartir en Whatsapp\" rel=\"nofollow noopener\"><\/a>Facebook<a id=\"fb-share\" href=\"#\" target=\"_blank\" rel=\"noopener noreferrer\" aria-label=\"Compartir en Facebook\"><\/a>Twitter<a href=\"https:\/\/twitter.com\/share?text=Endesa+impide+la+entrada+de+M%C3%B3nica+Espinosa+como+vocal+independiente+al+consejo+de+Indra&amp;url=https:\/\/www.eleconomista.es\/tecnologia\/noticias\/13664266\/11\/25\/endesa-impide-la-entrada-de-monica-espinosa-como-vocal-independiente-al-consejo-de-indra.html&amp;via=elEconomistaes&amp;id=1648118839245_twitter\" target=\"_blank\" aria-label=\"Compartir en Twitter\" rel=\"nofollow noopener\"><\/a>Linkedin<a href=\"https:\/\/linkedin.com\/share?text=https:\/\/www.eleconomista.es\/tecnologia\/noticias\/13664266\/11\/25\/endesa-impide-la-entrada-de-monica-espinosa-como-vocal-independiente-al-consejo-de-indra.html&amp;via=elEconomistaes\" target=\"_blank\" aria-label=\"Compartir en linkedin\" rel=\"nofollow noopener\"><\/a>Beloud<a href=\"https:\/\/beloud.com\/share?text=Endesa+impide+la+entrada+de+M%C3%B3nica+Espinosa+como+vocal+independiente+al+consejo+de+Indra&amp;url=https:\/\/www.eleconomista.es\/tecnologia\/noticias\/13664266\/11\/25\/endesa-impide-la-entrada-de-monica-espinosa-como-vocal-independiente-al-consejo-de-indra.html&amp;via=elEconomistaes&amp;id=1648118839245_beloud\" target=\"_blank\" aria-label=\"Compartir en beloud\" rel=\"nofollow noopener\"><\/a>Bluesky<a href=\"https:\/\/bsky.app\/intent\/compose?text=https:\/\/bsky.app\/intent\/compose?text=https:\/\/www.eleconomista.es\/tecnologia\/noticias\/13664266\/11\/25\/endesa-impide-la-entrada-de-monica-espinosa-como-vocal-independiente-al-consejo-de-indra.html&amp;url=https:\/\/www.eleconomista.es\/tecnologia\/noticias\/13664266\/11\/25\/endesa-impide-la-entrada-de-monica-espinosa-como-vocal-independiente-al-consejo-de-indra.html&amp;via=elEconomistaes&amp;id=1648118839245_bluesky\" target=\"_blank\" aria-label=\"Compartir en bluesky\" rel=\"nofollow noopener\"><\/a><\/p>\n<p><script async src=\"https:\/\/platform.twitter.com\/widgets.js\" charset=\"utf-8\"><\/script><\/p>\n","protected":false},"excerpt":{"rendered":"M\u00f3nica Helena Espinosa, candidata a consejera independiente de Indra, ha renunciado a entrar en el \u00f3rgano de mayor&hellip;\n","protected":false},"author":2,"featured_media":257868,"comment_status":"","ping_status":"","sticky":false,"template":"","format":"standard","meta":{"footnotes":""},"categories":[80],"tags":[82,95,94,25,24,23,120],"class_list":{"0":"post-257867","1":"post","2":"type-post","3":"status-publish","4":"format-standard","5":"has-post-thumbnail","7":"category-economia","8":"tag-business","9":"tag-economia","10":"tag-economy","11":"tag-es","12":"tag-espana","13":"tag-spain","14":"tag-tecnologia"},"share_on_mastodon":{"url":"https:\/\/pubeurope.com\/@es\/115619479058872741","error":""},"_links":{"self":[{"href":"https:\/\/www.europesays.com\/es\/wp-json\/wp\/v2\/posts\/257867","targetHints":{"allow":["GET"]}}],"collection":[{"href":"https:\/\/www.europesays.com\/es\/wp-json\/wp\/v2\/posts"}],"about":[{"href":"https:\/\/www.europesays.com\/es\/wp-json\/wp\/v2\/types\/post"}],"author":[{"embeddable":true,"href":"https:\/\/www.europesays.com\/es\/wp-json\/wp\/v2\/users\/2"}],"replies":[{"embeddable":true,"href":"https:\/\/www.europesays.com\/es\/wp-json\/wp\/v2\/comments?post=257867"}],"version-history":[{"count":0,"href":"https:\/\/www.europesays.com\/es\/wp-json\/wp\/v2\/posts\/257867\/revisions"}],"wp:featuredmedia":[{"embeddable":true,"href":"https:\/\/www.europesays.com\/es\/wp-json\/wp\/v2\/media\/257868"}],"wp:attachment":[{"href":"https:\/\/www.europesays.com\/es\/wp-json\/wp\/v2\/media?parent=257867"}],"wp:term":[{"taxonomy":"category","embeddable":true,"href":"https:\/\/www.europesays.com\/es\/wp-json\/wp\/v2\/categories?post=257867"},{"taxonomy":"post_tag","embeddable":true,"href":"https:\/\/www.europesays.com\/es\/wp-json\/wp\/v2\/tags?post=257867"}],"curies":[{"name":"wp","href":"https:\/\/api.w.org\/{rel}","templated":true}]}}