{"id":257875,"date":"2025-11-27T03:23:11","date_gmt":"2025-11-27T03:23:11","guid":{"rendered":"https:\/\/www.europesays.com\/es\/257875\/"},"modified":"2025-11-27T03:23:11","modified_gmt":"2025-11-27T03:23:11","slug":"que-tiene-y-cuando-vuelve-con-el-barca","status":"publish","type":"post","link":"https:\/\/www.europesays.com\/es\/257875\/","title":{"rendered":"qu\u00e9 tiene y cu\u00e1ndo vuelve con el Bar\u00e7a"},"content":{"rendered":"<p>El argentino sufre una lesi\u00f3n muscular un mes despu\u00e9s de volver a las pistas<\/p>\n<p>El Bar\u00e7a recibi\u00f3 un golpe inesperado antes de su visita al ASVEL, en la que cerraba la jornada 13 de la Euroliga antes del par\u00f3n por las Ventanas FIBA. Justo antes del encuentro, el club anunci\u00f3 una <strong>nueva lesi\u00f3n de Nico Laprovittola<\/strong>, que vuelve a la enfermer\u00eda apenas unas semanas despu\u00e9s de haber regresado a las pistas.<\/p>\n<p>A continuaci\u00f3n, <a href=\"https:\/\/www.gigantes.com\/\" rel=\"nofollow noopener\" target=\"_blank\">Gigantes del Basket<\/a> te ofrece toda la informaci\u00f3n actualizada sobre la baja de Nico Laprovittola, su estado f\u00edsico y los plazos previstos para su vuelta a las pistas.<\/p>\n<p>Qu\u00e9 lesi\u00f3n tiene Nico Laprovittola y por qu\u00e9 no juega con el Bar\u00e7a<\/p>\n<p>Seg\u00fan el comunicado del club, Laprovittola sufre una <strong>lesi\u00f3n en el m\u00fasculo aductor<\/strong> del muslo derecho. Se trata de una zona que ya ha condicionado su temporada, y que vuelve a requerir un proceso espec\u00edfico de recuperaci\u00f3n para evitar reca\u00eddas.<\/p>\n<p>Cu\u00e1ndo volver\u00e1 Nico Laprovittola con el Bar\u00e7a<\/p>\n<p>El argentino, que ya se hab\u00eda perdido once partidos esta temporada tras superar una <a href=\"https:\/\/www.gigantes.com\/liga-endesa\/lesion-laprovittola-baja\/\" rel=\"nofollow noopener\" target=\"_blank\">rotura del ligamento cruzado anterior<\/a>, afronta ahora otro contratiempo f\u00edsico que lo mantendr\u00e1 alejado de la competici\u00f3n durante aproximadamente un mes.<\/p>\n<p>En noviembre hab\u00eda disputado siete partidos y parec\u00eda estar recuperando sensaciones. No es una situaci\u00f3n nueva: <strong>ya en octubre sufri\u00f3 una lesi\u00f3n en el aductor del muslo izquierdo<\/strong> durante el tramo final del duelo ante Panathinaikos en Atenas, un problema que le oblig\u00f3 a ausentarse durante un mes y perderse esos once compromisos. Ahora, el diagn\u00f3stico vuelve a se\u00f1alar la misma zona muscular, aunque esta vez en la pierna derecha.<\/p>\n<p>El club ha fijado un plazo aproximado de cuatro semanas para su recuperaci\u00f3n. Esta estimaci\u00f3n, sin embargo, podr\u00eda variar en funci\u00f3n de c\u00f3mo evolucione la musculatura del jugador durante las pr\u00f3ximas dos semanas de trabajo individual.<\/p>\n<p>El <strong>par\u00f3n por las <a href=\"https:\/\/www.gigantes.com\/selecciones\/asi-sera-la-ventana-fiba-de-noviembre-para-la-seleccion-espanola-masculina\/\" rel=\"nofollow noopener\" target=\"_blank\">Ventanas FIBA<\/a><\/strong> ofrece cierto margen: al no haber Euroliga hasta finales de mes, el argentino contar\u00e1 con nueve d\u00edas adicionales para avanzar en su tratamiento sin la presi\u00f3n inmediata del calendario. El Bar\u00e7a evaluar\u00e1 su progreso antes de reincorporarlo a los entrenamientos y, como es habitual en lesiones musculares, no habr\u00e1 un regreso hasta que las sensaciones sean completamente positivas.<\/p>\n<p>A falta de una fecha exacta, la previsi\u00f3n m\u00e1s optimista sit\u00faa su vuelta para finales de diciembre o principios de enero.<\/p>\n<p>El calendario del Bar\u00e7a en diciembre<\/p>\n<ul class=\"wp-block-list\">\n<li>05 de diciembre: vs. Estrella Roja \u2013 Euroliga<\/li>\n<li>07 de diciembre: vs. MoraBanc Andorra \u2013 Liga Endesa<\/li>\n<li>12 de diciembre: vs. Olympiacos \u2013 Euroliga<\/li>\n<li>14 de diciembre: vs. BAXI Manresa \u2013 Liga Endesa<\/li>\n<li>16 de diciembre: vs. Paris Basketball \u2013 Euroliga<\/li>\n<li>19 de diciembre: vs. Baskonia \u2013 Euroliga<\/li>\n<li>21 de diciembre: vs. Joventut Badalona \u2013 Liga Endesa<\/li>\n<li>23 de diciembre: vs. Fenerbah\u00e7e \u2013 Euroliga<\/li>\n<li>28 de diciembre: vs. Surne Bilbao \u2013 Liga Endesa<\/li>\n<li>30 de diciembre: vs. AS M\u00f3naco \u2013 Euroliga<\/li>\n<\/ul>\n<p><img decoding=\"async\" src=\"https:\/\/www.europesays.com\/es\/wp-content\/uploads\/2025\/11\/1764213789_516_mtracking.gif\" alt=\"Etiquetas de Mautic\" style=\"display:none;\"\/><\/p>\n<p>\t\t\t\t\t\t<a href=\"https:\/\/www.gigantes.com\/tienda\/hemeroteca\/especial-40-aniversario-gigantes-del-basket-no-1-562-noviembre-2025\/\" target=\"_blank\" rel=\"noopener nofollow\"><br \/>\n\t\t\t\t\t\t\t<img decoding=\"async\" src=\"https:\/\/www.europesays.com\/es\/wp-content\/uploads\/2025\/11\/cropped-40.jpg\" alt=\"cropped-40.jpg\"\/><br \/>\n\t\t\t\t\t\t<\/a><\/p>\n<p class=\"magazine-meta\">\n\t\t\t\t\t\t\t\t\t\t\t\t\t\t\t\t\t1562<br \/>\n\t\t\t\t\t\t\t\t\t\t\t\t\t\t\t\t\t\t\t\t\t\t\t\t\t |<br \/>\n\t\t\t\t\t\t\t\t\t\t\t\t\t\t\t\t\t\t\t\t\t\t\t\t\tNoviembre 2025\n\t\t\t\t\t\t\t\t\t\t\t\t\t\t\t<\/p>\n<p class=\"magazine-description\">Testigos del baloncesto. Cumplimos 40 a\u00f1os. Una edici\u00f3n diferente, llena de curiosidades, opiniones, gui\u00f1os, historia y cari\u00f1o. Cuatro d\u00e9cadas fusionando basket y papel.<\/p>\n<p>\t\t\t\t\t<a href=\"https:\/\/www.gigantes.com\/tienda\/hemeroteca\/especial-40-aniversario-gigantes-del-basket-no-1-562-noviembre-2025\/\" class=\"btn-primary\" target=\"_blank\" rel=\"noopener nofollow\">Comprar<\/a><\/p>\n","protected":false},"excerpt":{"rendered":"El argentino sufre una lesi\u00f3n muscular un mes despu\u00e9s de volver a las pistas El Bar\u00e7a recibi\u00f3 un&hellip;\n","protected":false},"author":2,"featured_media":257876,"comment_status":"","ping_status":"","sticky":false,"template":"","format":"standard","meta":{"footnotes":""},"categories":[269],"tags":[299,298,168,25,24,23,167],"class_list":{"0":"post-257875","1":"post","2":"type-post","3":"status-publish","4":"format-standard","5":"has-post-thumbnail","7":"category-baloncesto","8":"tag-baloncesto","9":"tag-basketball","10":"tag-deportes","11":"tag-es","12":"tag-espana","13":"tag-spain","14":"tag-sports"},"share_on_mastodon":{"url":"https:\/\/pubeurope.com\/@es\/115619522790210902","error":""},"_links":{"self":[{"href":"https:\/\/www.europesays.com\/es\/wp-json\/wp\/v2\/posts\/257875","targetHints":{"allow":["GET"]}}],"collection":[{"href":"https:\/\/www.europesays.com\/es\/wp-json\/wp\/v2\/posts"}],"about":[{"href":"https:\/\/www.europesays.com\/es\/wp-json\/wp\/v2\/types\/post"}],"author":[{"embeddable":true,"href":"https:\/\/www.europesays.com\/es\/wp-json\/wp\/v2\/users\/2"}],"replies":[{"embeddable":true,"href":"https:\/\/www.europesays.com\/es\/wp-json\/wp\/v2\/comments?post=257875"}],"version-history":[{"count":0,"href":"https:\/\/www.europesays.com\/es\/wp-json\/wp\/v2\/posts\/257875\/revisions"}],"wp:featuredmedia":[{"embeddable":true,"href":"https:\/\/www.europesays.com\/es\/wp-json\/wp\/v2\/media\/257876"}],"wp:attachment":[{"href":"https:\/\/www.europesays.com\/es\/wp-json\/wp\/v2\/media?parent=257875"}],"wp:term":[{"taxonomy":"category","embeddable":true,"href":"https:\/\/www.europesays.com\/es\/wp-json\/wp\/v2\/categories?post=257875"},{"taxonomy":"post_tag","embeddable":true,"href":"https:\/\/www.europesays.com\/es\/wp-json\/wp\/v2\/tags?post=257875"}],"curies":[{"name":"wp","href":"https:\/\/api.w.org\/{rel}","templated":true}]}}