{"id":25788,"date":"2025-08-04T20:32:09","date_gmt":"2025-08-04T20:32:09","guid":{"rendered":"https:\/\/www.europesays.com\/es\/25788\/"},"modified":"2025-08-04T20:32:09","modified_gmt":"2025-08-04T20:32:09","slug":"el-rocasa-pasa-pruebas-en-el-san-roque","status":"publish","type":"post","link":"https:\/\/www.europesays.com\/es\/25788\/","title":{"rendered":"El Rocasa pasa pruebas en el San Roque"},"content":{"rendered":"<p class=\"v-mdl-ath__p v-mdl-ath__p--6\">\nLunes, 4 de agosto 2025, 21:07<\/p>\n<p class=\"v-p\">Por segundo a\u00f1o consecutivo, las jugadoras de la primera plantilla del <strong>Rocasa Gran Canaria<\/strong> visitaron las instalaciones de <strong>Hospitales Universitarios San Roque (HUSR)<\/strong> para someterse a las pertinentes <strong>pruebas m\u00e9dicas<\/strong> antes del comienzo de la temporada oficial.<\/p>\n<p class=\"v-p\">El Rocasa Gran Canaria y Hospitales Universitarios San Roque (HUSR) consolidan, de esta manera, <strong>una alianza estrat\u00e9gica que une salud y alto rendimiento deportivo<\/strong> bajo la supervisi\u00f3n de un equipo multidisciplinar especializado en medicina deportiva, compuesto por profesiona-les de cardiolog\u00eda, medicina general, medicina deportiva, enfermer\u00eda y otras especialidades.<\/p>\n<p class=\"v-p\">Las revisiones incluyeron an\u00e1lisis de sangre y orina, pruebas de antro-pometr\u00eda, electrocardiograma, pruebas de esfuerzo y ecocardiograf\u00edas, entre otras, para valorar el estado f\u00edsico de las jugadoras de cara a la exigente temporada que van a afrontar.<\/p>\n<p><img decoding=\"async\" loading=\"lazy\" src=\"https:\/\/www.europesays.com\/es\/wp-content\/uploads\/2025\/08\/rocasa2-kYRE--650x975@Canarias7.jpg\" class=\"v-a-img\" width=\"650\" height=\"975\" alt=\"\" data-voc-vtm-id=\"in-text-traffic\"\/><\/p>\n<p class=\"v-p\">La doctora Bordes, cardi\u00f3loga responsable de las pruebas, explic\u00f3 que \u00abel objetivo de estos chequeos tan exhaustivos es el de tratar de identificar cualquier factor de riesgo que ponga en peligro la salud de las deportistas\u00bb, y a\u00f1adi\u00f3 que <strong>\u00ablos resultados de las pruebas han sido satisfactorios y el estado de salud de la plantilla es \u00f3ptimo\u00bb.<\/strong><\/p>\n<p><a href=\"http:\/\/www.canarias7.es\/deportes\/mas-deportes\/nuevo-rocasa-gran-canaria-ilusiona-puesta-escena-20250728214529-nt.html#vtm_modulosEngag=mod-rel:deportes:noticia:1:cmp:1-not\" class=\"v-a-link\" aria-label=\"Imagen\" rel=\"nofollow noopener\" target=\"_blank\"><\/p>\n<p><img decoding=\"async\" loading=\"lazy\" src=\"https:\/\/www.europesays.com\/es\/wp-content\/uploads\/2025\/08\/equipo-kMiE--366x256@Canarias7.jpg\" class=\"v-a-img\" width=\"258\" height=\"180\" alt=\"\" data-voc-vtm-id=\"in-text-traffic\"\/><\/p>\n<p><\/a><\/p>\n<p class=\"v-p\">Lourdes Guerra, una de las capitanas del Rocasa Gran Canaria, habl\u00f3 de la importancia de unas revisiones \u00abfundamentales en esta parte de la temporada para poder determinar que estamos en condiciones de realizar el es-fuerzo que requiere esta fase inicial del trabajo individual y con el grupo\u00bb.<\/p>\n<p>Comenta<\/p>\n<p>Reporta un error<\/p>\n","protected":false},"excerpt":{"rendered":"Lunes, 4 de agosto 2025, 21:07 Por segundo a\u00f1o consecutivo, las jugadoras de la primera plantilla del Rocasa&hellip;\n","protected":false},"author":2,"featured_media":25789,"comment_status":"","ping_status":"","sticky":false,"template":"","format":"standard","meta":{"footnotes":""},"categories":[278],"tags":[376,168,25,24,375,14344,4493,23,167],"class_list":{"0":"post-25788","1":"post","2":"type-post","3":"status-publish","4":"format-standard","5":"has-post-thumbnail","7":"category-balonmano","8":"tag-balonmano","9":"tag-deportes","10":"tag-es","11":"tag-espana","12":"tag-handball","13":"tag-pruebas-medicas","14":"tag-rocasa","15":"tag-spain","16":"tag-sports"},"share_on_mastodon":{"url":"","error":""},"_links":{"self":[{"href":"https:\/\/www.europesays.com\/es\/wp-json\/wp\/v2\/posts\/25788","targetHints":{"allow":["GET"]}}],"collection":[{"href":"https:\/\/www.europesays.com\/es\/wp-json\/wp\/v2\/posts"}],"about":[{"href":"https:\/\/www.europesays.com\/es\/wp-json\/wp\/v2\/types\/post"}],"author":[{"embeddable":true,"href":"https:\/\/www.europesays.com\/es\/wp-json\/wp\/v2\/users\/2"}],"replies":[{"embeddable":true,"href":"https:\/\/www.europesays.com\/es\/wp-json\/wp\/v2\/comments?post=25788"}],"version-history":[{"count":0,"href":"https:\/\/www.europesays.com\/es\/wp-json\/wp\/v2\/posts\/25788\/revisions"}],"wp:featuredmedia":[{"embeddable":true,"href":"https:\/\/www.europesays.com\/es\/wp-json\/wp\/v2\/media\/25789"}],"wp:attachment":[{"href":"https:\/\/www.europesays.com\/es\/wp-json\/wp\/v2\/media?parent=25788"}],"wp:term":[{"taxonomy":"category","embeddable":true,"href":"https:\/\/www.europesays.com\/es\/wp-json\/wp\/v2\/categories?post=25788"},{"taxonomy":"post_tag","embeddable":true,"href":"https:\/\/www.europesays.com\/es\/wp-json\/wp\/v2\/tags?post=25788"}],"curies":[{"name":"wp","href":"https:\/\/api.w.org\/{rel}","templated":true}]}}