{"id":257881,"date":"2025-11-27T03:30:26","date_gmt":"2025-11-27T03:30:26","guid":{"rendered":"https:\/\/www.europesays.com\/es\/257881\/"},"modified":"2025-11-27T03:30:26","modified_gmt":"2025-11-27T03:30:26","slug":"los-guardianes-del-puerto-de-pandetrave-llega-hasta-el-medio-rural-de-burgos","status":"publish","type":"post","link":"https:\/\/www.europesays.com\/es\/257881\/","title":{"rendered":"&#8216;Los guardianes del puerto de Pandetrave&#8217; llega hasta el medio rural de Burgos"},"content":{"rendered":"<p><a class=\"v-mdl-ath__fig-a\" href=\"https:\/\/www.burgosconecta.es\/autor\/burgosconecta-2120.html\" title=\"BURGOSconecta\" rel=\"nofollow noopener\" target=\"_blank\"><br \/>\n<img decoding=\"async\" class=\"v-mdl-ath__img\" src=\"https:\/\/www.europesays.com\/es\/wp-content\/uploads\/2025\/08\/autor-2120-foto-2.jpeg\" alt=\"BURGOSconecta\"\/><br \/>\n<\/a><\/p>\n<p class=\"v-mdl-ath__p v-mdl-ath__p--6\">\nMi\u00e9rcoles, 26 de noviembre 2025, 12:22<\/p>\n<p class=\"v-p\">La Asociaci\u00f3n Meseta Cine presentar\u00e1 este s\u00e1bado, 29 de noviembre, su primer documental, &#8216;Los guardianes del puerto de Pandetrave&#8217;, en CineRuelo, en la localidad burgalesa de Cilleruelo de Abajo. A lo largo de sus 40 minutos de duraci\u00f3n, el documental, dirigido y filmado por el fotoperiodista Jorge Contreras Soto, invita a seguir de cerca a los pastores cacere\u00f1os Jos\u00e9 Morgado y Jos\u00e9 Rodr\u00edguez, dos hombres que llevan toda una vida dedicada al pastoreo y que representan una forma de vivir que est\u00e1 desapareciendo: la trashumancia. Su experiencia, sus gestos y su manera de relacionarse con el entorno natural son el hilo conductor de un relato que reivindica el conocimiento y la memoria viva del campo.<\/p>\n<p class=\"v-p\">El film ha sido grabado durante dos a\u00f1os en distintas localizaciones del Puerto de Pandetrave, en la provincia de Le\u00f3n. Durante ese tiempo, Jorge Contreras acompa\u00f1\u00f3 a los pastores en sus jornadas estivales, registrando la dureza del d\u00eda a d\u00eda, los silencios de la monta\u00f1a, las inclemencias del clima, las madrugadas, los cuidados del reba\u00f1o y sus quehaceres diarios.<\/p>\n<p class=\"v-p\">El documental muestra tambi\u00e9n la serenidad, la fortaleza y la sabidur\u00eda de quienes han aprendido a convivir con el paisaje, entendiendo el pastoreo no solo como un oficio, sino como una forma de vida profundamente ligada a la tierra.<\/p>\n<p class=\"v-p\">Con este trabajo, la Asociaci\u00f3n Meseta Cine busca acercar al espectador a la parte m\u00e1s \u00edntima, humana y real del pastoreo y de la trashumancia, as\u00ed como visibilizar un oficio en riesgo de desaparici\u00f3n y reivindicar su importancia para los ecosistemas, las tradiciones y la identidad cultural del mundo rural.<\/p>\n<p class=\"v-p\">La edici\u00f3n del documental ha sido realizada por Jos\u00e9 Soto P\u00e9rez, quien ha construido un relato honesto, cercano y profundamente visual, capaz de sumergir al espectador en la atm\u00f3sfera de los puertos de verano y transmitir la esencia de un oficio que resiste al paso del tiempo.<\/p>\n<p>Reporta un error<\/p>\n","protected":false},"excerpt":{"rendered":"Mi\u00e9rcoles, 26 de noviembre 2025, 12:22 La Asociaci\u00f3n Meseta Cine presentar\u00e1 este s\u00e1bado, 29 de noviembre, su primer&hellip;\n","protected":false},"author":2,"featured_media":257882,"comment_status":"","ping_status":"","sticky":false,"template":"","format":"standard","meta":{"footnotes":""},"categories":[169],"tags":[623,177,146,147,25,24,176,36586,5012,697,175,64694,4032,2241,23],"class_list":{"0":"post-257881","1":"post","2":"type-post","3":"status-publish","4":"format-standard","5":"has-post-thumbnail","7":"category-cine","8":"tag-burgos","9":"tag-cine","10":"tag-entertainment","11":"tag-entretenimiento","12":"tag-es","13":"tag-espana","14":"tag-film","15":"tag-guardianes","16":"tag-llega","17":"tag-medio","18":"tag-movies","19":"tag-pandetrave","20":"tag-puerto","21":"tag-rural","22":"tag-spain"},"share_on_mastodon":{"url":"https:\/\/pubeurope.com\/@es\/115619550291277082","error":""},"_links":{"self":[{"href":"https:\/\/www.europesays.com\/es\/wp-json\/wp\/v2\/posts\/257881","targetHints":{"allow":["GET"]}}],"collection":[{"href":"https:\/\/www.europesays.com\/es\/wp-json\/wp\/v2\/posts"}],"about":[{"href":"https:\/\/www.europesays.com\/es\/wp-json\/wp\/v2\/types\/post"}],"author":[{"embeddable":true,"href":"https:\/\/www.europesays.com\/es\/wp-json\/wp\/v2\/users\/2"}],"replies":[{"embeddable":true,"href":"https:\/\/www.europesays.com\/es\/wp-json\/wp\/v2\/comments?post=257881"}],"version-history":[{"count":0,"href":"https:\/\/www.europesays.com\/es\/wp-json\/wp\/v2\/posts\/257881\/revisions"}],"wp:featuredmedia":[{"embeddable":true,"href":"https:\/\/www.europesays.com\/es\/wp-json\/wp\/v2\/media\/257882"}],"wp:attachment":[{"href":"https:\/\/www.europesays.com\/es\/wp-json\/wp\/v2\/media?parent=257881"}],"wp:term":[{"taxonomy":"category","embeddable":true,"href":"https:\/\/www.europesays.com\/es\/wp-json\/wp\/v2\/categories?post=257881"},{"taxonomy":"post_tag","embeddable":true,"href":"https:\/\/www.europesays.com\/es\/wp-json\/wp\/v2\/tags?post=257881"}],"curies":[{"name":"wp","href":"https:\/\/api.w.org\/{rel}","templated":true}]}}