{"id":257887,"date":"2025-11-27T03:36:12","date_gmt":"2025-11-27T03:36:12","guid":{"rendered":"https:\/\/www.europesays.com\/es\/257887\/"},"modified":"2025-11-27T03:36:12","modified_gmt":"2025-11-27T03:36:12","slug":"trump-denuncia-como-acto-de-terror-el-tiroteo-contra-dos-guardias-nacionales-en-washington","status":"publish","type":"post","link":"https:\/\/www.europesays.com\/es\/257887\/","title":{"rendered":"Trump denuncia como \u00abacto de terror\u00bb el tiroteo contra dos guardias nacionales en Washington"},"content":{"rendered":"<p>    <img src=\"https:\/\/www.europesays.com\/es\/wp-content\/uploads\/2025\/11\/2025-11-27T033A023A37Z-90516643.jpg\" width=\"1024\" height=\"682\" alt=\"\" loading=\"eager\" decoding=\"sync\" fetchpriority=\"high\"\/><\/p>\n<p>            afp_tickers        <\/p>\n<p>        Este contenido fue publicado en    <\/p>\n<p>        27 noviembre 2025 &#8211; 04:02\n<\/p>\n<p>Dos miembros de la Guardia Nacional fueron baleados este mi\u00e9rcoles en Washington, cerca de la Casa Blanca, y se encuentran en \u00abestado cr\u00edtico\u00bb, un hecho que el presidente Donald Trump denunci\u00f3 como un \u00abacto de terror\u00bb en la capital estadounidense.\u00a0<\/p>\n<p>El director del FBI, Kash Patel, inform\u00f3 que los dos guardias resultaron heridos de gravedad, al aclarar versiones erradas que anteriormente los hab\u00edan reportado como fallecidos.<\/p>\n<p>\u00abDos de nuestros valientes miembros de la Guardia Nacional fueron atacados en un espantoso acto de violencia. Recibieron disparos. Se encuentran en estado cr\u00edtico\u00bb, declar\u00f3 Patel en una conferencia de prensa.<\/p>\n<p>El atacante es un migrante afgano que lleg\u00f3 a Estados Unidos en 2021, inform\u00f3 Trump desde Florida, donde celebra el D\u00eda de Acci\u00f3n de Gracias.<\/p>\n<p>\u00abEl sospechoso detenido es un extranjero que entr\u00f3 a nuestro pa\u00eds desde Afganist\u00e1n\u00bb, refiri\u00f3 el mandatario que calific\u00f3 el hecho como \u00abun acto de maldad, un acto de odio y un acto de terror\u00bb.<\/p>\n<p>Se trata del incidente m\u00e1s grave con la Guardia Nacional desde que Trump comenz\u00f3 a enviar tropas a las calles de varias ciudades gobernadas por dem\u00f3cratas poco despu\u00e9s de comenzar su segundo mandato en enero.<\/p>\n<p>El secretario de Defensa, Pete Hegseth, anunci\u00f3 durante una visita a Rep\u00fablica Dominicana que desplegar\u00e1 500 militares adicionales en Washington.\u00a0<\/p>\n<p>El env\u00edo de estas tropas elevar\u00e1 a m\u00e1s de 2.500 los agentes de la Guardia Nacional desplegados en la ciudad.\u00a0<\/p>\n<p>\u00abEsto solo fortalecer\u00e1 nuestra determinaci\u00f3n de garantizar que hagamos de Washington, DC (una ciudad) segura y hermosa\u00bb, dijo Hegseth.\u00a0<\/p>\n<p>Seg\u00fan la alcaldesa Muriel Bowser, se trat\u00f3 de un \u00abtiroteo dirigido\u00bb contra los guardias.\u00a0<\/p>\n<p>Periodistas de la AFP vieron, a dos calles de la Casa Blanca, a una persona vestida de uniforme militar siendo evacuada en una camilla.\u00a0<\/p>\n<p>Tres personas v\u00edctimas de disparos de arma de fuego fueron atendidas por unidades de emergencia, informaron a la AFP los servicios de rescate de la ciudad.<\/p>\n<p>\u00abEscuchamos disparos. Est\u00e1bamos esperando en el sem\u00e1foro en rojo y hubo varios disparos\u00bb, relat\u00f3 a la AFP Angela Perry, una agente de seguridad de 42 a\u00f1os que estaba en su auto con sus dos hijos.\u00a0<\/p>\n<p>\u00abSe pod\u00eda ver a miembros de la Guardia Nacional corriendo hacia el metro, armas en mano\u00bb, agreg\u00f3 Perry.<\/p>\n<p>\u2013 Per\u00edmetro cerrado \u2013<\/p>\n<p>El tiroteo se produjo en la estaci\u00f3n de metro Farragut West a dos cuadras de la Casa Blanca a principios de la tarde, cuando se colman las calles y negocios aleda\u00f1os.<\/p>\n<p>Jeffrey Carroll, jefe adjunto de la polic\u00eda de Washington, dijo que el atacante \u00abembosc\u00f3\u00bb a sus v\u00edctimas.<\/p>\n<p>\u00abDobl\u00f3 la esquina, levant\u00f3 su brazo con un arma de fuego y dispar\u00f3 a los miembros de la Guardia Nacional\u00bb, detall\u00f3.<\/p>\n<p>\u00abFue r\u00e1pidamente detenido por otros miembros de la Guardia Nacional y fuerzas del orden\u00bb, agreg\u00f3.\u00a0<\/p>\n<p>Un reportero de la AFP cerca de la escena escuch\u00f3 varias detonaciones y vio personas corriendo. Decenas de transe\u00fantes quedaron atrapados en el caos.\u00a0<\/p>\n<p>La zona fue cerrada y decenas de veh\u00edculos de polic\u00eda y otras fuerzas de seguridad locales y nacionales fueron enviados al lugar.<\/p>\n<p>Militares de la Guardia Nacional est\u00e1n desplegados, a petici\u00f3n del presidente Trump, desde agosto en la capital estadounidense.<\/p>\n<p>El gobierno del distrito acusa al Ejecutivo federal de exceder sus poderes.<\/p>\n<p>Desde junio, el presidente republicano ha enviado a la Guardia Nacional sucesivamente a Los \u00c1ngeles (oeste), Washington y Memphis (sur), en contra de la opini\u00f3n de las autoridades locales dem\u00f3cratas.<\/p>\n<p>Alega que estos despliegues son necesarios para combatir la delincuencia y apoyar al ICE, el organismo federal que es punta de lanza de la pol\u00edtica antinmigraci\u00f3n de Trump.<\/p>\n<p>bur-sms-aue-ube\/ev\/mr\/nn\/atm<\/p>\n","protected":false},"excerpt":{"rendered":"afp_tickers Este contenido fue publicado en 27 noviembre 2025 &#8211; 04:02 Dos miembros de la Guardia Nacional fueron&hellip;\n","protected":false},"author":2,"featured_media":257888,"comment_status":"","ping_status":"","sticky":false,"template":"","format":"standard","meta":{"footnotes":""},"categories":[42],"tags":[17,18,11892,11643,13,14,4437,11,61,62,63,64,19,20,7657,26533,9,10,15,16,88,26534,90,12,21,22,65,66,67],"class_list":{"0":"post-257887","1":"post","2":"type-post","3":"status-publish","4":"format-standard","5":"has-post-thumbnail","7":"category-internacional","8":"tag-breaking-news","9":"tag-breakingnews","10":"tag-crime","11":"tag-defence","12":"tag-featured-news","13":"tag-featurednews","14":"tag-government","15":"tag-headlines","16":"tag-internacional","17":"tag-international","18":"tag-international-news","19":"tag-internationalnews","20":"tag-latest-news","21":"tag-latestnews","22":"tag-law-and-order","23":"tag-national-security","24":"tag-news","25":"tag-noticias","26":"tag-noticias-destacadas","27":"tag-noticiasdestacadas","28":"tag-politics","29":"tag-security-measures","30":"tag-ticker","31":"tag-titulares","32":"tag-ultimas-noticias","33":"tag-ultimasnoticias","34":"tag-world","35":"tag-world-news","36":"tag-worldnews"},"share_on_mastodon":{"url":"https:\/\/pubeurope.com\/@es\/115619574176165268","error":""},"_links":{"self":[{"href":"https:\/\/www.europesays.com\/es\/wp-json\/wp\/v2\/posts\/257887","targetHints":{"allow":["GET"]}}],"collection":[{"href":"https:\/\/www.europesays.com\/es\/wp-json\/wp\/v2\/posts"}],"about":[{"href":"https:\/\/www.europesays.com\/es\/wp-json\/wp\/v2\/types\/post"}],"author":[{"embeddable":true,"href":"https:\/\/www.europesays.com\/es\/wp-json\/wp\/v2\/users\/2"}],"replies":[{"embeddable":true,"href":"https:\/\/www.europesays.com\/es\/wp-json\/wp\/v2\/comments?post=257887"}],"version-history":[{"count":0,"href":"https:\/\/www.europesays.com\/es\/wp-json\/wp\/v2\/posts\/257887\/revisions"}],"wp:featuredmedia":[{"embeddable":true,"href":"https:\/\/www.europesays.com\/es\/wp-json\/wp\/v2\/media\/257888"}],"wp:attachment":[{"href":"https:\/\/www.europesays.com\/es\/wp-json\/wp\/v2\/media?parent=257887"}],"wp:term":[{"taxonomy":"category","embeddable":true,"href":"https:\/\/www.europesays.com\/es\/wp-json\/wp\/v2\/categories?post=257887"},{"taxonomy":"post_tag","embeddable":true,"href":"https:\/\/www.europesays.com\/es\/wp-json\/wp\/v2\/tags?post=257887"}],"curies":[{"name":"wp","href":"https:\/\/api.w.org\/{rel}","templated":true}]}}